{"id":9437,"date":"2016-01-02T11:57:50","date_gmt":"2016-01-02T10:57:50","guid":{"rendered":"https:\/\/www.barsch-alarm.de\/news\/?p=9437"},"modified":"2016-01-02T11:57:50","modified_gmt":"2016-01-02T10:57:50","slug":"das-erste-mal-am-ebro","status":"publish","type":"post","link":"https:\/\/www.barsch-alarm.de\/news\/das-erste-mal-am-ebro\/","title":{"rendered":"Das erste Mal am Ebro"},"content":{"rendered":"<p><iframe loading=\"lazy\" width=\"500\" height=\"281\" src=\"https:\/\/www.youtube.com\/embed\/SRoAYwWc4Qg?feature=oembed\" frameborder=\"0\" allowfullscreen><\/iframe><\/p>\n<p>Wie Kollege Immergr\u00fcn herausgefunden hat, war der Sebastian H\u00e4nel nur eine Woche vor uns (also den Teilnehmern an der Barsch-Alarmer-Spanien-Exkursion) da unten, um sich zum ersten Mal mit den spanischen Zander anzulegen. Er hat auch direkt ein paar Fische gefangen. Quasi mit dem ersten Wurf kam z.B. ein Waller. Auf den Kauli, die Zanderkant-Rute und mit der eigenen Schnur.<\/p>\n","protected":false},"excerpt":{"rendered":"<p>Wie Kollege Immergr\u00fcn herausgefunden hat, war der Sebastian H\u00e4nel nur eine Woche vor uns (also den Teilnehmern an der Barsch-Alarmer-Spanien-Exkursion) da unten, um sich zum ersten Mal mit den spanischen Zander anzulegen. Er hat auch direkt ein paar Fische gefangen. Quasi mit dem ersten Wurf kam z.B. ein Waller. Auf den Kauli, die Zanderkant-Rute und &hellip; <\/p>\n<p class=\"link-more\"><a href=\"https:\/\/www.barsch-alarm.de\/news\/das-erste-mal-am-ebro\/\" class=\"more-link\">Read more\u2026<\/a><\/p>\n","protected":false},"author":5,"featured_media":9439,"comment_status":"open","ping_status":"open","sticky":false,"template":"","format":"standard","meta":[],"categories":[1801],"tags":[1153,155,2152],"featured_image_urls":{"full":["https:\/\/www.barsch-alarm.de\/news\/wp-content\/uploads\/2016\/01\/das-erste-mal-am-ebro.jpg",1549,1037,false],"thumbnail":["https:\/\/www.barsch-alarm.de\/news\/wp-content\/uploads\/2016\/01\/das-erste-mal-am-ebro-326x218.jpg",326,218,true],"medium":["https:\/\/www.barsch-alarm.de\/news\/wp-content\/uploads\/2016\/01\/das-erste-mal-am-ebro-326x218.jpg",326,218,true],"medium_large":["https:\/\/www.barsch-alarm.de\/news\/wp-content\/uploads\/2016\/01\/das-erste-mal-am-ebro-768x514.jpg",768,514,true],"large":["https:\/\/www.barsch-alarm.de\/news\/wp-content\/uploads\/2016\/01\/das-erste-mal-am-ebro-678x454.jpg",523,350,true],"1536x1536":["https:\/\/www.barsch-alarm.de\/news\/wp-content\/uploads\/2016\/01\/das-erste-mal-am-ebro.jpg",1536,1028,false],"2048x2048":["https:\/\/www.barsch-alarm.de\/news\/wp-content\/uploads\/2016\/01\/das-erste-mal-am-ebro.jpg",1549,1037,false],"thxpress-featured-image":["https:\/\/www.barsch-alarm.de\/news\/wp-content\/uploads\/2016\/01\/das-erste-mal-am-ebro.jpg",1549,1037,false],"400x250-crop":["https:\/\/www.barsch-alarm.de\/news\/wp-content\/uploads\/2016\/01\/das-erste-mal-am-ebro.jpg",373,250,false]},"post_excerpt_stackable":"<p>Wie Kollege Immergr\u00fcn herausgefunden hat, war der Sebastian H\u00e4nel nur eine Woche vor uns (also den Teilnehmern an der Barsch-Alarmer-Spanien-Exkursion) da unten, um sich zum ersten Mal mit den spanischen Zander anzulegen. Er hat auch direkt ein paar Fische gefangen. Quasi mit dem ersten Wurf kam z.B. ein Waller. Auf den Kauli, die Zanderkant-Rute und mit der eigenen Schnur.<\/p>\n","category_list":"<a href=\"https:\/\/www.barsch-alarm.de\/news\/category\/ba-flashlights\/\" rel=\"category tag\">BA-Flashlights<\/a>","author_info":{"name":"dietel","url":"https:\/\/www.barsch-alarm.de\/news\/author\/dietel\/"},"comments_num":"1 Kommentar","featured_image_urls_v2":{"full":["https:\/\/www.barsch-alarm.de\/news\/wp-content\/uploads\/2016\/01\/das-erste-mal-am-ebro.jpg",1549,1037,false],"thumbnail":["https:\/\/www.barsch-alarm.de\/news\/wp-content\/uploads\/2016\/01\/das-erste-mal-am-ebro-326x218.jpg",326,218,true],"medium":["https:\/\/www.barsch-alarm.de\/news\/wp-content\/uploads\/2016\/01\/das-erste-mal-am-ebro-326x218.jpg",326,218,true],"medium_large":["https:\/\/www.barsch-alarm.de\/news\/wp-content\/uploads\/2016\/01\/das-erste-mal-am-ebro-768x514.jpg",768,514,true],"large":["https:\/\/www.barsch-alarm.de\/news\/wp-content\/uploads\/2016\/01\/das-erste-mal-am-ebro-678x454.jpg",523,350,true],"1536x1536":["https:\/\/www.barsch-alarm.de\/news\/wp-content\/uploads\/2016\/01\/das-erste-mal-am-ebro.jpg",1536,1028,false],"2048x2048":["https:\/\/www.barsch-alarm.de\/news\/wp-content\/uploads\/2016\/01\/das-erste-mal-am-ebro.jpg",1549,1037,false],"thxpress-featured-image":["https:\/\/www.barsch-alarm.de\/news\/wp-content\/uploads\/2016\/01\/das-erste-mal-am-ebro.jpg",1549,1037,false],"400x250-crop":["https:\/\/www.barsch-alarm.de\/news\/wp-content\/uploads\/2016\/01\/das-erste-mal-am-ebro.jpg",373,250,false]},"post_excerpt_stackable_v2":"<p>Wie Kollege Immergr\u00fcn herausgefunden hat, war der Sebastian H\u00e4nel nur eine Woche vor uns (also den Teilnehmern an der Barsch-Alarmer-Spanien-Exkursion) da unten, um sich zum ersten Mal mit den spanischen Zander anzulegen. Er hat auch direkt ein paar Fische gefangen. Quasi mit dem ersten Wurf kam z.B. ein Waller. Auf den Kauli, die Zanderkant-Rute und mit der eigenen Schnur.<\/p>\n","category_list_v2":"<a href=\"https:\/\/www.barsch-alarm.de\/news\/category\/ba-flashlights\/\" rel=\"category tag\">BA-Flashlights<\/a>","author_info_v2":{"name":"dietel","url":"https:\/\/www.barsch-alarm.de\/news\/author\/dietel\/"},"comments_num_v2":"1 Kommentar","yoast_head":"<!-- This site is optimized with the Yoast SEO plugin v19.11 - https:\/\/yoast.com\/wordpress\/plugins\/seo\/ -->\n<title>Das erste Mal am Ebro | Barsch-Alarm<\/title>\n<meta name=\"robots\" content=\"index, follow, max-snippet:-1, max-image-preview:large, max-video-preview:-1\" \/>\n<link rel=\"canonical\" href=\"https:\/\/www.barsch-alarm.de\/news\/das-erste-mal-am-ebro\/\" \/>\n<meta name=\"twitter:label1\" content=\"Verfasst von\" \/>\n\t<meta name=\"twitter:data1\" content=\"dietel\" \/>\n<script type=\"application\/ld+json\" class=\"yoast-schema-graph\">{\"@context\":\"https:\/\/schema.org\",\"@graph\":[{\"@type\":\"Article\",\"@id\":\"https:\/\/www.barsch-alarm.de\/news\/das-erste-mal-am-ebro\/#article\",\"isPartOf\":{\"@id\":\"https:\/\/www.barsch-alarm.de\/news\/das-erste-mal-am-ebro\/\"},\"author\":{\"name\":\"dietel\",\"@id\":\"https:\/\/www.barsch-alarm.de\/news\/#\/schema\/person\/625ad6937f19daaa4355ae4dcce349f7\"},\"headline\":\"Das erste Mal am Ebro\",\"datePublished\":\"2016-01-02T10:57:50+00:00\",\"dateModified\":\"2016-01-02T10:57:50+00:00\",\"mainEntityOfPage\":{\"@id\":\"https:\/\/www.barsch-alarm.de\/news\/das-erste-mal-am-ebro\/\"},\"wordCount\":75,\"commentCount\":1,\"publisher\":{\"@id\":\"https:\/\/www.barsch-alarm.de\/news\/#\/schema\/person\/625ad6937f19daaa4355ae4dcce349f7\"},\"keywords\":[\"Ebro\",\"Waller\",\"Zander\"],\"articleSection\":[\"BA-Flashlights\"],\"inLanguage\":\"de\",\"potentialAction\":[{\"@type\":\"CommentAction\",\"name\":\"Comment\",\"target\":[\"https:\/\/www.barsch-alarm.de\/news\/das-erste-mal-am-ebro\/#respond\"]}]},{\"@type\":\"WebPage\",\"@id\":\"https:\/\/www.barsch-alarm.de\/news\/das-erste-mal-am-ebro\/\",\"url\":\"https:\/\/www.barsch-alarm.de\/news\/das-erste-mal-am-ebro\/\",\"name\":\"Das erste Mal am Ebro | Barsch-Alarm\",\"isPartOf\":{\"@id\":\"https:\/\/www.barsch-alarm.de\/news\/#website\"},\"datePublished\":\"2016-01-02T10:57:50+00:00\",\"dateModified\":\"2016-01-02T10:57:50+00:00\",\"breadcrumb\":{\"@id\":\"https:\/\/www.barsch-alarm.de\/news\/das-erste-mal-am-ebro\/#breadcrumb\"},\"inLanguage\":\"de\",\"potentialAction\":[{\"@type\":\"ReadAction\",\"target\":[\"https:\/\/www.barsch-alarm.de\/news\/das-erste-mal-am-ebro\/\"]}]},{\"@type\":\"BreadcrumbList\",\"@id\":\"https:\/\/www.barsch-alarm.de\/news\/das-erste-mal-am-ebro\/#breadcrumb\",\"itemListElement\":[{\"@type\":\"ListItem\",\"position\":1,\"name\":\"Startseite\",\"item\":\"https:\/\/www.barsch-alarm.de\/news\/\"},{\"@type\":\"ListItem\",\"position\":2,\"name\":\"Das erste Mal am Ebro\"}]},{\"@type\":\"WebSite\",\"@id\":\"https:\/\/www.barsch-alarm.de\/news\/#website\",\"url\":\"https:\/\/www.barsch-alarm.de\/news\/\",\"name\":\"Barsch-Alarm\",\"description\":\"das gr\u00f6\u00dfte Angelforum f\u00fcr Spinnangler\",\"publisher\":{\"@id\":\"https:\/\/www.barsch-alarm.de\/news\/#\/schema\/person\/625ad6937f19daaa4355ae4dcce349f7\"},\"potentialAction\":[{\"@type\":\"SearchAction\",\"target\":{\"@type\":\"EntryPoint\",\"urlTemplate\":\"https:\/\/www.barsch-alarm.de\/news\/?s={search_term_string}\"},\"query-input\":\"required name=search_term_string\"}],\"inLanguage\":\"de\"},{\"@type\":[\"Person\",\"Organization\"],\"@id\":\"https:\/\/www.barsch-alarm.de\/news\/#\/schema\/person\/625ad6937f19daaa4355ae4dcce349f7\",\"name\":\"dietel\",\"image\":{\"@type\":\"ImageObject\",\"inLanguage\":\"de\",\"@id\":\"https:\/\/www.barsch-alarm.de\/news\/#\/schema\/person\/image\/\",\"url\":\"https:\/\/secure.gravatar.com\/avatar\/365783e1f60d378ef793fb7c5bb3ef04?s=96&d=mm&r=g\",\"contentUrl\":\"https:\/\/secure.gravatar.com\/avatar\/365783e1f60d378ef793fb7c5bb3ef04?s=96&d=mm&r=g\",\"caption\":\"dietel\"},\"logo\":{\"@id\":\"https:\/\/www.barsch-alarm.de\/news\/#\/schema\/person\/image\/\"},\"sameAs\":[\"http:\/\/www.barsch-alarm.de\/member.php?5-dietel\"],\"url\":\"https:\/\/www.barsch-alarm.de\/news\/author\/dietel\/\"}]}<\/script>\n<!-- \/ Yoast SEO plugin. -->","yoast_head_json":{"title":"Das erste Mal am Ebro | Barsch-Alarm","robots":{"index":"index","follow":"follow","max-snippet":"max-snippet:-1","max-image-preview":"max-image-preview:large","max-video-preview":"max-video-preview:-1"},"canonical":"https:\/\/www.barsch-alarm.de\/news\/das-erste-mal-am-ebro\/","twitter_misc":{"Verfasst von":"dietel"},"schema":{"@context":"https:\/\/schema.org","@graph":[{"@type":"Article","@id":"https:\/\/www.barsch-alarm.de\/news\/das-erste-mal-am-ebro\/#article","isPartOf":{"@id":"https:\/\/www.barsch-alarm.de\/news\/das-erste-mal-am-ebro\/"},"author":{"name":"dietel","@id":"https:\/\/www.barsch-alarm.de\/news\/#\/schema\/person\/625ad6937f19daaa4355ae4dcce349f7"},"headline":"Das erste Mal am Ebro","datePublished":"2016-01-02T10:57:50+00:00","dateModified":"2016-01-02T10:57:50+00:00","mainEntityOfPage":{"@id":"https:\/\/www.barsch-alarm.de\/news\/das-erste-mal-am-ebro\/"},"wordCount":75,"commentCount":1,"publisher":{"@id":"https:\/\/www.barsch-alarm.de\/news\/#\/schema\/person\/625ad6937f19daaa4355ae4dcce349f7"},"keywords":["Ebro","Waller","Zander"],"articleSection":["BA-Flashlights"],"inLanguage":"de","potentialAction":[{"@type":"CommentAction","name":"Comment","target":["https:\/\/www.barsch-alarm.de\/news\/das-erste-mal-am-ebro\/#respond"]}]},{"@type":"WebPage","@id":"https:\/\/www.barsch-alarm.de\/news\/das-erste-mal-am-ebro\/","url":"https:\/\/www.barsch-alarm.de\/news\/das-erste-mal-am-ebro\/","name":"Das erste Mal am Ebro | Barsch-Alarm","isPartOf":{"@id":"https:\/\/www.barsch-alarm.de\/news\/#website"},"datePublished":"2016-01-02T10:57:50+00:00","dateModified":"2016-01-02T10:57:50+00:00","breadcrumb":{"@id":"https:\/\/www.barsch-alarm.de\/news\/das-erste-mal-am-ebro\/#breadcrumb"},"inLanguage":"de","potentialAction":[{"@type":"ReadAction","target":["https:\/\/www.barsch-alarm.de\/news\/das-erste-mal-am-ebro\/"]}]},{"@type":"BreadcrumbList","@id":"https:\/\/www.barsch-alarm.de\/news\/das-erste-mal-am-ebro\/#breadcrumb","itemListElement":[{"@type":"ListItem","position":1,"name":"Startseite","item":"https:\/\/www.barsch-alarm.de\/news\/"},{"@type":"ListItem","position":2,"name":"Das erste Mal am Ebro"}]},{"@type":"WebSite","@id":"https:\/\/www.barsch-alarm.de\/news\/#website","url":"https:\/\/www.barsch-alarm.de\/news\/","name":"Barsch-Alarm","description":"das gr\u00f6\u00dfte Angelforum f\u00fcr Spinnangler","publisher":{"@id":"https:\/\/www.barsch-alarm.de\/news\/#\/schema\/person\/625ad6937f19daaa4355ae4dcce349f7"},"potentialAction":[{"@type":"SearchAction","target":{"@type":"EntryPoint","urlTemplate":"https:\/\/www.barsch-alarm.de\/news\/?s={search_term_string}"},"query-input":"required name=search_term_string"}],"inLanguage":"de"},{"@type":["Person","Organization"],"@id":"https:\/\/www.barsch-alarm.de\/news\/#\/schema\/person\/625ad6937f19daaa4355ae4dcce349f7","name":"dietel","image":{"@type":"ImageObject","inLanguage":"de","@id":"https:\/\/www.barsch-alarm.de\/news\/#\/schema\/person\/image\/","url":"https:\/\/secure.gravatar.com\/avatar\/365783e1f60d378ef793fb7c5bb3ef04?s=96&d=mm&r=g","contentUrl":"https:\/\/secure.gravatar.com\/avatar\/365783e1f60d378ef793fb7c5bb3ef04?s=96&d=mm&r=g","caption":"dietel"},"logo":{"@id":"https:\/\/www.barsch-alarm.de\/news\/#\/schema\/person\/image\/"},"sameAs":["http:\/\/www.barsch-alarm.de\/member.php?5-dietel"],"url":"https:\/\/www.barsch-alarm.de\/news\/author\/dietel\/"}]}},"_links":{"self":[{"href":"https:\/\/www.barsch-alarm.de\/news\/wp-json\/wp\/v2\/posts\/9437"}],"collection":[{"href":"https:\/\/www.barsch-alarm.de\/news\/wp-json\/wp\/v2\/posts"}],"about":[{"href":"https:\/\/www.barsch-alarm.de\/news\/wp-json\/wp\/v2\/types\/post"}],"author":[{"embeddable":true,"href":"https:\/\/www.barsch-alarm.de\/news\/wp-json\/wp\/v2\/users\/5"}],"replies":[{"embeddable":true,"href":"https:\/\/www.barsch-alarm.de\/news\/wp-json\/wp\/v2\/comments?post=9437"}],"version-history":[{"count":1,"href":"https:\/\/www.barsch-alarm.de\/news\/wp-json\/wp\/v2\/posts\/9437\/revisions"}],"predecessor-version":[{"id":9438,"href":"https:\/\/www.barsch-alarm.de\/news\/wp-json\/wp\/v2\/posts\/9437\/revisions\/9438"}],"wp:featuredmedia":[{"embeddable":true,"href":"https:\/\/www.barsch-alarm.de\/news\/wp-json\/wp\/v2\/media\/9439"}],"wp:attachment":[{"href":"https:\/\/www.barsch-alarm.de\/news\/wp-json\/wp\/v2\/media?parent=9437"}],"wp:term":[{"taxonomy":"category","embeddable":true,"href":"https:\/\/www.barsch-alarm.de\/news\/wp-json\/wp\/v2\/categories?post=9437"},{"taxonomy":"post_tag","embeddable":true,"href":"https:\/\/www.barsch-alarm.de\/news\/wp-json\/wp\/v2\/tags?post=9437"}],"curies":[{"name":"wp","href":"https:\/\/api.w.org\/{rel}","templated":true}]}}