{"id":8817,"date":"2017-01-13T11:36:37","date_gmt":"2017-01-13T09:36:37","guid":{"rendered":"https:\/\/www.barsch-alarm.de\/news\/?p=8817"},"modified":"2020-04-05T00:15:36","modified_gmt":"2020-04-04T22:15:36","slug":"shimano-team-kuenftig-mit-einheitsfrisur","status":"publish","type":"post","link":"https:\/\/www.barsch-alarm.de\/news\/shimano-team-kuenftig-mit-einheitsfrisur\/","title":{"rendered":"Shimano-Team k\u00fcnftig mit Einheitsfrisur !"},"content":{"rendered":"<p>Auf Facebook wird kr\u00e4ftig gelacht \u00fcber unseren Plan, den Teamspirit k\u00fcnftig mit einer einheitlichen Frisur auszudr\u00fccken. Es waren mehrere Frisuren im Gespr\u00e4ch: der Sch\u00f6ne-Helm, die Baumgartner-Tolle, Jochen\u2019s Rasta-Matte\u2026 Doch Shimano verfolgt eine international ausgerichtete Strategie. Und so hat man sich letztendlich schnell auf den Stolk-Look geeinigt.<\/p>\n<p><img loading=\"lazy\" class=\"aligncenter size-full wp-image-8819\" src=\"https:\/\/www.barsch-alarm.de\/news\/wp-content\/uploads\/prostaff\/2017\/01\/willi-s.jpg\" alt=\"\" width=\"526\" height=\"527\" \/><\/p>\n<p>Ich habe da auch nicht lange gefackelt und mich an Silvester einer aufwendigen Haartransplantation mit Extensions unterzogen.<\/p>\n<p><img loading=\"lazy\" class=\"aligncenter size-full wp-image-8818\" src=\"https:\/\/www.barsch-alarm.de\/news\/wp-content\/uploads\/prostaff\/2017\/01\/shimano-frise-2.jpg\" alt=\"\" width=\"1133\" height=\"1700\" \/><\/p>\n<p>Dieser Schritt steht bei den Kollegen noch aus. Noch scheint nicht jeder bereit zu sein. So mancher wei\u00df auch noch nichts davon und wird ziemlich \u00fcberrascht sein, wenn er aus Costa Rica wieder kommt.<\/p>\n<p>Wir halten euch auf jeden Fall auf dem Laufenden. Denn was gibt\u2019s Wichtigeres als die Frisuren der Shimano-Teamangler?<\/p>\n<p>Freitag, der 13. &#8211; so what ?<\/p>\n<p>Johannes<\/p>\n","protected":false},"excerpt":{"rendered":"<p>Auf Facebook wird kr\u00e4ftig gelacht \u00fcber unseren Plan, den Teamspirit k\u00fcnftig mit einer einheitlichen Frisur auszudr\u00fccken. Es waren mehrere Frisuren im Gespr\u00e4ch: der Sch\u00f6ne-Helm, die Baumgartner-Tolle, Jochen\u2019s Rasta-Matte\u2026 Doch Shimano verfolgt eine international ausgerichtete Strategie. Und so hat man sich letztendlich schnell auf den Stolk-Look geeinigt. Ich habe da auch nicht lange gefackelt und mich &hellip; <\/p>\n<p class=\"link-more\"><a href=\"https:\/\/www.barsch-alarm.de\/news\/shimano-team-kuenftig-mit-einheitsfrisur\/\" class=\"more-link\">Read more\u2026<\/a><\/p>\n","protected":false},"author":5,"featured_media":8818,"comment_status":"open","ping_status":"open","sticky":false,"template":"","format":"standard","meta":[],"categories":[1,2388],"tags":[],"featured_image_urls":{"full":"","thumbnail":"","medium":"","medium_large":"","large":"","1536x1536":"","2048x2048":"","thxpress-featured-image":"","400x250-crop":""},"post_excerpt_stackable":"<p>Auf Facebook wird kr\u00e4ftig gelacht \u00fcber unseren Plan, den Teamspirit k\u00fcnftig mit einer einheitlichen Frisur auszudr\u00fccken. Es waren mehrere Frisuren im Gespr\u00e4ch: der Sch\u00f6ne-Helm, die Baumgartner-Tolle, Jochen\u2019s Rasta-Matte\u2026 Doch Shimano verfolgt eine international ausgerichtete Strategie. Und so hat man sich letztendlich schnell auf den Stolk-Look geeinigt. Ich habe da auch nicht lange gefackelt und mich an Silvester einer aufwendigen Haartransplantation mit Extensions unterzogen. Dieser Schritt steht bei den Kollegen noch aus. Noch scheint nicht jeder bereit zu sein. So mancher wei\u00df auch noch nichts davon und wird ziemlich \u00fcberrascht sein, wenn er aus Costa Rica wieder kommt. Wir halten euch&hellip;<\/p>\n","category_list":"<a href=\"https:\/\/www.barsch-alarm.de\/news\/category\/news\/\" rel=\"category tag\">News<\/a>, <a href=\"https:\/\/www.barsch-alarm.de\/news\/category\/prostaff-shimano\/\" rel=\"category tag\">Prostaff-Shimano<\/a>","author_info":{"name":"dietel","url":"https:\/\/www.barsch-alarm.de\/news\/author\/dietel\/"},"comments_num":"0 Kommentare","featured_image_urls_v2":{"full":"","thumbnail":"","medium":"","medium_large":"","large":"","1536x1536":"","2048x2048":"","thxpress-featured-image":"","400x250-crop":""},"post_excerpt_stackable_v2":"<p>Auf Facebook wird kr\u00e4ftig gelacht \u00fcber unseren Plan, den Teamspirit k\u00fcnftig mit einer einheitlichen Frisur auszudr\u00fccken. Es waren mehrere Frisuren im Gespr\u00e4ch: der Sch\u00f6ne-Helm, die Baumgartner-Tolle, Jochen\u2019s Rasta-Matte\u2026 Doch Shimano verfolgt eine international ausgerichtete Strategie. Und so hat man sich letztendlich schnell auf den Stolk-Look geeinigt. Ich habe da auch nicht lange gefackelt und mich an Silvester einer aufwendigen Haartransplantation mit Extensions unterzogen. Dieser Schritt steht bei den Kollegen noch aus. Noch scheint nicht jeder bereit zu sein. So mancher wei\u00df auch noch nichts davon und wird ziemlich \u00fcberrascht sein, wenn er aus Costa Rica wieder kommt. Wir halten euch&hellip;<\/p>\n","category_list_v2":"<a href=\"https:\/\/www.barsch-alarm.de\/news\/category\/news\/\" rel=\"category tag\">News<\/a>, <a href=\"https:\/\/www.barsch-alarm.de\/news\/category\/prostaff-shimano\/\" rel=\"category tag\">Prostaff-Shimano<\/a>","author_info_v2":{"name":"dietel","url":"https:\/\/www.barsch-alarm.de\/news\/author\/dietel\/"},"comments_num_v2":"0 Kommentare","yoast_head":"<!-- This site is optimized with the Yoast SEO plugin v19.11 - https:\/\/yoast.com\/wordpress\/plugins\/seo\/ -->\n<title>Shimano-Team k\u00fcnftig mit Einheitsfrisur ! | Barsch-Alarm<\/title>\n<meta name=\"robots\" content=\"index, follow, max-snippet:-1, max-image-preview:large, max-video-preview:-1\" \/>\n<link rel=\"canonical\" href=\"https:\/\/www.barsch-alarm.de\/news\/shimano-team-kuenftig-mit-einheitsfrisur\/\" \/>\n<meta name=\"twitter:label1\" content=\"Verfasst von\" \/>\n\t<meta name=\"twitter:data1\" content=\"dietel\" \/>\n\t<meta name=\"twitter:label2\" content=\"Gesch\u00e4tzte Lesezeit\" \/>\n\t<meta name=\"twitter:data2\" content=\"1\u00a0Minute\" \/>\n<script type=\"application\/ld+json\" class=\"yoast-schema-graph\">{\"@context\":\"https:\/\/schema.org\",\"@graph\":[{\"@type\":\"Article\",\"@id\":\"https:\/\/www.barsch-alarm.de\/news\/shimano-team-kuenftig-mit-einheitsfrisur\/#article\",\"isPartOf\":{\"@id\":\"https:\/\/www.barsch-alarm.de\/news\/shimano-team-kuenftig-mit-einheitsfrisur\/\"},\"author\":{\"name\":\"dietel\",\"@id\":\"https:\/\/www.barsch-alarm.de\/news\/#\/schema\/person\/625ad6937f19daaa4355ae4dcce349f7\"},\"headline\":\"Shimano-Team k\u00fcnftig mit Einheitsfrisur !\",\"datePublished\":\"2017-01-13T09:36:37+00:00\",\"dateModified\":\"2020-04-04T22:15:36+00:00\",\"mainEntityOfPage\":{\"@id\":\"https:\/\/www.barsch-alarm.de\/news\/shimano-team-kuenftig-mit-einheitsfrisur\/\"},\"wordCount\":133,\"commentCount\":0,\"publisher\":{\"@id\":\"https:\/\/www.barsch-alarm.de\/news\/#\/schema\/person\/625ad6937f19daaa4355ae4dcce349f7\"},\"articleSection\":[\"News\",\"Prostaff-Shimano\"],\"inLanguage\":\"de\",\"potentialAction\":[{\"@type\":\"CommentAction\",\"name\":\"Comment\",\"target\":[\"https:\/\/www.barsch-alarm.de\/news\/shimano-team-kuenftig-mit-einheitsfrisur\/#respond\"]}]},{\"@type\":\"WebPage\",\"@id\":\"https:\/\/www.barsch-alarm.de\/news\/shimano-team-kuenftig-mit-einheitsfrisur\/\",\"url\":\"https:\/\/www.barsch-alarm.de\/news\/shimano-team-kuenftig-mit-einheitsfrisur\/\",\"name\":\"Shimano-Team k\u00fcnftig mit Einheitsfrisur ! | Barsch-Alarm\",\"isPartOf\":{\"@id\":\"https:\/\/www.barsch-alarm.de\/news\/#website\"},\"datePublished\":\"2017-01-13T09:36:37+00:00\",\"dateModified\":\"2020-04-04T22:15:36+00:00\",\"breadcrumb\":{\"@id\":\"https:\/\/www.barsch-alarm.de\/news\/shimano-team-kuenftig-mit-einheitsfrisur\/#breadcrumb\"},\"inLanguage\":\"de\",\"potentialAction\":[{\"@type\":\"ReadAction\",\"target\":[\"https:\/\/www.barsch-alarm.de\/news\/shimano-team-kuenftig-mit-einheitsfrisur\/\"]}]},{\"@type\":\"BreadcrumbList\",\"@id\":\"https:\/\/www.barsch-alarm.de\/news\/shimano-team-kuenftig-mit-einheitsfrisur\/#breadcrumb\",\"itemListElement\":[{\"@type\":\"ListItem\",\"position\":1,\"name\":\"Startseite\",\"item\":\"https:\/\/www.barsch-alarm.de\/news\/\"},{\"@type\":\"ListItem\",\"position\":2,\"name\":\"Shimano-Team k\u00fcnftig mit Einheitsfrisur !\"}]},{\"@type\":\"WebSite\",\"@id\":\"https:\/\/www.barsch-alarm.de\/news\/#website\",\"url\":\"https:\/\/www.barsch-alarm.de\/news\/\",\"name\":\"Barsch-Alarm\",\"description\":\"das gr\u00f6\u00dfte Angelforum f\u00fcr Spinnangler\",\"publisher\":{\"@id\":\"https:\/\/www.barsch-alarm.de\/news\/#\/schema\/person\/625ad6937f19daaa4355ae4dcce349f7\"},\"potentialAction\":[{\"@type\":\"SearchAction\",\"target\":{\"@type\":\"EntryPoint\",\"urlTemplate\":\"https:\/\/www.barsch-alarm.de\/news\/?s={search_term_string}\"},\"query-input\":\"required name=search_term_string\"}],\"inLanguage\":\"de\"},{\"@type\":[\"Person\",\"Organization\"],\"@id\":\"https:\/\/www.barsch-alarm.de\/news\/#\/schema\/person\/625ad6937f19daaa4355ae4dcce349f7\",\"name\":\"dietel\",\"image\":{\"@type\":\"ImageObject\",\"inLanguage\":\"de\",\"@id\":\"https:\/\/www.barsch-alarm.de\/news\/#\/schema\/person\/image\/\",\"url\":\"https:\/\/secure.gravatar.com\/avatar\/365783e1f60d378ef793fb7c5bb3ef04?s=96&d=mm&r=g\",\"contentUrl\":\"https:\/\/secure.gravatar.com\/avatar\/365783e1f60d378ef793fb7c5bb3ef04?s=96&d=mm&r=g\",\"caption\":\"dietel\"},\"logo\":{\"@id\":\"https:\/\/www.barsch-alarm.de\/news\/#\/schema\/person\/image\/\"},\"sameAs\":[\"http:\/\/www.barsch-alarm.de\/member.php?5-dietel\"],\"url\":\"https:\/\/www.barsch-alarm.de\/news\/author\/dietel\/\"}]}<\/script>\n<!-- \/ Yoast SEO plugin. -->","yoast_head_json":{"title":"Shimano-Team k\u00fcnftig mit Einheitsfrisur ! | Barsch-Alarm","robots":{"index":"index","follow":"follow","max-snippet":"max-snippet:-1","max-image-preview":"max-image-preview:large","max-video-preview":"max-video-preview:-1"},"canonical":"https:\/\/www.barsch-alarm.de\/news\/shimano-team-kuenftig-mit-einheitsfrisur\/","twitter_misc":{"Verfasst von":"dietel","Gesch\u00e4tzte Lesezeit":"1\u00a0Minute"},"schema":{"@context":"https:\/\/schema.org","@graph":[{"@type":"Article","@id":"https:\/\/www.barsch-alarm.de\/news\/shimano-team-kuenftig-mit-einheitsfrisur\/#article","isPartOf":{"@id":"https:\/\/www.barsch-alarm.de\/news\/shimano-team-kuenftig-mit-einheitsfrisur\/"},"author":{"name":"dietel","@id":"https:\/\/www.barsch-alarm.de\/news\/#\/schema\/person\/625ad6937f19daaa4355ae4dcce349f7"},"headline":"Shimano-Team k\u00fcnftig mit Einheitsfrisur !","datePublished":"2017-01-13T09:36:37+00:00","dateModified":"2020-04-04T22:15:36+00:00","mainEntityOfPage":{"@id":"https:\/\/www.barsch-alarm.de\/news\/shimano-team-kuenftig-mit-einheitsfrisur\/"},"wordCount":133,"commentCount":0,"publisher":{"@id":"https:\/\/www.barsch-alarm.de\/news\/#\/schema\/person\/625ad6937f19daaa4355ae4dcce349f7"},"articleSection":["News","Prostaff-Shimano"],"inLanguage":"de","potentialAction":[{"@type":"CommentAction","name":"Comment","target":["https:\/\/www.barsch-alarm.de\/news\/shimano-team-kuenftig-mit-einheitsfrisur\/#respond"]}]},{"@type":"WebPage","@id":"https:\/\/www.barsch-alarm.de\/news\/shimano-team-kuenftig-mit-einheitsfrisur\/","url":"https:\/\/www.barsch-alarm.de\/news\/shimano-team-kuenftig-mit-einheitsfrisur\/","name":"Shimano-Team k\u00fcnftig mit Einheitsfrisur ! | Barsch-Alarm","isPartOf":{"@id":"https:\/\/www.barsch-alarm.de\/news\/#website"},"datePublished":"2017-01-13T09:36:37+00:00","dateModified":"2020-04-04T22:15:36+00:00","breadcrumb":{"@id":"https:\/\/www.barsch-alarm.de\/news\/shimano-team-kuenftig-mit-einheitsfrisur\/#breadcrumb"},"inLanguage":"de","potentialAction":[{"@type":"ReadAction","target":["https:\/\/www.barsch-alarm.de\/news\/shimano-team-kuenftig-mit-einheitsfrisur\/"]}]},{"@type":"BreadcrumbList","@id":"https:\/\/www.barsch-alarm.de\/news\/shimano-team-kuenftig-mit-einheitsfrisur\/#breadcrumb","itemListElement":[{"@type":"ListItem","position":1,"name":"Startseite","item":"https:\/\/www.barsch-alarm.de\/news\/"},{"@type":"ListItem","position":2,"name":"Shimano-Team k\u00fcnftig mit Einheitsfrisur !"}]},{"@type":"WebSite","@id":"https:\/\/www.barsch-alarm.de\/news\/#website","url":"https:\/\/www.barsch-alarm.de\/news\/","name":"Barsch-Alarm","description":"das gr\u00f6\u00dfte Angelforum f\u00fcr Spinnangler","publisher":{"@id":"https:\/\/www.barsch-alarm.de\/news\/#\/schema\/person\/625ad6937f19daaa4355ae4dcce349f7"},"potentialAction":[{"@type":"SearchAction","target":{"@type":"EntryPoint","urlTemplate":"https:\/\/www.barsch-alarm.de\/news\/?s={search_term_string}"},"query-input":"required name=search_term_string"}],"inLanguage":"de"},{"@type":["Person","Organization"],"@id":"https:\/\/www.barsch-alarm.de\/news\/#\/schema\/person\/625ad6937f19daaa4355ae4dcce349f7","name":"dietel","image":{"@type":"ImageObject","inLanguage":"de","@id":"https:\/\/www.barsch-alarm.de\/news\/#\/schema\/person\/image\/","url":"https:\/\/secure.gravatar.com\/avatar\/365783e1f60d378ef793fb7c5bb3ef04?s=96&d=mm&r=g","contentUrl":"https:\/\/secure.gravatar.com\/avatar\/365783e1f60d378ef793fb7c5bb3ef04?s=96&d=mm&r=g","caption":"dietel"},"logo":{"@id":"https:\/\/www.barsch-alarm.de\/news\/#\/schema\/person\/image\/"},"sameAs":["http:\/\/www.barsch-alarm.de\/member.php?5-dietel"],"url":"https:\/\/www.barsch-alarm.de\/news\/author\/dietel\/"}]}},"_links":{"self":[{"href":"https:\/\/www.barsch-alarm.de\/news\/wp-json\/wp\/v2\/posts\/8817"}],"collection":[{"href":"https:\/\/www.barsch-alarm.de\/news\/wp-json\/wp\/v2\/posts"}],"about":[{"href":"https:\/\/www.barsch-alarm.de\/news\/wp-json\/wp\/v2\/types\/post"}],"author":[{"embeddable":true,"href":"https:\/\/www.barsch-alarm.de\/news\/wp-json\/wp\/v2\/users\/5"}],"replies":[{"embeddable":true,"href":"https:\/\/www.barsch-alarm.de\/news\/wp-json\/wp\/v2\/comments?post=8817"}],"version-history":[{"count":1,"href":"https:\/\/www.barsch-alarm.de\/news\/wp-json\/wp\/v2\/posts\/8817\/revisions"}],"predecessor-version":[{"id":23764,"href":"https:\/\/www.barsch-alarm.de\/news\/wp-json\/wp\/v2\/posts\/8817\/revisions\/23764"}],"wp:featuredmedia":[{"embeddable":true,"href":"https:\/\/www.barsch-alarm.de\/news\/wp-json\/"}],"wp:attachment":[{"href":"https:\/\/www.barsch-alarm.de\/news\/wp-json\/wp\/v2\/media?parent=8817"}],"wp:term":[{"taxonomy":"category","embeddable":true,"href":"https:\/\/www.barsch-alarm.de\/news\/wp-json\/wp\/v2\/categories?post=8817"},{"taxonomy":"post_tag","embeddable":true,"href":"https:\/\/www.barsch-alarm.de\/news\/wp-json\/wp\/v2\/tags?post=8817"}],"curies":[{"name":"wp","href":"https:\/\/api.w.org\/{rel}","templated":true}]}}