{"id":8371,"date":"2016-11-02T16:34:41","date_gmt":"2016-11-02T14:34:41","guid":{"rendered":"https:\/\/www.barsch-alarm.de\/news\/?p=8371"},"modified":"2020-04-05T00:15:36","modified_gmt":"2020-04-04T22:15:36","slug":"mein-bester-spree-barsch-tag-ever","status":"publish","type":"post","link":"https:\/\/www.barsch-alarm.de\/news\/mein-bester-spree-barsch-tag-ever\/","title":{"rendered":"Mein bester Spree-Barsch-Tag ever!"},"content":{"rendered":"<p>Ich beschwere mich ja oft \u00fcber unsere Spree. Klar. Wir haben viel Barsch hier. Und wer sich da richtig reinkniet, f\u00e4ngt auch mal nen Dicken. Es soll sogar Leute geben, die einigerma\u00dfen regelm\u00e4\u00dfig fette Kaliber fangen. Die Regel ist das aber nicht. Da muss man schon flei\u00dfig sein und die Bereitschaft mitbringen jeden Steg 10 mal abzuangeln, bis es mal richtig knattert. Aber ich m\u00f6chte allen Spreeanglern, die sich im Moment gegen die Kleinbarsch-Invasion wehren m\u00fcssen, Mut machen. Es kann immer der Tag der Tage kommen. Besonders im Herbst.<\/p>\n<p>Ich hatte meinen Super-Barsch-Tag im vorletzten Jahr. Da war ich immer genau zur richtigen Zeit am richtigen Platz und habe da einen dicken Eumel nach dem anderen gefangen. Auf Rubber-Jig. Stilecht an der damals neuen BFS-Kombo.<\/p>\n<figure id=\"attachment_8380\" aria-describedby=\"caption-attachment-8380\" style=\"width: 1200px\" class=\"wp-caption aligncenter\"><img loading=\"lazy\" class=\"size-full wp-image-8380\" src=\"https:\/\/www.barsch-alarm.de\/news\/wp-content\/uploads\/prostaff\/2016\/11\/barschdrill-2.jpg\" alt=\"Es ging erstmal \u00fcberschaubar los...\" width=\"1200\" height=\"720\" \/><figcaption id=\"caption-attachment-8380\" class=\"wp-caption-text\">Es ging erstmal \u00fcberschaubar los&#8230;<\/figcaption><\/figure>\n<figure id=\"attachment_8373\" aria-describedby=\"caption-attachment-8373\" style=\"width: 1200px\" class=\"wp-caption aligncenter\"><img loading=\"lazy\" class=\"size-full wp-image-8373\" src=\"https:\/\/www.barsch-alarm.de\/news\/wp-content\/uploads\/prostaff\/2016\/11\/barsch-2.jpg\" alt=\"... aber mit der Zeit wurden die Barsche ansehnlicher.\" width=\"1200\" height=\"844\" \/><figcaption id=\"caption-attachment-8373\" class=\"wp-caption-text\">&#8230; aber mit der Zeit wurden die Barsche ansehnlicher.<\/figcaption><\/figure>\n<figure id=\"attachment_8372\" aria-describedby=\"caption-attachment-8372\" style=\"width: 1200px\" class=\"wp-caption aligncenter\"><img loading=\"lazy\" class=\"size-full wp-image-8372\" src=\"https:\/\/www.barsch-alarm.de\/news\/wp-content\/uploads\/prostaff\/2016\/11\/barsch-1.jpg\" alt=\"Ich bin ja schon zufreiden, wenn ich einen solchen Fisch bei uns fange.\" width=\"1200\" height=\"829\" \/><figcaption id=\"caption-attachment-8372\" class=\"wp-caption-text\">Ich bin ja schon zufreiden, wenn ich einen solchen Fisch bei uns fange.<\/figcaption><\/figure>\n<figure id=\"attachment_8381\" aria-describedby=\"caption-attachment-8381\" style=\"width: 800px\" class=\"wp-caption aligncenter\"><img loading=\"lazy\" class=\"size-full wp-image-8381\" src=\"https:\/\/www.barsch-alarm.de\/news\/wp-content\/uploads\/prostaff\/2016\/11\/barsch-drill-2.jpg\" alt=\"Und wieder ist die Expride krumm. Was ist denn hier los?\" width=\"800\" height=\"1045\" \/><figcaption id=\"caption-attachment-8381\" class=\"wp-caption-text\">Und wieder ist die Expride krumm. Was ist denn hier los?<\/figcaption><\/figure>\n<figure id=\"attachment_8378\" aria-describedby=\"caption-attachment-8378\" style=\"width: 800px\" class=\"wp-caption aligncenter\"><img loading=\"lazy\" class=\"size-full wp-image-8378\" src=\"https:\/\/www.barsch-alarm.de\/news\/wp-content\/uploads\/prostaff\/2016\/11\/barsch-6.jpg\" alt=\"Normal ist alles \u00fcber 30 gut und alles \u00fcber 35 top.\" width=\"800\" height=\"1169\" \/><figcaption id=\"caption-attachment-8378\" class=\"wp-caption-text\">Normal ist alles \u00fcber 30 gut und alles \u00fcber 35 top.<\/figcaption><\/figure>\n<figure id=\"attachment_8377\" aria-describedby=\"caption-attachment-8377\" style=\"width: 800px\" class=\"wp-caption aligncenter\"><img loading=\"lazy\" class=\"size-full wp-image-8377\" src=\"https:\/\/www.barsch-alarm.de\/news\/wp-content\/uploads\/prostaff\/2016\/11\/barsch-5.jpg\" alt=\"Man k\u00f6nnte denken, das sind die gleichen Barsche.\" width=\"800\" height=\"1096\" \/><figcaption id=\"caption-attachment-8377\" class=\"wp-caption-text\">Man k\u00f6nnte denken, das sind die gleichen Barsche.<\/figcaption><\/figure>\n<figure id=\"attachment_8376\" aria-describedby=\"caption-attachment-8376\" style=\"width: 800px\" class=\"wp-caption aligncenter\"><img loading=\"lazy\" class=\"size-full wp-image-8376\" src=\"https:\/\/www.barsch-alarm.de\/news\/wp-content\/uploads\/prostaff\/2016\/11\/barsch-4.jpg\" alt=\"Aber neeeeeeee! Man sieht es an den Streifen. \" width=\"800\" height=\"1125\" \/><figcaption id=\"caption-attachment-8376\" class=\"wp-caption-text\">Aber neeeeeeee! Man sieht es an den Streifen.<\/figcaption><\/figure>\n<figure id=\"attachment_8375\" aria-describedby=\"caption-attachment-8375\" style=\"width: 1200px\" class=\"wp-caption aligncenter\"><img loading=\"lazy\" class=\"size-full wp-image-8375\" src=\"https:\/\/www.barsch-alarm.de\/news\/wp-content\/uploads\/prostaff\/2016\/11\/barsch-3b.jpg\" alt=\"Noch einer - und die werden eher gr\u00f6\u00dfer als kleiner!\" width=\"1200\" height=\"772\" \/><figcaption id=\"caption-attachment-8375\" class=\"wp-caption-text\">Noch einer &#8211; und die werden eher gr\u00f6\u00dfer als kleiner!<\/figcaption><\/figure>\n<figure id=\"attachment_8379\" aria-describedby=\"caption-attachment-8379\" style=\"width: 1200px\" class=\"wp-caption aligncenter\"><img loading=\"lazy\" class=\"size-full wp-image-8379\" src=\"https:\/\/www.barsch-alarm.de\/news\/wp-content\/uploads\/prostaff\/2016\/11\/barsch-7.jpg\" alt=\"Kann doch nicht sein. Ich war richtig geflasht.\" width=\"1200\" height=\"801\" \/><figcaption id=\"caption-attachment-8379\" class=\"wp-caption-text\">Kann doch nicht sein. Ich war richtig geflasht.<\/figcaption><\/figure>\n<figure id=\"attachment_8383\" aria-describedby=\"caption-attachment-8383\" style=\"width: 1200px\" class=\"wp-caption aligncenter\"><img loading=\"lazy\" class=\"size-full wp-image-8383\" src=\"https:\/\/www.barsch-alarm.de\/news\/wp-content\/uploads\/prostaff\/2016\/11\/Barsch-Faust.jpg\" alt=\"Kennt ihr noch die Becker-Faust? Das hier ist die Barsch-Faust. Die kommt relativ selten auf der Spree. Aber an dem Tag kam sie oft.\" width=\"1200\" height=\"887\" \/><figcaption id=\"caption-attachment-8383\" class=\"wp-caption-text\">Kennt ihr noch die Becker-Faust? Das hier ist die Barsch-Faust. Die kommt relativ selten auf der Spree. Aber an dem Tag kam sie oft.<\/figcaption><\/figure>\n<p>Keine Ahnung, ob ich dieses Jahr nochmal so einen Tag erlebe auf der Spree. F\u00fcr mich geht\u2019s ja bald nach Spanien. Aber euch Berlinern und allen anderen, die hart befischte und schwierige Gew\u00e4sser beangeln, dr\u00fccke ich die Daumen. M\u00f6ge die Macht mit euch sein und euch im richtigen Moment zum richtigen Spot f\u00fchren.<\/p>\n<p>Gas geben! K\u00e4mpfen. Dann wird\u2019s irgendwann auch was mit den dicken Barschen!<\/p>\n<p>Johannes<\/p>\n","protected":false},"excerpt":{"rendered":"<p>Ich beschwere mich ja oft \u00fcber unsere Spree. Klar. Wir haben viel Barsch hier. Und wer sich da richtig reinkniet, f\u00e4ngt auch mal nen Dicken. Es soll sogar Leute geben, die einigerma\u00dfen regelm\u00e4\u00dfig fette Kaliber fangen. Die Regel ist das aber nicht. Da muss man schon flei\u00dfig sein und die Bereitschaft mitbringen jeden Steg 10 &hellip; <\/p>\n<p class=\"link-more\"><a href=\"https:\/\/www.barsch-alarm.de\/news\/mein-bester-spree-barsch-tag-ever\/\" class=\"more-link\">Read more\u2026<\/a><\/p>\n","protected":false},"author":5,"featured_media":8374,"comment_status":"open","ping_status":"open","sticky":false,"template":"","format":"standard","meta":[],"categories":[3,2388],"tags":[410,2153,1851,1850,45],"featured_image_urls":{"full":"","thumbnail":"","medium":"","medium_large":"","large":"","1536x1536":"","2048x2048":"","thxpress-featured-image":"","400x250-crop":""},"post_excerpt_stackable":"<p>Ich beschwere mich ja oft \u00fcber unsere Spree. Klar. Wir haben viel Barsch hier. Und wer sich da richtig reinkniet, f\u00e4ngt auch mal nen Dicken. Es soll sogar Leute geben, die einigerma\u00dfen regelm\u00e4\u00dfig fette Kaliber fangen. Die Regel ist das aber nicht. Da muss man schon flei\u00dfig sein und die Bereitschaft mitbringen jeden Steg 10 mal abzuangeln, bis es mal richtig knattert. Aber ich m\u00f6chte allen Spreeanglern, die sich im Moment gegen die Kleinbarsch-Invasion wehren m\u00fcssen, Mut machen. Es kann immer der Tag der Tage kommen. Besonders im Herbst. Ich hatte meinen Super-Barsch-Tag im vorletzten Jahr. Da war ich immer&hellip;<\/p>\n","category_list":"<a href=\"https:\/\/www.barsch-alarm.de\/news\/category\/barsch\/\" rel=\"category tag\">Barsch<\/a>, <a href=\"https:\/\/www.barsch-alarm.de\/news\/category\/prostaff-shimano\/\" rel=\"category tag\">Prostaff-Shimano<\/a>","author_info":{"name":"dietel","url":"https:\/\/www.barsch-alarm.de\/news\/author\/dietel\/"},"comments_num":"8 Kommentare","featured_image_urls_v2":{"full":"","thumbnail":"","medium":"","medium_large":"","large":"","1536x1536":"","2048x2048":"","thxpress-featured-image":"","400x250-crop":""},"post_excerpt_stackable_v2":"<p>Ich beschwere mich ja oft \u00fcber unsere Spree. Klar. Wir haben viel Barsch hier. Und wer sich da richtig reinkniet, f\u00e4ngt auch mal nen Dicken. Es soll sogar Leute geben, die einigerma\u00dfen regelm\u00e4\u00dfig fette Kaliber fangen. Die Regel ist das aber nicht. Da muss man schon flei\u00dfig sein und die Bereitschaft mitbringen jeden Steg 10 mal abzuangeln, bis es mal richtig knattert. Aber ich m\u00f6chte allen Spreeanglern, die sich im Moment gegen die Kleinbarsch-Invasion wehren m\u00fcssen, Mut machen. Es kann immer der Tag der Tage kommen. Besonders im Herbst. Ich hatte meinen Super-Barsch-Tag im vorletzten Jahr. Da war ich immer&hellip;<\/p>\n","category_list_v2":"<a href=\"https:\/\/www.barsch-alarm.de\/news\/category\/barsch\/\" rel=\"category tag\">Barsch<\/a>, <a href=\"https:\/\/www.barsch-alarm.de\/news\/category\/prostaff-shimano\/\" rel=\"category tag\">Prostaff-Shimano<\/a>","author_info_v2":{"name":"dietel","url":"https:\/\/www.barsch-alarm.de\/news\/author\/dietel\/"},"comments_num_v2":"8 Kommentare","yoast_head":"<!-- This site is optimized with the Yoast SEO plugin v19.11 - https:\/\/yoast.com\/wordpress\/plugins\/seo\/ -->\n<title>Mein bester Spree-Barsch-Tag ever! | Barsch-Alarm<\/title>\n<meta name=\"robots\" content=\"index, follow, max-snippet:-1, max-image-preview:large, max-video-preview:-1\" \/>\n<link rel=\"canonical\" href=\"https:\/\/www.barsch-alarm.de\/news\/mein-bester-spree-barsch-tag-ever\/\" \/>\n<meta name=\"twitter:label1\" content=\"Verfasst von\" \/>\n\t<meta name=\"twitter:data1\" content=\"dietel\" \/>\n\t<meta name=\"twitter:label2\" content=\"Gesch\u00e4tzte Lesezeit\" \/>\n\t<meta name=\"twitter:data2\" content=\"2\u00a0Minuten\" \/>\n<script type=\"application\/ld+json\" class=\"yoast-schema-graph\">{\"@context\":\"https:\/\/schema.org\",\"@graph\":[{\"@type\":\"Article\",\"@id\":\"https:\/\/www.barsch-alarm.de\/news\/mein-bester-spree-barsch-tag-ever\/#article\",\"isPartOf\":{\"@id\":\"https:\/\/www.barsch-alarm.de\/news\/mein-bester-spree-barsch-tag-ever\/\"},\"author\":{\"name\":\"dietel\",\"@id\":\"https:\/\/www.barsch-alarm.de\/news\/#\/schema\/person\/625ad6937f19daaa4355ae4dcce349f7\"},\"headline\":\"Mein bester Spree-Barsch-Tag ever!\",\"datePublished\":\"2016-11-02T14:34:41+00:00\",\"dateModified\":\"2020-04-04T22:15:36+00:00\",\"mainEntityOfPage\":{\"@id\":\"https:\/\/www.barsch-alarm.de\/news\/mein-bester-spree-barsch-tag-ever\/\"},\"wordCount\":384,\"commentCount\":8,\"publisher\":{\"@id\":\"https:\/\/www.barsch-alarm.de\/news\/#\/schema\/person\/625ad6937f19daaa4355ae4dcce349f7\"},\"keywords\":[\"Aldebaran\",\"Barsch\",\"BFS\",\"Expride\",\"Spree\"],\"articleSection\":[\"Barsch\",\"Prostaff-Shimano\"],\"inLanguage\":\"de\",\"potentialAction\":[{\"@type\":\"CommentAction\",\"name\":\"Comment\",\"target\":[\"https:\/\/www.barsch-alarm.de\/news\/mein-bester-spree-barsch-tag-ever\/#respond\"]}]},{\"@type\":\"WebPage\",\"@id\":\"https:\/\/www.barsch-alarm.de\/news\/mein-bester-spree-barsch-tag-ever\/\",\"url\":\"https:\/\/www.barsch-alarm.de\/news\/mein-bester-spree-barsch-tag-ever\/\",\"name\":\"Mein bester Spree-Barsch-Tag ever! | Barsch-Alarm\",\"isPartOf\":{\"@id\":\"https:\/\/www.barsch-alarm.de\/news\/#website\"},\"datePublished\":\"2016-11-02T14:34:41+00:00\",\"dateModified\":\"2020-04-04T22:15:36+00:00\",\"breadcrumb\":{\"@id\":\"https:\/\/www.barsch-alarm.de\/news\/mein-bester-spree-barsch-tag-ever\/#breadcrumb\"},\"inLanguage\":\"de\",\"potentialAction\":[{\"@type\":\"ReadAction\",\"target\":[\"https:\/\/www.barsch-alarm.de\/news\/mein-bester-spree-barsch-tag-ever\/\"]}]},{\"@type\":\"BreadcrumbList\",\"@id\":\"https:\/\/www.barsch-alarm.de\/news\/mein-bester-spree-barsch-tag-ever\/#breadcrumb\",\"itemListElement\":[{\"@type\":\"ListItem\",\"position\":1,\"name\":\"Startseite\",\"item\":\"https:\/\/www.barsch-alarm.de\/news\/\"},{\"@type\":\"ListItem\",\"position\":2,\"name\":\"Mein bester Spree-Barsch-Tag ever!\"}]},{\"@type\":\"WebSite\",\"@id\":\"https:\/\/www.barsch-alarm.de\/news\/#website\",\"url\":\"https:\/\/www.barsch-alarm.de\/news\/\",\"name\":\"Barsch-Alarm\",\"description\":\"das gr\u00f6\u00dfte Angelforum f\u00fcr Spinnangler\",\"publisher\":{\"@id\":\"https:\/\/www.barsch-alarm.de\/news\/#\/schema\/person\/625ad6937f19daaa4355ae4dcce349f7\"},\"potentialAction\":[{\"@type\":\"SearchAction\",\"target\":{\"@type\":\"EntryPoint\",\"urlTemplate\":\"https:\/\/www.barsch-alarm.de\/news\/?s={search_term_string}\"},\"query-input\":\"required name=search_term_string\"}],\"inLanguage\":\"de\"},{\"@type\":[\"Person\",\"Organization\"],\"@id\":\"https:\/\/www.barsch-alarm.de\/news\/#\/schema\/person\/625ad6937f19daaa4355ae4dcce349f7\",\"name\":\"dietel\",\"image\":{\"@type\":\"ImageObject\",\"inLanguage\":\"de\",\"@id\":\"https:\/\/www.barsch-alarm.de\/news\/#\/schema\/person\/image\/\",\"url\":\"https:\/\/secure.gravatar.com\/avatar\/365783e1f60d378ef793fb7c5bb3ef04?s=96&d=mm&r=g\",\"contentUrl\":\"https:\/\/secure.gravatar.com\/avatar\/365783e1f60d378ef793fb7c5bb3ef04?s=96&d=mm&r=g\",\"caption\":\"dietel\"},\"logo\":{\"@id\":\"https:\/\/www.barsch-alarm.de\/news\/#\/schema\/person\/image\/\"},\"sameAs\":[\"http:\/\/www.barsch-alarm.de\/member.php?5-dietel\"],\"url\":\"https:\/\/www.barsch-alarm.de\/news\/author\/dietel\/\"}]}<\/script>\n<!-- \/ Yoast SEO plugin. -->","yoast_head_json":{"title":"Mein bester Spree-Barsch-Tag ever! | Barsch-Alarm","robots":{"index":"index","follow":"follow","max-snippet":"max-snippet:-1","max-image-preview":"max-image-preview:large","max-video-preview":"max-video-preview:-1"},"canonical":"https:\/\/www.barsch-alarm.de\/news\/mein-bester-spree-barsch-tag-ever\/","twitter_misc":{"Verfasst von":"dietel","Gesch\u00e4tzte Lesezeit":"2\u00a0Minuten"},"schema":{"@context":"https:\/\/schema.org","@graph":[{"@type":"Article","@id":"https:\/\/www.barsch-alarm.de\/news\/mein-bester-spree-barsch-tag-ever\/#article","isPartOf":{"@id":"https:\/\/www.barsch-alarm.de\/news\/mein-bester-spree-barsch-tag-ever\/"},"author":{"name":"dietel","@id":"https:\/\/www.barsch-alarm.de\/news\/#\/schema\/person\/625ad6937f19daaa4355ae4dcce349f7"},"headline":"Mein bester Spree-Barsch-Tag ever!","datePublished":"2016-11-02T14:34:41+00:00","dateModified":"2020-04-04T22:15:36+00:00","mainEntityOfPage":{"@id":"https:\/\/www.barsch-alarm.de\/news\/mein-bester-spree-barsch-tag-ever\/"},"wordCount":384,"commentCount":8,"publisher":{"@id":"https:\/\/www.barsch-alarm.de\/news\/#\/schema\/person\/625ad6937f19daaa4355ae4dcce349f7"},"keywords":["Aldebaran","Barsch","BFS","Expride","Spree"],"articleSection":["Barsch","Prostaff-Shimano"],"inLanguage":"de","potentialAction":[{"@type":"CommentAction","name":"Comment","target":["https:\/\/www.barsch-alarm.de\/news\/mein-bester-spree-barsch-tag-ever\/#respond"]}]},{"@type":"WebPage","@id":"https:\/\/www.barsch-alarm.de\/news\/mein-bester-spree-barsch-tag-ever\/","url":"https:\/\/www.barsch-alarm.de\/news\/mein-bester-spree-barsch-tag-ever\/","name":"Mein bester Spree-Barsch-Tag ever! | Barsch-Alarm","isPartOf":{"@id":"https:\/\/www.barsch-alarm.de\/news\/#website"},"datePublished":"2016-11-02T14:34:41+00:00","dateModified":"2020-04-04T22:15:36+00:00","breadcrumb":{"@id":"https:\/\/www.barsch-alarm.de\/news\/mein-bester-spree-barsch-tag-ever\/#breadcrumb"},"inLanguage":"de","potentialAction":[{"@type":"ReadAction","target":["https:\/\/www.barsch-alarm.de\/news\/mein-bester-spree-barsch-tag-ever\/"]}]},{"@type":"BreadcrumbList","@id":"https:\/\/www.barsch-alarm.de\/news\/mein-bester-spree-barsch-tag-ever\/#breadcrumb","itemListElement":[{"@type":"ListItem","position":1,"name":"Startseite","item":"https:\/\/www.barsch-alarm.de\/news\/"},{"@type":"ListItem","position":2,"name":"Mein bester Spree-Barsch-Tag ever!"}]},{"@type":"WebSite","@id":"https:\/\/www.barsch-alarm.de\/news\/#website","url":"https:\/\/www.barsch-alarm.de\/news\/","name":"Barsch-Alarm","description":"das gr\u00f6\u00dfte Angelforum f\u00fcr Spinnangler","publisher":{"@id":"https:\/\/www.barsch-alarm.de\/news\/#\/schema\/person\/625ad6937f19daaa4355ae4dcce349f7"},"potentialAction":[{"@type":"SearchAction","target":{"@type":"EntryPoint","urlTemplate":"https:\/\/www.barsch-alarm.de\/news\/?s={search_term_string}"},"query-input":"required name=search_term_string"}],"inLanguage":"de"},{"@type":["Person","Organization"],"@id":"https:\/\/www.barsch-alarm.de\/news\/#\/schema\/person\/625ad6937f19daaa4355ae4dcce349f7","name":"dietel","image":{"@type":"ImageObject","inLanguage":"de","@id":"https:\/\/www.barsch-alarm.de\/news\/#\/schema\/person\/image\/","url":"https:\/\/secure.gravatar.com\/avatar\/365783e1f60d378ef793fb7c5bb3ef04?s=96&d=mm&r=g","contentUrl":"https:\/\/secure.gravatar.com\/avatar\/365783e1f60d378ef793fb7c5bb3ef04?s=96&d=mm&r=g","caption":"dietel"},"logo":{"@id":"https:\/\/www.barsch-alarm.de\/news\/#\/schema\/person\/image\/"},"sameAs":["http:\/\/www.barsch-alarm.de\/member.php?5-dietel"],"url":"https:\/\/www.barsch-alarm.de\/news\/author\/dietel\/"}]}},"_links":{"self":[{"href":"https:\/\/www.barsch-alarm.de\/news\/wp-json\/wp\/v2\/posts\/8371"}],"collection":[{"href":"https:\/\/www.barsch-alarm.de\/news\/wp-json\/wp\/v2\/posts"}],"about":[{"href":"https:\/\/www.barsch-alarm.de\/news\/wp-json\/wp\/v2\/types\/post"}],"author":[{"embeddable":true,"href":"https:\/\/www.barsch-alarm.de\/news\/wp-json\/wp\/v2\/users\/5"}],"replies":[{"embeddable":true,"href":"https:\/\/www.barsch-alarm.de\/news\/wp-json\/wp\/v2\/comments?post=8371"}],"version-history":[{"count":1,"href":"https:\/\/www.barsch-alarm.de\/news\/wp-json\/wp\/v2\/posts\/8371\/revisions"}],"predecessor-version":[{"id":23789,"href":"https:\/\/www.barsch-alarm.de\/news\/wp-json\/wp\/v2\/posts\/8371\/revisions\/23789"}],"wp:featuredmedia":[{"embeddable":true,"href":"https:\/\/www.barsch-alarm.de\/news\/wp-json\/"}],"wp:attachment":[{"href":"https:\/\/www.barsch-alarm.de\/news\/wp-json\/wp\/v2\/media?parent=8371"}],"wp:term":[{"taxonomy":"category","embeddable":true,"href":"https:\/\/www.barsch-alarm.de\/news\/wp-json\/wp\/v2\/categories?post=8371"},{"taxonomy":"post_tag","embeddable":true,"href":"https:\/\/www.barsch-alarm.de\/news\/wp-json\/wp\/v2\/tags?post=8371"}],"curies":[{"name":"wp","href":"https:\/\/api.w.org\/{rel}","templated":true}]}}