{"id":8086,"date":"2015-09-27T05:56:43","date_gmt":"2015-09-27T03:56:43","guid":{"rendered":"https:\/\/www.barsch-alarm.de\/news\/?p=8086"},"modified":"2015-09-22T06:00:15","modified_gmt":"2015-09-22T04:00:15","slug":"gysi-und-korte-im-anglerboard-interview","status":"publish","type":"post","link":"https:\/\/www.barsch-alarm.de\/news\/gysi-und-korte-im-anglerboard-interview\/","title":{"rendered":"Gysi und Korte im Anglerboard-Interview"},"content":{"rendered":"<p><iframe loading=\"lazy\" width=\"500\" height=\"281\" src=\"https:\/\/www.youtube.com\/embed\/e3HU0fpReB4?feature=oembed\" frameborder=\"0\" allowfullscreen><\/iframe><\/p>\n<p>Heute mal ein Beitrag vom Anglerboard-TV. Die Kollegen sind in die oberste Etage der Politik vorgedrungen und haben es tats\u00e4chlich geschafft, Gregor Gysi und Jan Korte zu einem Interview \u00fcbers Angeln zu montivieren.<\/p>\n","protected":false},"excerpt":{"rendered":"<p>Heute mal ein Beitrag vom Anglerboard-TV. Die Kollegen sind in die oberste Etage der Politik vorgedrungen und haben es tats\u00e4chlich geschafft, Gregor Gysi und Jan Korte zu einem Interview \u00fcbers Angeln zu montivieren.<\/p>\n","protected":false},"author":5,"featured_media":8128,"comment_status":"closed","ping_status":"open","sticky":false,"template":"","format":"standard","meta":[],"categories":[1801],"tags":[],"featured_image_urls":{"full":["https:\/\/www.barsch-alarm.de\/news\/wp-content\/uploads\/2015\/09\/gysi-und-korte-im-anglerboard-in.jpg",1681,948,false],"thumbnail":["https:\/\/www.barsch-alarm.de\/news\/wp-content\/uploads\/2015\/09\/gysi-und-korte-im-anglerboard-in-326x184.jpg",326,184,true],"medium":["https:\/\/www.barsch-alarm.de\/news\/wp-content\/uploads\/2015\/09\/gysi-und-korte-im-anglerboard-in-326x184.jpg",326,184,true],"medium_large":["https:\/\/www.barsch-alarm.de\/news\/wp-content\/uploads\/2015\/09\/gysi-und-korte-im-anglerboard-in-768x433.jpg",768,433,true],"large":["https:\/\/www.barsch-alarm.de\/news\/wp-content\/uploads\/2015\/09\/gysi-und-korte-im-anglerboard-in-678x382.jpg",621,350,true],"1536x1536":["https:\/\/www.barsch-alarm.de\/news\/wp-content\/uploads\/2015\/09\/gysi-und-korte-im-anglerboard-in.jpg",1536,866,false],"2048x2048":["https:\/\/www.barsch-alarm.de\/news\/wp-content\/uploads\/2015\/09\/gysi-und-korte-im-anglerboard-in.jpg",1681,948,false],"thxpress-featured-image":["https:\/\/www.barsch-alarm.de\/news\/wp-content\/uploads\/2015\/09\/gysi-und-korte-im-anglerboard-in.jpg",1681,948,false],"400x250-crop":["https:\/\/www.barsch-alarm.de\/news\/wp-content\/uploads\/2015\/09\/gysi-und-korte-im-anglerboard-in.jpg",400,226,false]},"post_excerpt_stackable":"<p>Heute mal ein Beitrag vom Anglerboard-TV. Die Kollegen sind in die oberste Etage der Politik vorgedrungen und haben es tats\u00e4chlich geschafft, Gregor Gysi und Jan Korte zu einem Interview \u00fcbers Angeln zu montivieren.<\/p>\n","category_list":"<a href=\"https:\/\/www.barsch-alarm.de\/news\/category\/ba-flashlights\/\" rel=\"category tag\">BA-Flashlights<\/a>","author_info":{"name":"dietel","url":"https:\/\/www.barsch-alarm.de\/news\/author\/dietel\/"},"comments_num":"0 Kommentare","featured_image_urls_v2":{"full":["https:\/\/www.barsch-alarm.de\/news\/wp-content\/uploads\/2015\/09\/gysi-und-korte-im-anglerboard-in.jpg",1681,948,false],"thumbnail":["https:\/\/www.barsch-alarm.de\/news\/wp-content\/uploads\/2015\/09\/gysi-und-korte-im-anglerboard-in-326x184.jpg",326,184,true],"medium":["https:\/\/www.barsch-alarm.de\/news\/wp-content\/uploads\/2015\/09\/gysi-und-korte-im-anglerboard-in-326x184.jpg",326,184,true],"medium_large":["https:\/\/www.barsch-alarm.de\/news\/wp-content\/uploads\/2015\/09\/gysi-und-korte-im-anglerboard-in-768x433.jpg",768,433,true],"large":["https:\/\/www.barsch-alarm.de\/news\/wp-content\/uploads\/2015\/09\/gysi-und-korte-im-anglerboard-in-678x382.jpg",621,350,true],"1536x1536":["https:\/\/www.barsch-alarm.de\/news\/wp-content\/uploads\/2015\/09\/gysi-und-korte-im-anglerboard-in.jpg",1536,866,false],"2048x2048":["https:\/\/www.barsch-alarm.de\/news\/wp-content\/uploads\/2015\/09\/gysi-und-korte-im-anglerboard-in.jpg",1681,948,false],"thxpress-featured-image":["https:\/\/www.barsch-alarm.de\/news\/wp-content\/uploads\/2015\/09\/gysi-und-korte-im-anglerboard-in.jpg",1681,948,false],"400x250-crop":["https:\/\/www.barsch-alarm.de\/news\/wp-content\/uploads\/2015\/09\/gysi-und-korte-im-anglerboard-in.jpg",400,226,false]},"post_excerpt_stackable_v2":"<p>Heute mal ein Beitrag vom Anglerboard-TV. Die Kollegen sind in die oberste Etage der Politik vorgedrungen und haben es tats\u00e4chlich geschafft, Gregor Gysi und Jan Korte zu einem Interview \u00fcbers Angeln zu montivieren.<\/p>\n","category_list_v2":"<a href=\"https:\/\/www.barsch-alarm.de\/news\/category\/ba-flashlights\/\" rel=\"category tag\">BA-Flashlights<\/a>","author_info_v2":{"name":"dietel","url":"https:\/\/www.barsch-alarm.de\/news\/author\/dietel\/"},"comments_num_v2":"0 Kommentare","yoast_head":"<!-- This site is optimized with the Yoast SEO plugin v19.11 - https:\/\/yoast.com\/wordpress\/plugins\/seo\/ -->\n<title>Gysi und Korte im Anglerboard-Interview | Barsch-Alarm<\/title>\n<meta name=\"robots\" content=\"index, follow, max-snippet:-1, max-image-preview:large, max-video-preview:-1\" \/>\n<link rel=\"canonical\" href=\"https:\/\/www.barsch-alarm.de\/news\/gysi-und-korte-im-anglerboard-interview\/\" \/>\n<meta name=\"twitter:label1\" content=\"Verfasst von\" \/>\n\t<meta name=\"twitter:data1\" content=\"dietel\" \/>\n<script type=\"application\/ld+json\" class=\"yoast-schema-graph\">{\"@context\":\"https:\/\/schema.org\",\"@graph\":[{\"@type\":\"Article\",\"@id\":\"https:\/\/www.barsch-alarm.de\/news\/gysi-und-korte-im-anglerboard-interview\/#article\",\"isPartOf\":{\"@id\":\"https:\/\/www.barsch-alarm.de\/news\/gysi-und-korte-im-anglerboard-interview\/\"},\"author\":{\"name\":\"dietel\",\"@id\":\"https:\/\/www.barsch-alarm.de\/news\/#\/schema\/person\/625ad6937f19daaa4355ae4dcce349f7\"},\"headline\":\"Gysi und Korte im Anglerboard-Interview\",\"datePublished\":\"2015-09-27T03:56:43+00:00\",\"dateModified\":\"2015-09-22T04:00:15+00:00\",\"mainEntityOfPage\":{\"@id\":\"https:\/\/www.barsch-alarm.de\/news\/gysi-und-korte-im-anglerboard-interview\/\"},\"wordCount\":48,\"publisher\":{\"@id\":\"https:\/\/www.barsch-alarm.de\/news\/#\/schema\/person\/625ad6937f19daaa4355ae4dcce349f7\"},\"articleSection\":[\"BA-Flashlights\"],\"inLanguage\":\"de\"},{\"@type\":\"WebPage\",\"@id\":\"https:\/\/www.barsch-alarm.de\/news\/gysi-und-korte-im-anglerboard-interview\/\",\"url\":\"https:\/\/www.barsch-alarm.de\/news\/gysi-und-korte-im-anglerboard-interview\/\",\"name\":\"Gysi und Korte im Anglerboard-Interview | Barsch-Alarm\",\"isPartOf\":{\"@id\":\"https:\/\/www.barsch-alarm.de\/news\/#website\"},\"datePublished\":\"2015-09-27T03:56:43+00:00\",\"dateModified\":\"2015-09-22T04:00:15+00:00\",\"breadcrumb\":{\"@id\":\"https:\/\/www.barsch-alarm.de\/news\/gysi-und-korte-im-anglerboard-interview\/#breadcrumb\"},\"inLanguage\":\"de\",\"potentialAction\":[{\"@type\":\"ReadAction\",\"target\":[\"https:\/\/www.barsch-alarm.de\/news\/gysi-und-korte-im-anglerboard-interview\/\"]}]},{\"@type\":\"BreadcrumbList\",\"@id\":\"https:\/\/www.barsch-alarm.de\/news\/gysi-und-korte-im-anglerboard-interview\/#breadcrumb\",\"itemListElement\":[{\"@type\":\"ListItem\",\"position\":1,\"name\":\"Startseite\",\"item\":\"https:\/\/www.barsch-alarm.de\/news\/\"},{\"@type\":\"ListItem\",\"position\":2,\"name\":\"Gysi und Korte im Anglerboard-Interview\"}]},{\"@type\":\"WebSite\",\"@id\":\"https:\/\/www.barsch-alarm.de\/news\/#website\",\"url\":\"https:\/\/www.barsch-alarm.de\/news\/\",\"name\":\"Barsch-Alarm\",\"description\":\"das gr\u00f6\u00dfte Angelforum f\u00fcr Spinnangler\",\"publisher\":{\"@id\":\"https:\/\/www.barsch-alarm.de\/news\/#\/schema\/person\/625ad6937f19daaa4355ae4dcce349f7\"},\"potentialAction\":[{\"@type\":\"SearchAction\",\"target\":{\"@type\":\"EntryPoint\",\"urlTemplate\":\"https:\/\/www.barsch-alarm.de\/news\/?s={search_term_string}\"},\"query-input\":\"required name=search_term_string\"}],\"inLanguage\":\"de\"},{\"@type\":[\"Person\",\"Organization\"],\"@id\":\"https:\/\/www.barsch-alarm.de\/news\/#\/schema\/person\/625ad6937f19daaa4355ae4dcce349f7\",\"name\":\"dietel\",\"image\":{\"@type\":\"ImageObject\",\"inLanguage\":\"de\",\"@id\":\"https:\/\/www.barsch-alarm.de\/news\/#\/schema\/person\/image\/\",\"url\":\"https:\/\/secure.gravatar.com\/avatar\/365783e1f60d378ef793fb7c5bb3ef04?s=96&d=mm&r=g\",\"contentUrl\":\"https:\/\/secure.gravatar.com\/avatar\/365783e1f60d378ef793fb7c5bb3ef04?s=96&d=mm&r=g\",\"caption\":\"dietel\"},\"logo\":{\"@id\":\"https:\/\/www.barsch-alarm.de\/news\/#\/schema\/person\/image\/\"},\"sameAs\":[\"http:\/\/www.barsch-alarm.de\/member.php?5-dietel\"],\"url\":\"https:\/\/www.barsch-alarm.de\/news\/author\/dietel\/\"}]}<\/script>\n<!-- \/ Yoast SEO plugin. -->","yoast_head_json":{"title":"Gysi und Korte im Anglerboard-Interview | Barsch-Alarm","robots":{"index":"index","follow":"follow","max-snippet":"max-snippet:-1","max-image-preview":"max-image-preview:large","max-video-preview":"max-video-preview:-1"},"canonical":"https:\/\/www.barsch-alarm.de\/news\/gysi-und-korte-im-anglerboard-interview\/","twitter_misc":{"Verfasst von":"dietel"},"schema":{"@context":"https:\/\/schema.org","@graph":[{"@type":"Article","@id":"https:\/\/www.barsch-alarm.de\/news\/gysi-und-korte-im-anglerboard-interview\/#article","isPartOf":{"@id":"https:\/\/www.barsch-alarm.de\/news\/gysi-und-korte-im-anglerboard-interview\/"},"author":{"name":"dietel","@id":"https:\/\/www.barsch-alarm.de\/news\/#\/schema\/person\/625ad6937f19daaa4355ae4dcce349f7"},"headline":"Gysi und Korte im Anglerboard-Interview","datePublished":"2015-09-27T03:56:43+00:00","dateModified":"2015-09-22T04:00:15+00:00","mainEntityOfPage":{"@id":"https:\/\/www.barsch-alarm.de\/news\/gysi-und-korte-im-anglerboard-interview\/"},"wordCount":48,"publisher":{"@id":"https:\/\/www.barsch-alarm.de\/news\/#\/schema\/person\/625ad6937f19daaa4355ae4dcce349f7"},"articleSection":["BA-Flashlights"],"inLanguage":"de"},{"@type":"WebPage","@id":"https:\/\/www.barsch-alarm.de\/news\/gysi-und-korte-im-anglerboard-interview\/","url":"https:\/\/www.barsch-alarm.de\/news\/gysi-und-korte-im-anglerboard-interview\/","name":"Gysi und Korte im Anglerboard-Interview | Barsch-Alarm","isPartOf":{"@id":"https:\/\/www.barsch-alarm.de\/news\/#website"},"datePublished":"2015-09-27T03:56:43+00:00","dateModified":"2015-09-22T04:00:15+00:00","breadcrumb":{"@id":"https:\/\/www.barsch-alarm.de\/news\/gysi-und-korte-im-anglerboard-interview\/#breadcrumb"},"inLanguage":"de","potentialAction":[{"@type":"ReadAction","target":["https:\/\/www.barsch-alarm.de\/news\/gysi-und-korte-im-anglerboard-interview\/"]}]},{"@type":"BreadcrumbList","@id":"https:\/\/www.barsch-alarm.de\/news\/gysi-und-korte-im-anglerboard-interview\/#breadcrumb","itemListElement":[{"@type":"ListItem","position":1,"name":"Startseite","item":"https:\/\/www.barsch-alarm.de\/news\/"},{"@type":"ListItem","position":2,"name":"Gysi und Korte im Anglerboard-Interview"}]},{"@type":"WebSite","@id":"https:\/\/www.barsch-alarm.de\/news\/#website","url":"https:\/\/www.barsch-alarm.de\/news\/","name":"Barsch-Alarm","description":"das gr\u00f6\u00dfte Angelforum f\u00fcr Spinnangler","publisher":{"@id":"https:\/\/www.barsch-alarm.de\/news\/#\/schema\/person\/625ad6937f19daaa4355ae4dcce349f7"},"potentialAction":[{"@type":"SearchAction","target":{"@type":"EntryPoint","urlTemplate":"https:\/\/www.barsch-alarm.de\/news\/?s={search_term_string}"},"query-input":"required name=search_term_string"}],"inLanguage":"de"},{"@type":["Person","Organization"],"@id":"https:\/\/www.barsch-alarm.de\/news\/#\/schema\/person\/625ad6937f19daaa4355ae4dcce349f7","name":"dietel","image":{"@type":"ImageObject","inLanguage":"de","@id":"https:\/\/www.barsch-alarm.de\/news\/#\/schema\/person\/image\/","url":"https:\/\/secure.gravatar.com\/avatar\/365783e1f60d378ef793fb7c5bb3ef04?s=96&d=mm&r=g","contentUrl":"https:\/\/secure.gravatar.com\/avatar\/365783e1f60d378ef793fb7c5bb3ef04?s=96&d=mm&r=g","caption":"dietel"},"logo":{"@id":"https:\/\/www.barsch-alarm.de\/news\/#\/schema\/person\/image\/"},"sameAs":["http:\/\/www.barsch-alarm.de\/member.php?5-dietel"],"url":"https:\/\/www.barsch-alarm.de\/news\/author\/dietel\/"}]}},"_links":{"self":[{"href":"https:\/\/www.barsch-alarm.de\/news\/wp-json\/wp\/v2\/posts\/8086"}],"collection":[{"href":"https:\/\/www.barsch-alarm.de\/news\/wp-json\/wp\/v2\/posts"}],"about":[{"href":"https:\/\/www.barsch-alarm.de\/news\/wp-json\/wp\/v2\/types\/post"}],"author":[{"embeddable":true,"href":"https:\/\/www.barsch-alarm.de\/news\/wp-json\/wp\/v2\/users\/5"}],"replies":[{"embeddable":true,"href":"https:\/\/www.barsch-alarm.de\/news\/wp-json\/wp\/v2\/comments?post=8086"}],"version-history":[{"count":1,"href":"https:\/\/www.barsch-alarm.de\/news\/wp-json\/wp\/v2\/posts\/8086\/revisions"}],"predecessor-version":[{"id":8087,"href":"https:\/\/www.barsch-alarm.de\/news\/wp-json\/wp\/v2\/posts\/8086\/revisions\/8087"}],"wp:featuredmedia":[{"embeddable":true,"href":"https:\/\/www.barsch-alarm.de\/news\/wp-json\/wp\/v2\/media\/8128"}],"wp:attachment":[{"href":"https:\/\/www.barsch-alarm.de\/news\/wp-json\/wp\/v2\/media?parent=8086"}],"wp:term":[{"taxonomy":"category","embeddable":true,"href":"https:\/\/www.barsch-alarm.de\/news\/wp-json\/wp\/v2\/categories?post=8086"},{"taxonomy":"post_tag","embeddable":true,"href":"https:\/\/www.barsch-alarm.de\/news\/wp-json\/wp\/v2\/tags?post=8086"}],"curies":[{"name":"wp","href":"https:\/\/api.w.org\/{rel}","templated":true}]}}