{"id":6935,"date":"2015-07-09T16:09:05","date_gmt":"2015-07-09T14:09:05","guid":{"rendered":"https:\/\/www.barsch-alarm.de\/news\/?p=6935"},"modified":"2015-06-28T16:12:26","modified_gmt":"2015-06-28T14:12:26","slug":"tauwurmen-am-ebro","status":"publish","type":"post","link":"https:\/\/www.barsch-alarm.de\/news\/tauwurmen-am-ebro\/","title":{"rendered":"Tauwurmen am Ebro"},"content":{"rendered":"<p><iframe loading=\"lazy\" width=\"500\" height=\"281\" src=\"https:\/\/www.youtube.com\/embed\/4z0LpNJ60iM?feature=oembed\" frameborder=\"0\" allowfullscreen><\/iframe><\/p>\n<p>Ein kleines Schmankerl f\u00fcr alle, die sich f\u00fcr die Spanientour angemeldet haben. Bruno ist einer unserer Gastgeber. Die Tauw\u00fcrmer werden wir aber wohl nicht auspacken, oder? Bei dem Fischbestand muss es auch m\u00f6glich sein, mit Gummiw\u00fcrmern Fische zu fangen.<\/p>\n","protected":false},"excerpt":{"rendered":"<p>Ein kleines Schmankerl f\u00fcr alle, die sich f\u00fcr die Spanientour angemeldet haben. Bruno ist einer unserer Gastgeber. Die Tauw\u00fcrmer werden wir aber wohl nicht auspacken, oder? Bei dem Fischbestand muss es auch m\u00f6glich sein, mit Gummiw\u00fcrmern Fische zu fangen.<\/p>\n","protected":false},"author":5,"featured_media":6976,"comment_status":"open","ping_status":"open","sticky":false,"template":"","format":"standard","meta":[],"categories":[1801],"tags":[],"featured_image_urls":{"full":["https:\/\/www.barsch-alarm.de\/news\/wp-content\/uploads\/2015\/07\/tauwurmen-am-ebro.jpg",1354,686,false],"thumbnail":["https:\/\/www.barsch-alarm.de\/news\/wp-content\/uploads\/2015\/07\/tauwurmen-am-ebro-326x165.jpg",326,165,true],"medium":["https:\/\/www.barsch-alarm.de\/news\/wp-content\/uploads\/2015\/07\/tauwurmen-am-ebro-326x165.jpg",326,165,true],"medium_large":["https:\/\/www.barsch-alarm.de\/news\/wp-content\/uploads\/2015\/07\/tauwurmen-am-ebro-768x389.jpg",768,389,true],"large":["https:\/\/www.barsch-alarm.de\/news\/wp-content\/uploads\/2015\/07\/tauwurmen-am-ebro-678x344.jpg",678,344,true],"1536x1536":["https:\/\/www.barsch-alarm.de\/news\/wp-content\/uploads\/2015\/07\/tauwurmen-am-ebro.jpg",1354,686,false],"2048x2048":["https:\/\/www.barsch-alarm.de\/news\/wp-content\/uploads\/2015\/07\/tauwurmen-am-ebro.jpg",1354,686,false],"thxpress-featured-image":["https:\/\/www.barsch-alarm.de\/news\/wp-content\/uploads\/2015\/07\/tauwurmen-am-ebro.jpg",1354,686,false],"400x250-crop":["https:\/\/www.barsch-alarm.de\/news\/wp-content\/uploads\/2015\/07\/tauwurmen-am-ebro.jpg",400,203,false]},"post_excerpt_stackable":"<p>Ein kleines Schmankerl f\u00fcr alle, die sich f\u00fcr die Spanientour angemeldet haben. Bruno ist einer unserer Gastgeber. Die Tauw\u00fcrmer werden wir aber wohl nicht auspacken, oder? Bei dem Fischbestand muss es auch m\u00f6glich sein, mit Gummiw\u00fcrmern Fische zu fangen.<\/p>\n","category_list":"<a href=\"https:\/\/www.barsch-alarm.de\/news\/category\/ba-flashlights\/\" rel=\"category tag\">BA-Flashlights<\/a>","author_info":{"name":"dietel","url":"https:\/\/www.barsch-alarm.de\/news\/author\/dietel\/"},"comments_num":"3 Kommentare","featured_image_urls_v2":{"full":["https:\/\/www.barsch-alarm.de\/news\/wp-content\/uploads\/2015\/07\/tauwurmen-am-ebro.jpg",1354,686,false],"thumbnail":["https:\/\/www.barsch-alarm.de\/news\/wp-content\/uploads\/2015\/07\/tauwurmen-am-ebro-326x165.jpg",326,165,true],"medium":["https:\/\/www.barsch-alarm.de\/news\/wp-content\/uploads\/2015\/07\/tauwurmen-am-ebro-326x165.jpg",326,165,true],"medium_large":["https:\/\/www.barsch-alarm.de\/news\/wp-content\/uploads\/2015\/07\/tauwurmen-am-ebro-768x389.jpg",768,389,true],"large":["https:\/\/www.barsch-alarm.de\/news\/wp-content\/uploads\/2015\/07\/tauwurmen-am-ebro-678x344.jpg",678,344,true],"1536x1536":["https:\/\/www.barsch-alarm.de\/news\/wp-content\/uploads\/2015\/07\/tauwurmen-am-ebro.jpg",1354,686,false],"2048x2048":["https:\/\/www.barsch-alarm.de\/news\/wp-content\/uploads\/2015\/07\/tauwurmen-am-ebro.jpg",1354,686,false],"thxpress-featured-image":["https:\/\/www.barsch-alarm.de\/news\/wp-content\/uploads\/2015\/07\/tauwurmen-am-ebro.jpg",1354,686,false],"400x250-crop":["https:\/\/www.barsch-alarm.de\/news\/wp-content\/uploads\/2015\/07\/tauwurmen-am-ebro.jpg",400,203,false]},"post_excerpt_stackable_v2":"<p>Ein kleines Schmankerl f\u00fcr alle, die sich f\u00fcr die Spanientour angemeldet haben. Bruno ist einer unserer Gastgeber. Die Tauw\u00fcrmer werden wir aber wohl nicht auspacken, oder? Bei dem Fischbestand muss es auch m\u00f6glich sein, mit Gummiw\u00fcrmern Fische zu fangen.<\/p>\n","category_list_v2":"<a href=\"https:\/\/www.barsch-alarm.de\/news\/category\/ba-flashlights\/\" rel=\"category tag\">BA-Flashlights<\/a>","author_info_v2":{"name":"dietel","url":"https:\/\/www.barsch-alarm.de\/news\/author\/dietel\/"},"comments_num_v2":"3 Kommentare","yoast_head":"<!-- This site is optimized with the Yoast SEO plugin v19.11 - https:\/\/yoast.com\/wordpress\/plugins\/seo\/ -->\n<title>Tauwurmen am Ebro | Barsch-Alarm<\/title>\n<meta name=\"robots\" content=\"index, follow, max-snippet:-1, max-image-preview:large, max-video-preview:-1\" \/>\n<link rel=\"canonical\" href=\"https:\/\/www.barsch-alarm.de\/news\/tauwurmen-am-ebro\/\" \/>\n<meta name=\"twitter:label1\" content=\"Verfasst von\" \/>\n\t<meta name=\"twitter:data1\" content=\"dietel\" \/>\n<script type=\"application\/ld+json\" class=\"yoast-schema-graph\">{\"@context\":\"https:\/\/schema.org\",\"@graph\":[{\"@type\":\"Article\",\"@id\":\"https:\/\/www.barsch-alarm.de\/news\/tauwurmen-am-ebro\/#article\",\"isPartOf\":{\"@id\":\"https:\/\/www.barsch-alarm.de\/news\/tauwurmen-am-ebro\/\"},\"author\":{\"name\":\"dietel\",\"@id\":\"https:\/\/www.barsch-alarm.de\/news\/#\/schema\/person\/625ad6937f19daaa4355ae4dcce349f7\"},\"headline\":\"Tauwurmen am Ebro\",\"datePublished\":\"2015-07-09T14:09:05+00:00\",\"dateModified\":\"2015-06-28T14:12:26+00:00\",\"mainEntityOfPage\":{\"@id\":\"https:\/\/www.barsch-alarm.de\/news\/tauwurmen-am-ebro\/\"},\"wordCount\":56,\"commentCount\":3,\"publisher\":{\"@id\":\"https:\/\/www.barsch-alarm.de\/news\/#\/schema\/person\/625ad6937f19daaa4355ae4dcce349f7\"},\"articleSection\":[\"BA-Flashlights\"],\"inLanguage\":\"de\",\"potentialAction\":[{\"@type\":\"CommentAction\",\"name\":\"Comment\",\"target\":[\"https:\/\/www.barsch-alarm.de\/news\/tauwurmen-am-ebro\/#respond\"]}]},{\"@type\":\"WebPage\",\"@id\":\"https:\/\/www.barsch-alarm.de\/news\/tauwurmen-am-ebro\/\",\"url\":\"https:\/\/www.barsch-alarm.de\/news\/tauwurmen-am-ebro\/\",\"name\":\"Tauwurmen am Ebro | Barsch-Alarm\",\"isPartOf\":{\"@id\":\"https:\/\/www.barsch-alarm.de\/news\/#website\"},\"datePublished\":\"2015-07-09T14:09:05+00:00\",\"dateModified\":\"2015-06-28T14:12:26+00:00\",\"breadcrumb\":{\"@id\":\"https:\/\/www.barsch-alarm.de\/news\/tauwurmen-am-ebro\/#breadcrumb\"},\"inLanguage\":\"de\",\"potentialAction\":[{\"@type\":\"ReadAction\",\"target\":[\"https:\/\/www.barsch-alarm.de\/news\/tauwurmen-am-ebro\/\"]}]},{\"@type\":\"BreadcrumbList\",\"@id\":\"https:\/\/www.barsch-alarm.de\/news\/tauwurmen-am-ebro\/#breadcrumb\",\"itemListElement\":[{\"@type\":\"ListItem\",\"position\":1,\"name\":\"Startseite\",\"item\":\"https:\/\/www.barsch-alarm.de\/news\/\"},{\"@type\":\"ListItem\",\"position\":2,\"name\":\"Tauwurmen am Ebro\"}]},{\"@type\":\"WebSite\",\"@id\":\"https:\/\/www.barsch-alarm.de\/news\/#website\",\"url\":\"https:\/\/www.barsch-alarm.de\/news\/\",\"name\":\"Barsch-Alarm\",\"description\":\"das gr\u00f6\u00dfte Angelforum f\u00fcr Spinnangler\",\"publisher\":{\"@id\":\"https:\/\/www.barsch-alarm.de\/news\/#\/schema\/person\/625ad6937f19daaa4355ae4dcce349f7\"},\"potentialAction\":[{\"@type\":\"SearchAction\",\"target\":{\"@type\":\"EntryPoint\",\"urlTemplate\":\"https:\/\/www.barsch-alarm.de\/news\/?s={search_term_string}\"},\"query-input\":\"required name=search_term_string\"}],\"inLanguage\":\"de\"},{\"@type\":[\"Person\",\"Organization\"],\"@id\":\"https:\/\/www.barsch-alarm.de\/news\/#\/schema\/person\/625ad6937f19daaa4355ae4dcce349f7\",\"name\":\"dietel\",\"image\":{\"@type\":\"ImageObject\",\"inLanguage\":\"de\",\"@id\":\"https:\/\/www.barsch-alarm.de\/news\/#\/schema\/person\/image\/\",\"url\":\"https:\/\/secure.gravatar.com\/avatar\/365783e1f60d378ef793fb7c5bb3ef04?s=96&d=mm&r=g\",\"contentUrl\":\"https:\/\/secure.gravatar.com\/avatar\/365783e1f60d378ef793fb7c5bb3ef04?s=96&d=mm&r=g\",\"caption\":\"dietel\"},\"logo\":{\"@id\":\"https:\/\/www.barsch-alarm.de\/news\/#\/schema\/person\/image\/\"},\"sameAs\":[\"http:\/\/www.barsch-alarm.de\/member.php?5-dietel\"],\"url\":\"https:\/\/www.barsch-alarm.de\/news\/author\/dietel\/\"}]}<\/script>\n<!-- \/ Yoast SEO plugin. -->","yoast_head_json":{"title":"Tauwurmen am Ebro | Barsch-Alarm","robots":{"index":"index","follow":"follow","max-snippet":"max-snippet:-1","max-image-preview":"max-image-preview:large","max-video-preview":"max-video-preview:-1"},"canonical":"https:\/\/www.barsch-alarm.de\/news\/tauwurmen-am-ebro\/","twitter_misc":{"Verfasst von":"dietel"},"schema":{"@context":"https:\/\/schema.org","@graph":[{"@type":"Article","@id":"https:\/\/www.barsch-alarm.de\/news\/tauwurmen-am-ebro\/#article","isPartOf":{"@id":"https:\/\/www.barsch-alarm.de\/news\/tauwurmen-am-ebro\/"},"author":{"name":"dietel","@id":"https:\/\/www.barsch-alarm.de\/news\/#\/schema\/person\/625ad6937f19daaa4355ae4dcce349f7"},"headline":"Tauwurmen am Ebro","datePublished":"2015-07-09T14:09:05+00:00","dateModified":"2015-06-28T14:12:26+00:00","mainEntityOfPage":{"@id":"https:\/\/www.barsch-alarm.de\/news\/tauwurmen-am-ebro\/"},"wordCount":56,"commentCount":3,"publisher":{"@id":"https:\/\/www.barsch-alarm.de\/news\/#\/schema\/person\/625ad6937f19daaa4355ae4dcce349f7"},"articleSection":["BA-Flashlights"],"inLanguage":"de","potentialAction":[{"@type":"CommentAction","name":"Comment","target":["https:\/\/www.barsch-alarm.de\/news\/tauwurmen-am-ebro\/#respond"]}]},{"@type":"WebPage","@id":"https:\/\/www.barsch-alarm.de\/news\/tauwurmen-am-ebro\/","url":"https:\/\/www.barsch-alarm.de\/news\/tauwurmen-am-ebro\/","name":"Tauwurmen am Ebro | Barsch-Alarm","isPartOf":{"@id":"https:\/\/www.barsch-alarm.de\/news\/#website"},"datePublished":"2015-07-09T14:09:05+00:00","dateModified":"2015-06-28T14:12:26+00:00","breadcrumb":{"@id":"https:\/\/www.barsch-alarm.de\/news\/tauwurmen-am-ebro\/#breadcrumb"},"inLanguage":"de","potentialAction":[{"@type":"ReadAction","target":["https:\/\/www.barsch-alarm.de\/news\/tauwurmen-am-ebro\/"]}]},{"@type":"BreadcrumbList","@id":"https:\/\/www.barsch-alarm.de\/news\/tauwurmen-am-ebro\/#breadcrumb","itemListElement":[{"@type":"ListItem","position":1,"name":"Startseite","item":"https:\/\/www.barsch-alarm.de\/news\/"},{"@type":"ListItem","position":2,"name":"Tauwurmen am Ebro"}]},{"@type":"WebSite","@id":"https:\/\/www.barsch-alarm.de\/news\/#website","url":"https:\/\/www.barsch-alarm.de\/news\/","name":"Barsch-Alarm","description":"das gr\u00f6\u00dfte Angelforum f\u00fcr Spinnangler","publisher":{"@id":"https:\/\/www.barsch-alarm.de\/news\/#\/schema\/person\/625ad6937f19daaa4355ae4dcce349f7"},"potentialAction":[{"@type":"SearchAction","target":{"@type":"EntryPoint","urlTemplate":"https:\/\/www.barsch-alarm.de\/news\/?s={search_term_string}"},"query-input":"required name=search_term_string"}],"inLanguage":"de"},{"@type":["Person","Organization"],"@id":"https:\/\/www.barsch-alarm.de\/news\/#\/schema\/person\/625ad6937f19daaa4355ae4dcce349f7","name":"dietel","image":{"@type":"ImageObject","inLanguage":"de","@id":"https:\/\/www.barsch-alarm.de\/news\/#\/schema\/person\/image\/","url":"https:\/\/secure.gravatar.com\/avatar\/365783e1f60d378ef793fb7c5bb3ef04?s=96&d=mm&r=g","contentUrl":"https:\/\/secure.gravatar.com\/avatar\/365783e1f60d378ef793fb7c5bb3ef04?s=96&d=mm&r=g","caption":"dietel"},"logo":{"@id":"https:\/\/www.barsch-alarm.de\/news\/#\/schema\/person\/image\/"},"sameAs":["http:\/\/www.barsch-alarm.de\/member.php?5-dietel"],"url":"https:\/\/www.barsch-alarm.de\/news\/author\/dietel\/"}]}},"_links":{"self":[{"href":"https:\/\/www.barsch-alarm.de\/news\/wp-json\/wp\/v2\/posts\/6935"}],"collection":[{"href":"https:\/\/www.barsch-alarm.de\/news\/wp-json\/wp\/v2\/posts"}],"about":[{"href":"https:\/\/www.barsch-alarm.de\/news\/wp-json\/wp\/v2\/types\/post"}],"author":[{"embeddable":true,"href":"https:\/\/www.barsch-alarm.de\/news\/wp-json\/wp\/v2\/users\/5"}],"replies":[{"embeddable":true,"href":"https:\/\/www.barsch-alarm.de\/news\/wp-json\/wp\/v2\/comments?post=6935"}],"version-history":[{"count":1,"href":"https:\/\/www.barsch-alarm.de\/news\/wp-json\/wp\/v2\/posts\/6935\/revisions"}],"predecessor-version":[{"id":6936,"href":"https:\/\/www.barsch-alarm.de\/news\/wp-json\/wp\/v2\/posts\/6935\/revisions\/6936"}],"wp:featuredmedia":[{"embeddable":true,"href":"https:\/\/www.barsch-alarm.de\/news\/wp-json\/wp\/v2\/media\/6976"}],"wp:attachment":[{"href":"https:\/\/www.barsch-alarm.de\/news\/wp-json\/wp\/v2\/media?parent=6935"}],"wp:term":[{"taxonomy":"category","embeddable":true,"href":"https:\/\/www.barsch-alarm.de\/news\/wp-json\/wp\/v2\/categories?post=6935"},{"taxonomy":"post_tag","embeddable":true,"href":"https:\/\/www.barsch-alarm.de\/news\/wp-json\/wp\/v2\/tags?post=6935"}],"curies":[{"name":"wp","href":"https:\/\/api.w.org\/{rel}","templated":true}]}}