{"id":6765,"date":"2015-06-11T08:10:24","date_gmt":"2015-06-11T06:10:24","guid":{"rendered":"https:\/\/www.barsch-alarm.de\/news\/?p=6765"},"modified":"2015-06-07T08:10:53","modified_gmt":"2015-06-07T06:10:53","slug":"mit-der-fliege-auf-aesche","status":"publish","type":"post","link":"https:\/\/www.barsch-alarm.de\/news\/mit-der-fliege-auf-aesche\/","title":{"rendered":"Mit der Fliege auf \u00c4sche"},"content":{"rendered":"<p><iframe loading=\"lazy\" width=\"500\" height=\"281\" src=\"https:\/\/www.youtube.com\/embed\/qpcUTFXg9iY?feature=oembed\" frameborder=\"0\" allowfullscreen><\/iframe><\/p>\n<p>Dank Barschbernd geht es heute mit Niklaus Bauer und Daniel Bergman an einen traumhaften schwedischen Fluss auf \u00c4schen. Ich habe noch keine gefangen. Muss sich auch irgendwann mal \u00e4ndern. Sind ja schon extrem sch\u00f6ne Fische. Und am leichten Ger\u00e4t &#8211; ob Fliegen- oder Spinnrute &#8211; muss das gro\u00dfen Spa\u00df machen.<\/p>\n","protected":false},"excerpt":{"rendered":"<p>Dank Barschbernd geht es heute mit Niklaus Bauer und Daniel Bergman an einen traumhaften schwedischen Fluss auf \u00c4schen. Ich habe noch keine gefangen. Muss sich auch irgendwann mal \u00e4ndern. Sind ja schon extrem sch\u00f6ne Fische. Und am leichten Ger\u00e4t &#8211; ob Fliegen- oder Spinnrute &#8211; muss das gro\u00dfen Spa\u00df machen.<\/p>\n","protected":false},"author":5,"featured_media":6767,"comment_status":"open","ping_status":"open","sticky":false,"template":"","format":"standard","meta":[],"categories":[1801],"tags":[],"featured_image_urls":{"full":["https:\/\/www.barsch-alarm.de\/news\/wp-content\/uploads\/2015\/06\/mit-der-fliege-auf-aesche.jpg",1920,1080,false],"thumbnail":["https:\/\/www.barsch-alarm.de\/news\/wp-content\/uploads\/2015\/06\/mit-der-fliege-auf-aesche-326x183.jpg",326,183,true],"medium":["https:\/\/www.barsch-alarm.de\/news\/wp-content\/uploads\/2015\/06\/mit-der-fliege-auf-aesche-326x183.jpg",326,183,true],"medium_large":["https:\/\/www.barsch-alarm.de\/news\/wp-content\/uploads\/2015\/06\/mit-der-fliege-auf-aesche-768x432.jpg",768,432,true],"large":["https:\/\/www.barsch-alarm.de\/news\/wp-content\/uploads\/2015\/06\/mit-der-fliege-auf-aesche-678x381.jpg",623,350,true],"1536x1536":["https:\/\/www.barsch-alarm.de\/news\/wp-content\/uploads\/2015\/06\/mit-der-fliege-auf-aesche.jpg",1536,864,false],"2048x2048":["https:\/\/www.barsch-alarm.de\/news\/wp-content\/uploads\/2015\/06\/mit-der-fliege-auf-aesche.jpg",1920,1080,false],"thxpress-featured-image":["https:\/\/www.barsch-alarm.de\/news\/wp-content\/uploads\/2015\/06\/mit-der-fliege-auf-aesche.jpg",1920,1080,false],"400x250-crop":["https:\/\/www.barsch-alarm.de\/news\/wp-content\/uploads\/2015\/06\/mit-der-fliege-auf-aesche.jpg",400,225,false]},"post_excerpt_stackable":"<p>Dank Barschbernd geht es heute mit Niklaus Bauer und Daniel Bergman an einen traumhaften schwedischen Fluss auf \u00c4schen. Ich habe noch keine gefangen. Muss sich auch irgendwann mal \u00e4ndern. Sind ja schon extrem sch\u00f6ne Fische. Und am leichten Ger\u00e4t &#8211; ob Fliegen- oder Spinnrute &#8211; muss das gro\u00dfen Spa\u00df machen.<\/p>\n","category_list":"<a href=\"https:\/\/www.barsch-alarm.de\/news\/category\/ba-flashlights\/\" rel=\"category tag\">BA-Flashlights<\/a>","author_info":{"name":"dietel","url":"https:\/\/www.barsch-alarm.de\/news\/author\/dietel\/"},"comments_num":"1 Kommentar","featured_image_urls_v2":{"full":["https:\/\/www.barsch-alarm.de\/news\/wp-content\/uploads\/2015\/06\/mit-der-fliege-auf-aesche.jpg",1920,1080,false],"thumbnail":["https:\/\/www.barsch-alarm.de\/news\/wp-content\/uploads\/2015\/06\/mit-der-fliege-auf-aesche-326x183.jpg",326,183,true],"medium":["https:\/\/www.barsch-alarm.de\/news\/wp-content\/uploads\/2015\/06\/mit-der-fliege-auf-aesche-326x183.jpg",326,183,true],"medium_large":["https:\/\/www.barsch-alarm.de\/news\/wp-content\/uploads\/2015\/06\/mit-der-fliege-auf-aesche-768x432.jpg",768,432,true],"large":["https:\/\/www.barsch-alarm.de\/news\/wp-content\/uploads\/2015\/06\/mit-der-fliege-auf-aesche-678x381.jpg",623,350,true],"1536x1536":["https:\/\/www.barsch-alarm.de\/news\/wp-content\/uploads\/2015\/06\/mit-der-fliege-auf-aesche.jpg",1536,864,false],"2048x2048":["https:\/\/www.barsch-alarm.de\/news\/wp-content\/uploads\/2015\/06\/mit-der-fliege-auf-aesche.jpg",1920,1080,false],"thxpress-featured-image":["https:\/\/www.barsch-alarm.de\/news\/wp-content\/uploads\/2015\/06\/mit-der-fliege-auf-aesche.jpg",1920,1080,false],"400x250-crop":["https:\/\/www.barsch-alarm.de\/news\/wp-content\/uploads\/2015\/06\/mit-der-fliege-auf-aesche.jpg",400,225,false]},"post_excerpt_stackable_v2":"<p>Dank Barschbernd geht es heute mit Niklaus Bauer und Daniel Bergman an einen traumhaften schwedischen Fluss auf \u00c4schen. Ich habe noch keine gefangen. Muss sich auch irgendwann mal \u00e4ndern. Sind ja schon extrem sch\u00f6ne Fische. Und am leichten Ger\u00e4t &#8211; ob Fliegen- oder Spinnrute &#8211; muss das gro\u00dfen Spa\u00df machen.<\/p>\n","category_list_v2":"<a href=\"https:\/\/www.barsch-alarm.de\/news\/category\/ba-flashlights\/\" rel=\"category tag\">BA-Flashlights<\/a>","author_info_v2":{"name":"dietel","url":"https:\/\/www.barsch-alarm.de\/news\/author\/dietel\/"},"comments_num_v2":"1 Kommentar","yoast_head":"<!-- This site is optimized with the Yoast SEO plugin v19.11 - https:\/\/yoast.com\/wordpress\/plugins\/seo\/ -->\n<title>Mit der Fliege auf \u00c4sche | Barsch-Alarm<\/title>\n<meta name=\"robots\" content=\"index, follow, max-snippet:-1, max-image-preview:large, max-video-preview:-1\" \/>\n<link rel=\"canonical\" href=\"https:\/\/www.barsch-alarm.de\/news\/mit-der-fliege-auf-aesche\/\" \/>\n<meta name=\"twitter:label1\" content=\"Verfasst von\" \/>\n\t<meta name=\"twitter:data1\" content=\"dietel\" \/>\n<script type=\"application\/ld+json\" class=\"yoast-schema-graph\">{\"@context\":\"https:\/\/schema.org\",\"@graph\":[{\"@type\":\"Article\",\"@id\":\"https:\/\/www.barsch-alarm.de\/news\/mit-der-fliege-auf-aesche\/#article\",\"isPartOf\":{\"@id\":\"https:\/\/www.barsch-alarm.de\/news\/mit-der-fliege-auf-aesche\/\"},\"author\":{\"name\":\"dietel\",\"@id\":\"https:\/\/www.barsch-alarm.de\/news\/#\/schema\/person\/625ad6937f19daaa4355ae4dcce349f7\"},\"headline\":\"Mit der Fliege auf \u00c4sche\",\"datePublished\":\"2015-06-11T06:10:24+00:00\",\"dateModified\":\"2015-06-07T06:10:53+00:00\",\"mainEntityOfPage\":{\"@id\":\"https:\/\/www.barsch-alarm.de\/news\/mit-der-fliege-auf-aesche\/\"},\"wordCount\":66,\"commentCount\":1,\"publisher\":{\"@id\":\"https:\/\/www.barsch-alarm.de\/news\/#\/schema\/person\/625ad6937f19daaa4355ae4dcce349f7\"},\"articleSection\":[\"BA-Flashlights\"],\"inLanguage\":\"de\",\"potentialAction\":[{\"@type\":\"CommentAction\",\"name\":\"Comment\",\"target\":[\"https:\/\/www.barsch-alarm.de\/news\/mit-der-fliege-auf-aesche\/#respond\"]}]},{\"@type\":\"WebPage\",\"@id\":\"https:\/\/www.barsch-alarm.de\/news\/mit-der-fliege-auf-aesche\/\",\"url\":\"https:\/\/www.barsch-alarm.de\/news\/mit-der-fliege-auf-aesche\/\",\"name\":\"Mit der Fliege auf \u00c4sche | Barsch-Alarm\",\"isPartOf\":{\"@id\":\"https:\/\/www.barsch-alarm.de\/news\/#website\"},\"datePublished\":\"2015-06-11T06:10:24+00:00\",\"dateModified\":\"2015-06-07T06:10:53+00:00\",\"breadcrumb\":{\"@id\":\"https:\/\/www.barsch-alarm.de\/news\/mit-der-fliege-auf-aesche\/#breadcrumb\"},\"inLanguage\":\"de\",\"potentialAction\":[{\"@type\":\"ReadAction\",\"target\":[\"https:\/\/www.barsch-alarm.de\/news\/mit-der-fliege-auf-aesche\/\"]}]},{\"@type\":\"BreadcrumbList\",\"@id\":\"https:\/\/www.barsch-alarm.de\/news\/mit-der-fliege-auf-aesche\/#breadcrumb\",\"itemListElement\":[{\"@type\":\"ListItem\",\"position\":1,\"name\":\"Startseite\",\"item\":\"https:\/\/www.barsch-alarm.de\/news\/\"},{\"@type\":\"ListItem\",\"position\":2,\"name\":\"Mit der Fliege auf \u00c4sche\"}]},{\"@type\":\"WebSite\",\"@id\":\"https:\/\/www.barsch-alarm.de\/news\/#website\",\"url\":\"https:\/\/www.barsch-alarm.de\/news\/\",\"name\":\"Barsch-Alarm\",\"description\":\"das gr\u00f6\u00dfte Angelforum f\u00fcr Spinnangler\",\"publisher\":{\"@id\":\"https:\/\/www.barsch-alarm.de\/news\/#\/schema\/person\/625ad6937f19daaa4355ae4dcce349f7\"},\"potentialAction\":[{\"@type\":\"SearchAction\",\"target\":{\"@type\":\"EntryPoint\",\"urlTemplate\":\"https:\/\/www.barsch-alarm.de\/news\/?s={search_term_string}\"},\"query-input\":\"required name=search_term_string\"}],\"inLanguage\":\"de\"},{\"@type\":[\"Person\",\"Organization\"],\"@id\":\"https:\/\/www.barsch-alarm.de\/news\/#\/schema\/person\/625ad6937f19daaa4355ae4dcce349f7\",\"name\":\"dietel\",\"image\":{\"@type\":\"ImageObject\",\"inLanguage\":\"de\",\"@id\":\"https:\/\/www.barsch-alarm.de\/news\/#\/schema\/person\/image\/\",\"url\":\"https:\/\/secure.gravatar.com\/avatar\/365783e1f60d378ef793fb7c5bb3ef04?s=96&d=mm&r=g\",\"contentUrl\":\"https:\/\/secure.gravatar.com\/avatar\/365783e1f60d378ef793fb7c5bb3ef04?s=96&d=mm&r=g\",\"caption\":\"dietel\"},\"logo\":{\"@id\":\"https:\/\/www.barsch-alarm.de\/news\/#\/schema\/person\/image\/\"},\"sameAs\":[\"http:\/\/www.barsch-alarm.de\/member.php?5-dietel\"],\"url\":\"https:\/\/www.barsch-alarm.de\/news\/author\/dietel\/\"}]}<\/script>\n<!-- \/ Yoast SEO plugin. -->","yoast_head_json":{"title":"Mit der Fliege auf \u00c4sche | Barsch-Alarm","robots":{"index":"index","follow":"follow","max-snippet":"max-snippet:-1","max-image-preview":"max-image-preview:large","max-video-preview":"max-video-preview:-1"},"canonical":"https:\/\/www.barsch-alarm.de\/news\/mit-der-fliege-auf-aesche\/","twitter_misc":{"Verfasst von":"dietel"},"schema":{"@context":"https:\/\/schema.org","@graph":[{"@type":"Article","@id":"https:\/\/www.barsch-alarm.de\/news\/mit-der-fliege-auf-aesche\/#article","isPartOf":{"@id":"https:\/\/www.barsch-alarm.de\/news\/mit-der-fliege-auf-aesche\/"},"author":{"name":"dietel","@id":"https:\/\/www.barsch-alarm.de\/news\/#\/schema\/person\/625ad6937f19daaa4355ae4dcce349f7"},"headline":"Mit der Fliege auf \u00c4sche","datePublished":"2015-06-11T06:10:24+00:00","dateModified":"2015-06-07T06:10:53+00:00","mainEntityOfPage":{"@id":"https:\/\/www.barsch-alarm.de\/news\/mit-der-fliege-auf-aesche\/"},"wordCount":66,"commentCount":1,"publisher":{"@id":"https:\/\/www.barsch-alarm.de\/news\/#\/schema\/person\/625ad6937f19daaa4355ae4dcce349f7"},"articleSection":["BA-Flashlights"],"inLanguage":"de","potentialAction":[{"@type":"CommentAction","name":"Comment","target":["https:\/\/www.barsch-alarm.de\/news\/mit-der-fliege-auf-aesche\/#respond"]}]},{"@type":"WebPage","@id":"https:\/\/www.barsch-alarm.de\/news\/mit-der-fliege-auf-aesche\/","url":"https:\/\/www.barsch-alarm.de\/news\/mit-der-fliege-auf-aesche\/","name":"Mit der Fliege auf \u00c4sche | Barsch-Alarm","isPartOf":{"@id":"https:\/\/www.barsch-alarm.de\/news\/#website"},"datePublished":"2015-06-11T06:10:24+00:00","dateModified":"2015-06-07T06:10:53+00:00","breadcrumb":{"@id":"https:\/\/www.barsch-alarm.de\/news\/mit-der-fliege-auf-aesche\/#breadcrumb"},"inLanguage":"de","potentialAction":[{"@type":"ReadAction","target":["https:\/\/www.barsch-alarm.de\/news\/mit-der-fliege-auf-aesche\/"]}]},{"@type":"BreadcrumbList","@id":"https:\/\/www.barsch-alarm.de\/news\/mit-der-fliege-auf-aesche\/#breadcrumb","itemListElement":[{"@type":"ListItem","position":1,"name":"Startseite","item":"https:\/\/www.barsch-alarm.de\/news\/"},{"@type":"ListItem","position":2,"name":"Mit der Fliege auf \u00c4sche"}]},{"@type":"WebSite","@id":"https:\/\/www.barsch-alarm.de\/news\/#website","url":"https:\/\/www.barsch-alarm.de\/news\/","name":"Barsch-Alarm","description":"das gr\u00f6\u00dfte Angelforum f\u00fcr Spinnangler","publisher":{"@id":"https:\/\/www.barsch-alarm.de\/news\/#\/schema\/person\/625ad6937f19daaa4355ae4dcce349f7"},"potentialAction":[{"@type":"SearchAction","target":{"@type":"EntryPoint","urlTemplate":"https:\/\/www.barsch-alarm.de\/news\/?s={search_term_string}"},"query-input":"required name=search_term_string"}],"inLanguage":"de"},{"@type":["Person","Organization"],"@id":"https:\/\/www.barsch-alarm.de\/news\/#\/schema\/person\/625ad6937f19daaa4355ae4dcce349f7","name":"dietel","image":{"@type":"ImageObject","inLanguage":"de","@id":"https:\/\/www.barsch-alarm.de\/news\/#\/schema\/person\/image\/","url":"https:\/\/secure.gravatar.com\/avatar\/365783e1f60d378ef793fb7c5bb3ef04?s=96&d=mm&r=g","contentUrl":"https:\/\/secure.gravatar.com\/avatar\/365783e1f60d378ef793fb7c5bb3ef04?s=96&d=mm&r=g","caption":"dietel"},"logo":{"@id":"https:\/\/www.barsch-alarm.de\/news\/#\/schema\/person\/image\/"},"sameAs":["http:\/\/www.barsch-alarm.de\/member.php?5-dietel"],"url":"https:\/\/www.barsch-alarm.de\/news\/author\/dietel\/"}]}},"_links":{"self":[{"href":"https:\/\/www.barsch-alarm.de\/news\/wp-json\/wp\/v2\/posts\/6765"}],"collection":[{"href":"https:\/\/www.barsch-alarm.de\/news\/wp-json\/wp\/v2\/posts"}],"about":[{"href":"https:\/\/www.barsch-alarm.de\/news\/wp-json\/wp\/v2\/types\/post"}],"author":[{"embeddable":true,"href":"https:\/\/www.barsch-alarm.de\/news\/wp-json\/wp\/v2\/users\/5"}],"replies":[{"embeddable":true,"href":"https:\/\/www.barsch-alarm.de\/news\/wp-json\/wp\/v2\/comments?post=6765"}],"version-history":[{"count":1,"href":"https:\/\/www.barsch-alarm.de\/news\/wp-json\/wp\/v2\/posts\/6765\/revisions"}],"predecessor-version":[{"id":6766,"href":"https:\/\/www.barsch-alarm.de\/news\/wp-json\/wp\/v2\/posts\/6765\/revisions\/6766"}],"wp:featuredmedia":[{"embeddable":true,"href":"https:\/\/www.barsch-alarm.de\/news\/wp-json\/wp\/v2\/media\/6767"}],"wp:attachment":[{"href":"https:\/\/www.barsch-alarm.de\/news\/wp-json\/wp\/v2\/media?parent=6765"}],"wp:term":[{"taxonomy":"category","embeddable":true,"href":"https:\/\/www.barsch-alarm.de\/news\/wp-json\/wp\/v2\/categories?post=6765"},{"taxonomy":"post_tag","embeddable":true,"href":"https:\/\/www.barsch-alarm.de\/news\/wp-json\/wp\/v2\/tags?post=6765"}],"curies":[{"name":"wp","href":"https:\/\/api.w.org\/{rel}","templated":true}]}}