{"id":650,"date":"2012-11-22T12:16:23","date_gmt":"2012-11-22T12:16:23","guid":{"rendered":""},"modified":"2014-12-20T17:14:21","modified_gmt":"2014-12-20T16:14:21","slug":"stellungnahme-des-dav-zum-thema-cr","status":"publish","type":"post","link":"https:\/\/www.barsch-alarm.de\/news\/stellungnahme-des-dav-zum-thema-cr\/","title":{"rendered":"Stellungnahme des DAV zum Thema C&#038;R"},"content":{"rendered":"<p><img loading=\"lazy\" width=\"60\" hspace=\"10\" height=\"89\" align=\"left\" src=\"\/1import\/impArtclImgs\/13535829830_dav_klein.gif\" alt=\"\" \/>Gerade bin ich im Forum \u00fcber einen Link gestolpert, der meines Erachtens noch mehr Prominenz verdient hat. Und so nehme ich das Ganze mal auf die Startseite &#8211; in der Hoffnung, dass der DAV das gut findet, kopiere ich die Stellungnahme mal hier rein.<\/p>\n<p>&#8222;<strong>Zur Frage des Fangens und Zur\u00fccksetzens von Fischen vertritt das DAV-Pr\u00e4sidium folgenden Standpunkt:<\/strong> Das Tierschutzgesetz f\u00fchrt aus, dass einem Tier nur Schmerzen und Leiden zugef\u00fcgt werden d\u00fcrfen, wenn dies aus vern\u00fcnftigen Gr\u00fcnden geschieht. Einer dieser Gr\u00fcnde ist der Verzehr des gefangenen Fisches. Daneben gibt es jedoch weitere Gesetze, denen zu folgen ist. Solche Gesetze sind z. B. die Fischereigesetze der einzelnen Bundesl\u00e4nder. Diese weisen den Fischereiaus\u00fcbenden z. B. an, unterma\u00dfige Fische, Fische, welche in der Schonzeit gefangen wurden oder einer bedrohten Fischart angeh\u00f6ren, zur\u00fcckzusetzen. Der Angler k\u00e4me in Konflikt mit dem Gesetz, wenn er dies nicht einhielte. Eine ausdr\u00fcckliche Mitnahmepflicht ist in keinem der deutschen Gesetze festgeschrieben! &#8230;<\/p>\n<p>Wissenschaftliche Untersuchungen zum genetischen Potenzial von Fischen lassen sogar vermuten, dass das systematische Entnehmen von gro\u00dfen Fischen im Endeffekt zu einer Ver\u00e4nderung der genetischen Architektur der Fische f\u00fchrt, d. h., dass das genetische Potenzial verarmt. Fischpopulationen w\u00fcrden durch die Negativselektion (gezielte Entnahme der kapitalen Fische) kleinw\u00fcchsiger, krankheitsanf\u00e4lliger etc. Ganz abgesehen davon ist es manchem Angler auch nicht m\u00f6glich, kapitale Fische selbst zu verwerten, sodass er den gefangenen Fisch wieder zur\u00fccksetzen m\u00f6chte.<\/p>\n<p>Aus unterschiedlichen Gr\u00fcnden wird das Tierschutzgesetz von Vertretern verschiedener Verb\u00e4nde missinterpretiert. Es wird von einigen Tierschutzvertretern in der Art ausgelegt, als ob das Zur\u00fccksetzen von Fischen eine strafbare Handlung w\u00e4re.<\/p>\n<p>Der DAV erkl\u00e4rt deshalb noch einmal ausdr\u00fccklich seinen Standpunkt zum catch and release. Wir gehen angeln, um Fische zu fangen und zu verwerten, behalten uns jedoch weiterhin das Recht vor, Fische auch zur\u00fcckzusetzen!&#8220;<\/p>\n","protected":false},"excerpt":{"rendered":"<p>Gerade bin ich im Forum \u00fcber einen Link gestolpert, der meines Erachtens noch mehr Prominenz verdient hat. Und so nehme ich das Ganze mal auf die Startseite &#8211; in der Hoffnung, dass der DAV das gut findet, kopiere ich die Stellungnahme mal hier rein. &#8222;Zur Frage des Fangens und Zur\u00fccksetzens von Fischen vertritt das DAV-Pr\u00e4sidium &hellip; <\/p>\n<p class=\"link-more\"><a href=\"https:\/\/www.barsch-alarm.de\/news\/stellungnahme-des-dav-zum-thema-cr\/\" class=\"more-link\">Read more\u2026<\/a><\/p>\n","protected":false},"author":5,"featured_media":651,"comment_status":"open","ping_status":"open","sticky":false,"template":"","format":"standard","meta":[],"categories":[1],"tags":[],"featured_image_urls":{"full":["https:\/\/www.barsch-alarm.de\/news\/wp-content\/uploads\/vbimport\/13535829830_dav_klein.gif",68,100,false],"thumbnail":["https:\/\/www.barsch-alarm.de\/news\/wp-content\/uploads\/vbimport\/13535829830_dav_klein.gif",68,100,false],"medium":["https:\/\/www.barsch-alarm.de\/news\/wp-content\/uploads\/vbimport\/13535829830_dav_klein.gif",68,100,false],"medium_large":["https:\/\/www.barsch-alarm.de\/news\/wp-content\/uploads\/vbimport\/13535829830_dav_klein.gif",68,100,false],"large":["https:\/\/www.barsch-alarm.de\/news\/wp-content\/uploads\/vbimport\/13535829830_dav_klein.gif",68,100,false],"1536x1536":["https:\/\/www.barsch-alarm.de\/news\/wp-content\/uploads\/vbimport\/13535829830_dav_klein.gif",68,100,false],"2048x2048":["https:\/\/www.barsch-alarm.de\/news\/wp-content\/uploads\/vbimport\/13535829830_dav_klein.gif",68,100,false],"thxpress-featured-image":["https:\/\/www.barsch-alarm.de\/news\/wp-content\/uploads\/vbimport\/13535829830_dav_klein.gif",68,100,false],"400x250-crop":["https:\/\/www.barsch-alarm.de\/news\/wp-content\/uploads\/vbimport\/13535829830_dav_klein.gif",68,100,false]},"post_excerpt_stackable":"<p>Gerade bin ich im Forum \u00fcber einen Link gestolpert, der meines Erachtens noch mehr Prominenz verdient hat. Und so nehme ich das Ganze mal auf die Startseite &#8211; in der Hoffnung, dass der DAV das gut findet, kopiere ich die Stellungnahme mal hier rein. &#8222;Zur Frage des Fangens und Zur\u00fccksetzens von Fischen vertritt das DAV-Pr\u00e4sidium folgenden Standpunkt: Das Tierschutzgesetz f\u00fchrt aus, dass einem Tier nur Schmerzen und Leiden zugef\u00fcgt werden d\u00fcrfen, wenn dies aus vern\u00fcnftigen Gr\u00fcnden geschieht. Einer dieser Gr\u00fcnde ist der Verzehr des gefangenen Fisches. Daneben gibt es jedoch weitere Gesetze, denen zu folgen ist. Solche Gesetze sind z.&hellip;<\/p>\n","category_list":"<a href=\"https:\/\/www.barsch-alarm.de\/news\/category\/news\/\" rel=\"category tag\">News<\/a>","author_info":{"name":"dietel","url":"https:\/\/www.barsch-alarm.de\/news\/author\/dietel\/"},"comments_num":"36 Kommentare","featured_image_urls_v2":{"full":["https:\/\/www.barsch-alarm.de\/news\/wp-content\/uploads\/vbimport\/13535829830_dav_klein.gif",68,100,false],"thumbnail":["https:\/\/www.barsch-alarm.de\/news\/wp-content\/uploads\/vbimport\/13535829830_dav_klein.gif",68,100,false],"medium":["https:\/\/www.barsch-alarm.de\/news\/wp-content\/uploads\/vbimport\/13535829830_dav_klein.gif",68,100,false],"medium_large":["https:\/\/www.barsch-alarm.de\/news\/wp-content\/uploads\/vbimport\/13535829830_dav_klein.gif",68,100,false],"large":["https:\/\/www.barsch-alarm.de\/news\/wp-content\/uploads\/vbimport\/13535829830_dav_klein.gif",68,100,false],"1536x1536":["https:\/\/www.barsch-alarm.de\/news\/wp-content\/uploads\/vbimport\/13535829830_dav_klein.gif",68,100,false],"2048x2048":["https:\/\/www.barsch-alarm.de\/news\/wp-content\/uploads\/vbimport\/13535829830_dav_klein.gif",68,100,false],"thxpress-featured-image":["https:\/\/www.barsch-alarm.de\/news\/wp-content\/uploads\/vbimport\/13535829830_dav_klein.gif",68,100,false],"400x250-crop":["https:\/\/www.barsch-alarm.de\/news\/wp-content\/uploads\/vbimport\/13535829830_dav_klein.gif",68,100,false]},"post_excerpt_stackable_v2":"<p>Gerade bin ich im Forum \u00fcber einen Link gestolpert, der meines Erachtens noch mehr Prominenz verdient hat. Und so nehme ich das Ganze mal auf die Startseite &#8211; in der Hoffnung, dass der DAV das gut findet, kopiere ich die Stellungnahme mal hier rein. &#8222;Zur Frage des Fangens und Zur\u00fccksetzens von Fischen vertritt das DAV-Pr\u00e4sidium folgenden Standpunkt: Das Tierschutzgesetz f\u00fchrt aus, dass einem Tier nur Schmerzen und Leiden zugef\u00fcgt werden d\u00fcrfen, wenn dies aus vern\u00fcnftigen Gr\u00fcnden geschieht. Einer dieser Gr\u00fcnde ist der Verzehr des gefangenen Fisches. Daneben gibt es jedoch weitere Gesetze, denen zu folgen ist. Solche Gesetze sind z.&hellip;<\/p>\n","category_list_v2":"<a href=\"https:\/\/www.barsch-alarm.de\/news\/category\/news\/\" rel=\"category tag\">News<\/a>","author_info_v2":{"name":"dietel","url":"https:\/\/www.barsch-alarm.de\/news\/author\/dietel\/"},"comments_num_v2":"36 Kommentare","yoast_head":"<!-- This site is optimized with the Yoast SEO plugin v19.11 - https:\/\/yoast.com\/wordpress\/plugins\/seo\/ -->\n<title>Stellungnahme des DAV zum Thema C&amp;R | Barsch-Alarm<\/title>\n<meta name=\"robots\" content=\"index, follow, max-snippet:-1, max-image-preview:large, max-video-preview:-1\" \/>\n<link rel=\"canonical\" href=\"https:\/\/www.barsch-alarm.de\/news\/stellungnahme-des-dav-zum-thema-cr\/\" \/>\n<meta name=\"twitter:label1\" content=\"Verfasst von\" \/>\n\t<meta name=\"twitter:data1\" content=\"dietel\" \/>\n\t<meta name=\"twitter:label2\" content=\"Gesch\u00e4tzte Lesezeit\" \/>\n\t<meta name=\"twitter:data2\" content=\"2\u00a0Minuten\" \/>\n<script type=\"application\/ld+json\" class=\"yoast-schema-graph\">{\"@context\":\"https:\/\/schema.org\",\"@graph\":[{\"@type\":\"Article\",\"@id\":\"https:\/\/www.barsch-alarm.de\/news\/stellungnahme-des-dav-zum-thema-cr\/#article\",\"isPartOf\":{\"@id\":\"https:\/\/www.barsch-alarm.de\/news\/stellungnahme-des-dav-zum-thema-cr\/\"},\"author\":{\"name\":\"dietel\",\"@id\":\"https:\/\/www.barsch-alarm.de\/news\/#\/schema\/person\/625ad6937f19daaa4355ae4dcce349f7\"},\"headline\":\"Stellungnahme des DAV zum Thema C&#038;R\",\"datePublished\":\"2012-11-22T12:16:23+00:00\",\"dateModified\":\"2014-12-20T16:14:21+00:00\",\"mainEntityOfPage\":{\"@id\":\"https:\/\/www.barsch-alarm.de\/news\/stellungnahme-des-dav-zum-thema-cr\/\"},\"wordCount\":323,\"commentCount\":36,\"publisher\":{\"@id\":\"https:\/\/www.barsch-alarm.de\/news\/#\/schema\/person\/625ad6937f19daaa4355ae4dcce349f7\"},\"articleSection\":[\"News\"],\"inLanguage\":\"de\",\"potentialAction\":[{\"@type\":\"CommentAction\",\"name\":\"Comment\",\"target\":[\"https:\/\/www.barsch-alarm.de\/news\/stellungnahme-des-dav-zum-thema-cr\/#respond\"]}]},{\"@type\":\"WebPage\",\"@id\":\"https:\/\/www.barsch-alarm.de\/news\/stellungnahme-des-dav-zum-thema-cr\/\",\"url\":\"https:\/\/www.barsch-alarm.de\/news\/stellungnahme-des-dav-zum-thema-cr\/\",\"name\":\"Stellungnahme des DAV zum Thema C&R | Barsch-Alarm\",\"isPartOf\":{\"@id\":\"https:\/\/www.barsch-alarm.de\/news\/#website\"},\"datePublished\":\"2012-11-22T12:16:23+00:00\",\"dateModified\":\"2014-12-20T16:14:21+00:00\",\"breadcrumb\":{\"@id\":\"https:\/\/www.barsch-alarm.de\/news\/stellungnahme-des-dav-zum-thema-cr\/#breadcrumb\"},\"inLanguage\":\"de\",\"potentialAction\":[{\"@type\":\"ReadAction\",\"target\":[\"https:\/\/www.barsch-alarm.de\/news\/stellungnahme-des-dav-zum-thema-cr\/\"]}]},{\"@type\":\"BreadcrumbList\",\"@id\":\"https:\/\/www.barsch-alarm.de\/news\/stellungnahme-des-dav-zum-thema-cr\/#breadcrumb\",\"itemListElement\":[{\"@type\":\"ListItem\",\"position\":1,\"name\":\"Startseite\",\"item\":\"https:\/\/www.barsch-alarm.de\/news\/\"},{\"@type\":\"ListItem\",\"position\":2,\"name\":\"Stellungnahme des DAV zum Thema C&#038;R\"}]},{\"@type\":\"WebSite\",\"@id\":\"https:\/\/www.barsch-alarm.de\/news\/#website\",\"url\":\"https:\/\/www.barsch-alarm.de\/news\/\",\"name\":\"Barsch-Alarm\",\"description\":\"das gr\u00f6\u00dfte Angelforum f\u00fcr Spinnangler\",\"publisher\":{\"@id\":\"https:\/\/www.barsch-alarm.de\/news\/#\/schema\/person\/625ad6937f19daaa4355ae4dcce349f7\"},\"potentialAction\":[{\"@type\":\"SearchAction\",\"target\":{\"@type\":\"EntryPoint\",\"urlTemplate\":\"https:\/\/www.barsch-alarm.de\/news\/?s={search_term_string}\"},\"query-input\":\"required name=search_term_string\"}],\"inLanguage\":\"de\"},{\"@type\":[\"Person\",\"Organization\"],\"@id\":\"https:\/\/www.barsch-alarm.de\/news\/#\/schema\/person\/625ad6937f19daaa4355ae4dcce349f7\",\"name\":\"dietel\",\"image\":{\"@type\":\"ImageObject\",\"inLanguage\":\"de\",\"@id\":\"https:\/\/www.barsch-alarm.de\/news\/#\/schema\/person\/image\/\",\"url\":\"https:\/\/secure.gravatar.com\/avatar\/365783e1f60d378ef793fb7c5bb3ef04?s=96&d=mm&r=g\",\"contentUrl\":\"https:\/\/secure.gravatar.com\/avatar\/365783e1f60d378ef793fb7c5bb3ef04?s=96&d=mm&r=g\",\"caption\":\"dietel\"},\"logo\":{\"@id\":\"https:\/\/www.barsch-alarm.de\/news\/#\/schema\/person\/image\/\"},\"sameAs\":[\"http:\/\/www.barsch-alarm.de\/member.php?5-dietel\"],\"url\":\"https:\/\/www.barsch-alarm.de\/news\/author\/dietel\/\"}]}<\/script>\n<!-- \/ Yoast SEO plugin. -->","yoast_head_json":{"title":"Stellungnahme des DAV zum Thema C&R | Barsch-Alarm","robots":{"index":"index","follow":"follow","max-snippet":"max-snippet:-1","max-image-preview":"max-image-preview:large","max-video-preview":"max-video-preview:-1"},"canonical":"https:\/\/www.barsch-alarm.de\/news\/stellungnahme-des-dav-zum-thema-cr\/","twitter_misc":{"Verfasst von":"dietel","Gesch\u00e4tzte Lesezeit":"2\u00a0Minuten"},"schema":{"@context":"https:\/\/schema.org","@graph":[{"@type":"Article","@id":"https:\/\/www.barsch-alarm.de\/news\/stellungnahme-des-dav-zum-thema-cr\/#article","isPartOf":{"@id":"https:\/\/www.barsch-alarm.de\/news\/stellungnahme-des-dav-zum-thema-cr\/"},"author":{"name":"dietel","@id":"https:\/\/www.barsch-alarm.de\/news\/#\/schema\/person\/625ad6937f19daaa4355ae4dcce349f7"},"headline":"Stellungnahme des DAV zum Thema C&#038;R","datePublished":"2012-11-22T12:16:23+00:00","dateModified":"2014-12-20T16:14:21+00:00","mainEntityOfPage":{"@id":"https:\/\/www.barsch-alarm.de\/news\/stellungnahme-des-dav-zum-thema-cr\/"},"wordCount":323,"commentCount":36,"publisher":{"@id":"https:\/\/www.barsch-alarm.de\/news\/#\/schema\/person\/625ad6937f19daaa4355ae4dcce349f7"},"articleSection":["News"],"inLanguage":"de","potentialAction":[{"@type":"CommentAction","name":"Comment","target":["https:\/\/www.barsch-alarm.de\/news\/stellungnahme-des-dav-zum-thema-cr\/#respond"]}]},{"@type":"WebPage","@id":"https:\/\/www.barsch-alarm.de\/news\/stellungnahme-des-dav-zum-thema-cr\/","url":"https:\/\/www.barsch-alarm.de\/news\/stellungnahme-des-dav-zum-thema-cr\/","name":"Stellungnahme des DAV zum Thema C&R | Barsch-Alarm","isPartOf":{"@id":"https:\/\/www.barsch-alarm.de\/news\/#website"},"datePublished":"2012-11-22T12:16:23+00:00","dateModified":"2014-12-20T16:14:21+00:00","breadcrumb":{"@id":"https:\/\/www.barsch-alarm.de\/news\/stellungnahme-des-dav-zum-thema-cr\/#breadcrumb"},"inLanguage":"de","potentialAction":[{"@type":"ReadAction","target":["https:\/\/www.barsch-alarm.de\/news\/stellungnahme-des-dav-zum-thema-cr\/"]}]},{"@type":"BreadcrumbList","@id":"https:\/\/www.barsch-alarm.de\/news\/stellungnahme-des-dav-zum-thema-cr\/#breadcrumb","itemListElement":[{"@type":"ListItem","position":1,"name":"Startseite","item":"https:\/\/www.barsch-alarm.de\/news\/"},{"@type":"ListItem","position":2,"name":"Stellungnahme des DAV zum Thema C&#038;R"}]},{"@type":"WebSite","@id":"https:\/\/www.barsch-alarm.de\/news\/#website","url":"https:\/\/www.barsch-alarm.de\/news\/","name":"Barsch-Alarm","description":"das gr\u00f6\u00dfte Angelforum f\u00fcr Spinnangler","publisher":{"@id":"https:\/\/www.barsch-alarm.de\/news\/#\/schema\/person\/625ad6937f19daaa4355ae4dcce349f7"},"potentialAction":[{"@type":"SearchAction","target":{"@type":"EntryPoint","urlTemplate":"https:\/\/www.barsch-alarm.de\/news\/?s={search_term_string}"},"query-input":"required name=search_term_string"}],"inLanguage":"de"},{"@type":["Person","Organization"],"@id":"https:\/\/www.barsch-alarm.de\/news\/#\/schema\/person\/625ad6937f19daaa4355ae4dcce349f7","name":"dietel","image":{"@type":"ImageObject","inLanguage":"de","@id":"https:\/\/www.barsch-alarm.de\/news\/#\/schema\/person\/image\/","url":"https:\/\/secure.gravatar.com\/avatar\/365783e1f60d378ef793fb7c5bb3ef04?s=96&d=mm&r=g","contentUrl":"https:\/\/secure.gravatar.com\/avatar\/365783e1f60d378ef793fb7c5bb3ef04?s=96&d=mm&r=g","caption":"dietel"},"logo":{"@id":"https:\/\/www.barsch-alarm.de\/news\/#\/schema\/person\/image\/"},"sameAs":["http:\/\/www.barsch-alarm.de\/member.php?5-dietel"],"url":"https:\/\/www.barsch-alarm.de\/news\/author\/dietel\/"}]}},"_links":{"self":[{"href":"https:\/\/www.barsch-alarm.de\/news\/wp-json\/wp\/v2\/posts\/650"}],"collection":[{"href":"https:\/\/www.barsch-alarm.de\/news\/wp-json\/wp\/v2\/posts"}],"about":[{"href":"https:\/\/www.barsch-alarm.de\/news\/wp-json\/wp\/v2\/types\/post"}],"author":[{"embeddable":true,"href":"https:\/\/www.barsch-alarm.de\/news\/wp-json\/wp\/v2\/users\/5"}],"replies":[{"embeddable":true,"href":"https:\/\/www.barsch-alarm.de\/news\/wp-json\/wp\/v2\/comments?post=650"}],"version-history":[{"count":1,"href":"https:\/\/www.barsch-alarm.de\/news\/wp-json\/wp\/v2\/posts\/650\/revisions"}],"predecessor-version":[{"id":3027,"href":"https:\/\/www.barsch-alarm.de\/news\/wp-json\/wp\/v2\/posts\/650\/revisions\/3027"}],"wp:featuredmedia":[{"embeddable":true,"href":"https:\/\/www.barsch-alarm.de\/news\/wp-json\/wp\/v2\/media\/651"}],"wp:attachment":[{"href":"https:\/\/www.barsch-alarm.de\/news\/wp-json\/wp\/v2\/media?parent=650"}],"wp:term":[{"taxonomy":"category","embeddable":true,"href":"https:\/\/www.barsch-alarm.de\/news\/wp-json\/wp\/v2\/categories?post=650"},{"taxonomy":"post_tag","embeddable":true,"href":"https:\/\/www.barsch-alarm.de\/news\/wp-json\/wp\/v2\/tags?post=650"}],"curies":[{"name":"wp","href":"https:\/\/api.w.org\/{rel}","templated":true}]}}