{"id":573,"date":"2013-03-14T13:12:16","date_gmt":"2013-03-14T13:12:16","guid":{"rendered":""},"modified":"2014-12-20T17:14:19","modified_gmt":"2014-12-20T16:14:19","slug":"nderungen-in-berliner-lfischo-mini-sensation-fr-berliner-barsch-angler","status":"publish","type":"post","link":"https:\/\/www.barsch-alarm.de\/news\/nderungen-in-berliner-lfischo-mini-sensation-fr-berliner-barsch-angler\/","title":{"rendered":"\u00c4nderungen in Berliner LFischO: Mini-Sensation f\u00fcr Berliner Barsch-Angler"},"content":{"rendered":"<p><img loading=\"lazy\" width=\"176\" height=\"69\" align=\"left\" alt=\"\" src=\"\/1import\/impArtclImgs\/13632631360_18(2).JPG\" \/>Ich war heute auf dem Fischereiamt, um meinen Fischereischein zu verl\u00e4ngern. Au\u00dferdem hat mir seit der Pr\u00e4sident meines K\u00f6penicker Angelvereins bei der ersten Versammlung des Jahres die Neuerungen in der <a target=\"_blank\" href=\"http:\/\/gesetze.berlin.de\/default.aspx?vpath=bibdata\\ges\\blnlfischo\\cont\\blnlfischo.htm&amp;mode=all&amp;page=1\"><strong>Berliner Landesfischereiverordnung (LFischO )<\/strong><\/a> verlesen hat, eine Frage unter den N\u00e4geln gebrannt, die es nun im Fischereiamt zu kl\u00e4ren galt: Neben der neuen Zanderschonzeit (bis 31.5.), der Aufhebung des Nachtangelverbotes und der Tatsache, dass nunmehr nur noch INSGESAMT 3 Fische der Arten Aal und Zander pro Tag entnommen werden d\u00fcrfen, steht da n\u00e4mlich unter \u00a7 18 (2): \u201eBei der Aus\u00fcbung der Angelfischerei unter Verwendung von K\u00f6derfischen oder Wirbeltier- oder Krebsk\u00f6dern oder Teilen von diesen (Fetzenk\u00f6dern) oder Kunstk\u00f6dern, die eine L\u00e4nge von mehr als 2 cm aufweisen, ist nur ein K\u00f6der je Handangel zul\u00e4ssig; diese gelten als Raubfischk\u00f6der.\u201c Stellt sich also spontan die Frage, was mit den K\u00f6dern von 2 cm und kleiner ist. Sind das ab jetzt Friedfischk\u00f6der? Darf man also mit Minitwistern auf Barsche angeln? Oder mit Nymphen auf Rotaugen?<\/p>\n<p>Mit diesen Fragen im Gep\u00e4ck bin ich nach der erfolgreichen Verl\u00e4ngerung meines Fischereischeins zu Herrn K\u00fcster ins B\u00fcro gestolpert. Es ergab sich ein sehr nettes und aufschlussreiches Gespr\u00e4ch. Ich erhielt sogar Einblick in einen internen Leitfaden, in dem genau drin steht, was nun erlaubt ist und was nicht. Zwar durfte ich den nicht kopieren. Aber zitieren darf ich ihn. Ums schon mal vorweg zu nehmen: Good News f\u00fcr alle Zuppler \u2013 man darf so kleine Kunstk\u00f6der jetzt ganzj\u00e4hrig fischen! Allerdings nur, wenn man sie zupft und nicht einkurbelt.<\/p>\n<p>Dem Leitfaden war zu entnehmen, dass \u201edas Bewegen des K\u00f6ders durch Zupfen noch als Friedfischangeln gilt\u201c. Durchkurbeln \u2013 auch kleiner K\u00f6der \u2013 ist also Raubfischangeln und nicht gestattet.<\/p>\n<p>\nIch war ganz erstaunt und habe Herrn K\u00fcster gratuliert und ihm auch gesagt, dass das ja so etwas wie eine Ann\u00e4herung an die Brandenburger Landesfischereiordnung ist, die allerdings ohne Maximalk\u00f6dergr\u00f6\u00dfe auskommt und die Zander  und Hechte auch nicht gleich ab 1.1. schont. Daraufhin meinte Herr K\u00fcster, dass es das Ziel war, die Berliner Landesfischereiordnung an die Brandenburger anzupassen bzw. die Brandenburger zu \u00fcbernehmen. Daran ist man aber aufgrund politischen Widerstands gescheitert. Trotzdem wolle man es den Anglern erm\u00f6glichen, nicht geschonte Fischarten wie Brassen, Rotaugen oder Barsche, von denen es z.B. in der Havel ja reichlich gibt, auch dann zu beangeln, wenn Hecht und Zander Schonzeit haben.<\/p>\n<p>\nZwar sind 2 Zentimeter echt klein. Aber zumindest d\u00fcrfen wir jetzt auch im Winter mit Minikunstk\u00f6dern angeln. Wobei bei der Bestimmung der L\u00e4nge unterschieden wird zwischen \u201efreibeweglichen\u201c und \u201efeststehenden\u201c Haken. Bei freibeweglichen K\u00f6dern ist der K\u00f6derk\u00f6rper die Grundlage zur L\u00e4ngenbestimmung. Bei feststehenden K\u00f6dern z\u00e4hlt der Haken dazu. Ich verstehe das so, dass bei einem Mini-Zocker nur der K\u00f6rper gemessen wird und bei einem Jig der Bleikopf zur Ermittlung der Gesamtl\u00e4nge herangezogen wird. Auf meine Interpretationen gibt\u2018s aber keine Gew\u00e4hr. Und mehr als das, was ich hier geschrieben habe, wei\u00df ich auch nicht.<\/p>\n<p>Ich find\u2019s zwar ein bisschen schade, dass es in Berlin und Brandenburg keine einheitliche Ordnung nach dem Vorbild Der der Brandenburger gibt. ABER: Dieser \u00a7 18 (2) ist schon mal ein kleiner aber feiner Schritt in die richtige Richtung.<\/p>\n","protected":false},"excerpt":{"rendered":"<p>Ich war heute auf dem Fischereiamt, um meinen Fischereischein zu verl\u00e4ngern. Au\u00dferdem hat mir seit der Pr\u00e4sident meines K\u00f6penicker Angelvereins bei der ersten Versammlung des Jahres die Neuerungen in der Berliner Landesfischereiverordnung (LFischO ) verlesen hat, eine Frage unter den N\u00e4geln gebrannt, die es nun im Fischereiamt zu kl\u00e4ren galt: Neben der neuen Zanderschonzeit (bis &hellip; <\/p>\n<p class=\"link-more\"><a href=\"https:\/\/www.barsch-alarm.de\/news\/nderungen-in-berliner-lfischo-mini-sensation-fr-berliner-barsch-angler\/\" class=\"more-link\">Read more\u2026<\/a><\/p>\n","protected":false},"author":5,"featured_media":574,"comment_status":"open","ping_status":"open","sticky":false,"template":"","format":"standard","meta":[],"categories":[1],"tags":[],"featured_image_urls":{"full":["https:\/\/www.barsch-alarm.de\/news\/wp-content\/uploads\/vbimport\/13632631360_18(2).JPG",176,69,false],"thumbnail":["https:\/\/www.barsch-alarm.de\/news\/wp-content\/uploads\/vbimport\/13632631360_18(2).JPG",176,69,false],"medium":["https:\/\/www.barsch-alarm.de\/news\/wp-content\/uploads\/vbimport\/13632631360_18(2).JPG",176,69,false],"medium_large":["https:\/\/www.barsch-alarm.de\/news\/wp-content\/uploads\/vbimport\/13632631360_18(2).JPG",176,69,false],"large":["https:\/\/www.barsch-alarm.de\/news\/wp-content\/uploads\/vbimport\/13632631360_18(2).JPG",176,69,false],"1536x1536":["https:\/\/www.barsch-alarm.de\/news\/wp-content\/uploads\/vbimport\/13632631360_18(2).JPG",176,69,false],"2048x2048":["https:\/\/www.barsch-alarm.de\/news\/wp-content\/uploads\/vbimport\/13632631360_18(2).JPG",176,69,false],"thxpress-featured-image":["https:\/\/www.barsch-alarm.de\/news\/wp-content\/uploads\/vbimport\/13632631360_18(2).JPG",176,69,false],"400x250-crop":["https:\/\/www.barsch-alarm.de\/news\/wp-content\/uploads\/vbimport\/13632631360_18(2).JPG",176,69,false]},"post_excerpt_stackable":"<p>Ich war heute auf dem Fischereiamt, um meinen Fischereischein zu verl\u00e4ngern. Au\u00dferdem hat mir seit der Pr\u00e4sident meines K\u00f6penicker Angelvereins bei der ersten Versammlung des Jahres die Neuerungen in der Berliner Landesfischereiverordnung (LFischO ) verlesen hat, eine Frage unter den N\u00e4geln gebrannt, die es nun im Fischereiamt zu kl\u00e4ren galt: Neben der neuen Zanderschonzeit (bis 31.5.), der Aufhebung des Nachtangelverbotes und der Tatsache, dass nunmehr nur noch INSGESAMT 3 Fische der Arten Aal und Zander pro Tag entnommen werden d\u00fcrfen, steht da n\u00e4mlich unter \u00a7 18 (2): \u201eBei der Aus\u00fcbung der Angelfischerei unter Verwendung von K\u00f6derfischen oder Wirbeltier- oder Krebsk\u00f6dern&hellip;<\/p>\n","category_list":"<a href=\"https:\/\/www.barsch-alarm.de\/news\/category\/news\/\" rel=\"category tag\">News<\/a>","author_info":{"name":"dietel","url":"https:\/\/www.barsch-alarm.de\/news\/author\/dietel\/"},"comments_num":"29 Kommentare","featured_image_urls_v2":{"full":["https:\/\/www.barsch-alarm.de\/news\/wp-content\/uploads\/vbimport\/13632631360_18(2).JPG",176,69,false],"thumbnail":["https:\/\/www.barsch-alarm.de\/news\/wp-content\/uploads\/vbimport\/13632631360_18(2).JPG",176,69,false],"medium":["https:\/\/www.barsch-alarm.de\/news\/wp-content\/uploads\/vbimport\/13632631360_18(2).JPG",176,69,false],"medium_large":["https:\/\/www.barsch-alarm.de\/news\/wp-content\/uploads\/vbimport\/13632631360_18(2).JPG",176,69,false],"large":["https:\/\/www.barsch-alarm.de\/news\/wp-content\/uploads\/vbimport\/13632631360_18(2).JPG",176,69,false],"1536x1536":["https:\/\/www.barsch-alarm.de\/news\/wp-content\/uploads\/vbimport\/13632631360_18(2).JPG",176,69,false],"2048x2048":["https:\/\/www.barsch-alarm.de\/news\/wp-content\/uploads\/vbimport\/13632631360_18(2).JPG",176,69,false],"thxpress-featured-image":["https:\/\/www.barsch-alarm.de\/news\/wp-content\/uploads\/vbimport\/13632631360_18(2).JPG",176,69,false],"400x250-crop":["https:\/\/www.barsch-alarm.de\/news\/wp-content\/uploads\/vbimport\/13632631360_18(2).JPG",176,69,false]},"post_excerpt_stackable_v2":"<p>Ich war heute auf dem Fischereiamt, um meinen Fischereischein zu verl\u00e4ngern. Au\u00dferdem hat mir seit der Pr\u00e4sident meines K\u00f6penicker Angelvereins bei der ersten Versammlung des Jahres die Neuerungen in der Berliner Landesfischereiverordnung (LFischO ) verlesen hat, eine Frage unter den N\u00e4geln gebrannt, die es nun im Fischereiamt zu kl\u00e4ren galt: Neben der neuen Zanderschonzeit (bis 31.5.), der Aufhebung des Nachtangelverbotes und der Tatsache, dass nunmehr nur noch INSGESAMT 3 Fische der Arten Aal und Zander pro Tag entnommen werden d\u00fcrfen, steht da n\u00e4mlich unter \u00a7 18 (2): \u201eBei der Aus\u00fcbung der Angelfischerei unter Verwendung von K\u00f6derfischen oder Wirbeltier- oder Krebsk\u00f6dern&hellip;<\/p>\n","category_list_v2":"<a href=\"https:\/\/www.barsch-alarm.de\/news\/category\/news\/\" rel=\"category tag\">News<\/a>","author_info_v2":{"name":"dietel","url":"https:\/\/www.barsch-alarm.de\/news\/author\/dietel\/"},"comments_num_v2":"29 Kommentare","yoast_head":"<!-- This site is optimized with the Yoast SEO plugin v19.11 - https:\/\/yoast.com\/wordpress\/plugins\/seo\/ -->\n<title>\u00c4nderungen in Berliner LFischO: Mini-Sensation f\u00fcr Berliner Barsch-Angler | Barsch-Alarm<\/title>\n<meta name=\"robots\" content=\"index, follow, max-snippet:-1, max-image-preview:large, max-video-preview:-1\" \/>\n<link rel=\"canonical\" href=\"https:\/\/www.barsch-alarm.de\/news\/nderungen-in-berliner-lfischo-mini-sensation-fr-berliner-barsch-angler\/\" \/>\n<meta name=\"twitter:label1\" content=\"Verfasst von\" \/>\n\t<meta name=\"twitter:data1\" content=\"dietel\" \/>\n\t<meta name=\"twitter:label2\" content=\"Gesch\u00e4tzte Lesezeit\" \/>\n\t<meta name=\"twitter:data2\" content=\"3\u00a0Minuten\" \/>\n<script type=\"application\/ld+json\" class=\"yoast-schema-graph\">{\"@context\":\"https:\/\/schema.org\",\"@graph\":[{\"@type\":\"Article\",\"@id\":\"https:\/\/www.barsch-alarm.de\/news\/nderungen-in-berliner-lfischo-mini-sensation-fr-berliner-barsch-angler\/#article\",\"isPartOf\":{\"@id\":\"https:\/\/www.barsch-alarm.de\/news\/nderungen-in-berliner-lfischo-mini-sensation-fr-berliner-barsch-angler\/\"},\"author\":{\"name\":\"dietel\",\"@id\":\"https:\/\/www.barsch-alarm.de\/news\/#\/schema\/person\/625ad6937f19daaa4355ae4dcce349f7\"},\"headline\":\"\u00c4nderungen in Berliner LFischO: Mini-Sensation f\u00fcr Berliner Barsch-Angler\",\"datePublished\":\"2013-03-14T13:12:16+00:00\",\"dateModified\":\"2014-12-20T16:14:19+00:00\",\"mainEntityOfPage\":{\"@id\":\"https:\/\/www.barsch-alarm.de\/news\/nderungen-in-berliner-lfischo-mini-sensation-fr-berliner-barsch-angler\/\"},\"wordCount\":557,\"commentCount\":29,\"publisher\":{\"@id\":\"https:\/\/www.barsch-alarm.de\/news\/#\/schema\/person\/625ad6937f19daaa4355ae4dcce349f7\"},\"articleSection\":[\"News\"],\"inLanguage\":\"de\",\"potentialAction\":[{\"@type\":\"CommentAction\",\"name\":\"Comment\",\"target\":[\"https:\/\/www.barsch-alarm.de\/news\/nderungen-in-berliner-lfischo-mini-sensation-fr-berliner-barsch-angler\/#respond\"]}]},{\"@type\":\"WebPage\",\"@id\":\"https:\/\/www.barsch-alarm.de\/news\/nderungen-in-berliner-lfischo-mini-sensation-fr-berliner-barsch-angler\/\",\"url\":\"https:\/\/www.barsch-alarm.de\/news\/nderungen-in-berliner-lfischo-mini-sensation-fr-berliner-barsch-angler\/\",\"name\":\"\u00c4nderungen in Berliner LFischO: Mini-Sensation f\u00fcr Berliner Barsch-Angler | Barsch-Alarm\",\"isPartOf\":{\"@id\":\"https:\/\/www.barsch-alarm.de\/news\/#website\"},\"datePublished\":\"2013-03-14T13:12:16+00:00\",\"dateModified\":\"2014-12-20T16:14:19+00:00\",\"breadcrumb\":{\"@id\":\"https:\/\/www.barsch-alarm.de\/news\/nderungen-in-berliner-lfischo-mini-sensation-fr-berliner-barsch-angler\/#breadcrumb\"},\"inLanguage\":\"de\",\"potentialAction\":[{\"@type\":\"ReadAction\",\"target\":[\"https:\/\/www.barsch-alarm.de\/news\/nderungen-in-berliner-lfischo-mini-sensation-fr-berliner-barsch-angler\/\"]}]},{\"@type\":\"BreadcrumbList\",\"@id\":\"https:\/\/www.barsch-alarm.de\/news\/nderungen-in-berliner-lfischo-mini-sensation-fr-berliner-barsch-angler\/#breadcrumb\",\"itemListElement\":[{\"@type\":\"ListItem\",\"position\":1,\"name\":\"Startseite\",\"item\":\"https:\/\/www.barsch-alarm.de\/news\/\"},{\"@type\":\"ListItem\",\"position\":2,\"name\":\"\u00c4nderungen in Berliner LFischO: Mini-Sensation f\u00fcr Berliner Barsch-Angler\"}]},{\"@type\":\"WebSite\",\"@id\":\"https:\/\/www.barsch-alarm.de\/news\/#website\",\"url\":\"https:\/\/www.barsch-alarm.de\/news\/\",\"name\":\"Barsch-Alarm\",\"description\":\"das gr\u00f6\u00dfte Angelforum f\u00fcr Spinnangler\",\"publisher\":{\"@id\":\"https:\/\/www.barsch-alarm.de\/news\/#\/schema\/person\/625ad6937f19daaa4355ae4dcce349f7\"},\"potentialAction\":[{\"@type\":\"SearchAction\",\"target\":{\"@type\":\"EntryPoint\",\"urlTemplate\":\"https:\/\/www.barsch-alarm.de\/news\/?s={search_term_string}\"},\"query-input\":\"required name=search_term_string\"}],\"inLanguage\":\"de\"},{\"@type\":[\"Person\",\"Organization\"],\"@id\":\"https:\/\/www.barsch-alarm.de\/news\/#\/schema\/person\/625ad6937f19daaa4355ae4dcce349f7\",\"name\":\"dietel\",\"image\":{\"@type\":\"ImageObject\",\"inLanguage\":\"de\",\"@id\":\"https:\/\/www.barsch-alarm.de\/news\/#\/schema\/person\/image\/\",\"url\":\"https:\/\/secure.gravatar.com\/avatar\/365783e1f60d378ef793fb7c5bb3ef04?s=96&d=mm&r=g\",\"contentUrl\":\"https:\/\/secure.gravatar.com\/avatar\/365783e1f60d378ef793fb7c5bb3ef04?s=96&d=mm&r=g\",\"caption\":\"dietel\"},\"logo\":{\"@id\":\"https:\/\/www.barsch-alarm.de\/news\/#\/schema\/person\/image\/\"},\"sameAs\":[\"http:\/\/www.barsch-alarm.de\/member.php?5-dietel\"],\"url\":\"https:\/\/www.barsch-alarm.de\/news\/author\/dietel\/\"}]}<\/script>\n<!-- \/ Yoast SEO plugin. -->","yoast_head_json":{"title":"\u00c4nderungen in Berliner LFischO: Mini-Sensation f\u00fcr Berliner Barsch-Angler | Barsch-Alarm","robots":{"index":"index","follow":"follow","max-snippet":"max-snippet:-1","max-image-preview":"max-image-preview:large","max-video-preview":"max-video-preview:-1"},"canonical":"https:\/\/www.barsch-alarm.de\/news\/nderungen-in-berliner-lfischo-mini-sensation-fr-berliner-barsch-angler\/","twitter_misc":{"Verfasst von":"dietel","Gesch\u00e4tzte Lesezeit":"3\u00a0Minuten"},"schema":{"@context":"https:\/\/schema.org","@graph":[{"@type":"Article","@id":"https:\/\/www.barsch-alarm.de\/news\/nderungen-in-berliner-lfischo-mini-sensation-fr-berliner-barsch-angler\/#article","isPartOf":{"@id":"https:\/\/www.barsch-alarm.de\/news\/nderungen-in-berliner-lfischo-mini-sensation-fr-berliner-barsch-angler\/"},"author":{"name":"dietel","@id":"https:\/\/www.barsch-alarm.de\/news\/#\/schema\/person\/625ad6937f19daaa4355ae4dcce349f7"},"headline":"\u00c4nderungen in Berliner LFischO: Mini-Sensation f\u00fcr Berliner Barsch-Angler","datePublished":"2013-03-14T13:12:16+00:00","dateModified":"2014-12-20T16:14:19+00:00","mainEntityOfPage":{"@id":"https:\/\/www.barsch-alarm.de\/news\/nderungen-in-berliner-lfischo-mini-sensation-fr-berliner-barsch-angler\/"},"wordCount":557,"commentCount":29,"publisher":{"@id":"https:\/\/www.barsch-alarm.de\/news\/#\/schema\/person\/625ad6937f19daaa4355ae4dcce349f7"},"articleSection":["News"],"inLanguage":"de","potentialAction":[{"@type":"CommentAction","name":"Comment","target":["https:\/\/www.barsch-alarm.de\/news\/nderungen-in-berliner-lfischo-mini-sensation-fr-berliner-barsch-angler\/#respond"]}]},{"@type":"WebPage","@id":"https:\/\/www.barsch-alarm.de\/news\/nderungen-in-berliner-lfischo-mini-sensation-fr-berliner-barsch-angler\/","url":"https:\/\/www.barsch-alarm.de\/news\/nderungen-in-berliner-lfischo-mini-sensation-fr-berliner-barsch-angler\/","name":"\u00c4nderungen in Berliner LFischO: Mini-Sensation f\u00fcr Berliner Barsch-Angler | Barsch-Alarm","isPartOf":{"@id":"https:\/\/www.barsch-alarm.de\/news\/#website"},"datePublished":"2013-03-14T13:12:16+00:00","dateModified":"2014-12-20T16:14:19+00:00","breadcrumb":{"@id":"https:\/\/www.barsch-alarm.de\/news\/nderungen-in-berliner-lfischo-mini-sensation-fr-berliner-barsch-angler\/#breadcrumb"},"inLanguage":"de","potentialAction":[{"@type":"ReadAction","target":["https:\/\/www.barsch-alarm.de\/news\/nderungen-in-berliner-lfischo-mini-sensation-fr-berliner-barsch-angler\/"]}]},{"@type":"BreadcrumbList","@id":"https:\/\/www.barsch-alarm.de\/news\/nderungen-in-berliner-lfischo-mini-sensation-fr-berliner-barsch-angler\/#breadcrumb","itemListElement":[{"@type":"ListItem","position":1,"name":"Startseite","item":"https:\/\/www.barsch-alarm.de\/news\/"},{"@type":"ListItem","position":2,"name":"\u00c4nderungen in Berliner LFischO: Mini-Sensation f\u00fcr Berliner Barsch-Angler"}]},{"@type":"WebSite","@id":"https:\/\/www.barsch-alarm.de\/news\/#website","url":"https:\/\/www.barsch-alarm.de\/news\/","name":"Barsch-Alarm","description":"das gr\u00f6\u00dfte Angelforum f\u00fcr Spinnangler","publisher":{"@id":"https:\/\/www.barsch-alarm.de\/news\/#\/schema\/person\/625ad6937f19daaa4355ae4dcce349f7"},"potentialAction":[{"@type":"SearchAction","target":{"@type":"EntryPoint","urlTemplate":"https:\/\/www.barsch-alarm.de\/news\/?s={search_term_string}"},"query-input":"required name=search_term_string"}],"inLanguage":"de"},{"@type":["Person","Organization"],"@id":"https:\/\/www.barsch-alarm.de\/news\/#\/schema\/person\/625ad6937f19daaa4355ae4dcce349f7","name":"dietel","image":{"@type":"ImageObject","inLanguage":"de","@id":"https:\/\/www.barsch-alarm.de\/news\/#\/schema\/person\/image\/","url":"https:\/\/secure.gravatar.com\/avatar\/365783e1f60d378ef793fb7c5bb3ef04?s=96&d=mm&r=g","contentUrl":"https:\/\/secure.gravatar.com\/avatar\/365783e1f60d378ef793fb7c5bb3ef04?s=96&d=mm&r=g","caption":"dietel"},"logo":{"@id":"https:\/\/www.barsch-alarm.de\/news\/#\/schema\/person\/image\/"},"sameAs":["http:\/\/www.barsch-alarm.de\/member.php?5-dietel"],"url":"https:\/\/www.barsch-alarm.de\/news\/author\/dietel\/"}]}},"_links":{"self":[{"href":"https:\/\/www.barsch-alarm.de\/news\/wp-json\/wp\/v2\/posts\/573"}],"collection":[{"href":"https:\/\/www.barsch-alarm.de\/news\/wp-json\/wp\/v2\/posts"}],"about":[{"href":"https:\/\/www.barsch-alarm.de\/news\/wp-json\/wp\/v2\/types\/post"}],"author":[{"embeddable":true,"href":"https:\/\/www.barsch-alarm.de\/news\/wp-json\/wp\/v2\/users\/5"}],"replies":[{"embeddable":true,"href":"https:\/\/www.barsch-alarm.de\/news\/wp-json\/wp\/v2\/comments?post=573"}],"version-history":[{"count":1,"href":"https:\/\/www.barsch-alarm.de\/news\/wp-json\/wp\/v2\/posts\/573\/revisions"}],"predecessor-version":[{"id":2987,"href":"https:\/\/www.barsch-alarm.de\/news\/wp-json\/wp\/v2\/posts\/573\/revisions\/2987"}],"wp:featuredmedia":[{"embeddable":true,"href":"https:\/\/www.barsch-alarm.de\/news\/wp-json\/wp\/v2\/media\/574"}],"wp:attachment":[{"href":"https:\/\/www.barsch-alarm.de\/news\/wp-json\/wp\/v2\/media?parent=573"}],"wp:term":[{"taxonomy":"category","embeddable":true,"href":"https:\/\/www.barsch-alarm.de\/news\/wp-json\/wp\/v2\/categories?post=573"},{"taxonomy":"post_tag","embeddable":true,"href":"https:\/\/www.barsch-alarm.de\/news\/wp-json\/wp\/v2\/tags?post=573"}],"curies":[{"name":"wp","href":"https:\/\/api.w.org\/{rel}","templated":true}]}}