{"id":5424,"date":"2015-02-18T08:15:25","date_gmt":"2015-02-18T07:15:25","guid":{"rendered":"https:\/\/www.barsch-alarm.de\/news\/?p=5424"},"modified":"2015-02-18T14:35:20","modified_gmt":"2015-02-18T13:35:20","slug":"zanderjiggen-in-spanien","status":"publish","type":"post","link":"https:\/\/www.barsch-alarm.de\/news\/zanderjiggen-in-spanien\/","title":{"rendered":"Zanderjiggen in Spanien"},"content":{"rendered":"<p><iframe loading=\"lazy\" width=\"500\" height=\"281\" src=\"https:\/\/www.youtube.com\/embed\/V1W-mtAsKY4?feature=oembed\" frameborder=\"0\" allowfullscreen><\/iframe><\/p>\n<p>Ob ihr&#8217;s glaubt oder nicht: Ich habe dieses Jahr noch nicht einen Tag gefischt. Brutal. Letztes Jahr um diese Zeit hatte ich schon einige sch\u00f6ne Hechte, einer Mefo und haufenweise Barsche gefangen. Aber da habe ich auch kein ultimatives Barsch-Buch geschrieben. So langsam sehe ich aber Licht am Ende des Tunnels. Und dann bin ich demn\u00e4chst auch mal weg. In Spanien. Prim\u00e4r zum Barschfischen. Aber sollten sich die Zander mal so aufdr\u00e4ngen, wie sie das in diesem Video getan haben, h\u00e4tte ich auch nichts dagegen. Als ich den Clip zum ertsen Mal gesehen habe, war ich begeistert (hat die Fisch&amp;Fang geschnitten). Beim zweiten Mal waren mir die K\u00f6der-Euphorie ein bisschen peinlich. Dennoch: Das war einer der sch\u00f6nsten Angeltage ever &#8211; auch weil wir vorher richtig tief in die Sch&#8230; gegriffen hatten.<\/p>\n","protected":false},"excerpt":{"rendered":"<p>Ob ihr&#8217;s glaubt oder nicht: Ich habe dieses Jahr noch nicht einen Tag gefischt. Brutal. Letztes Jahr um diese Zeit hatte ich schon einige sch\u00f6ne Hechte, einer Mefo und haufenweise Barsche gefangen. Aber da habe ich auch kein ultimatives Barsch-Buch geschrieben. So langsam sehe ich aber Licht am Ende des Tunnels. Und dann bin ich &hellip; <\/p>\n<p class=\"link-more\"><a href=\"https:\/\/www.barsch-alarm.de\/news\/zanderjiggen-in-spanien\/\" class=\"more-link\">Read more\u2026<\/a><\/p>\n","protected":false},"author":5,"featured_media":5426,"comment_status":"open","ping_status":"open","sticky":false,"template":"","format":"standard","meta":[],"categories":[1801],"tags":[],"featured_image_urls":{"full":["https:\/\/www.barsch-alarm.de\/news\/wp-content\/uploads\/2015\/02\/zanderjiggen-in-spanien.jpg",1280,720,false],"thumbnail":["https:\/\/www.barsch-alarm.de\/news\/wp-content\/uploads\/2015\/02\/zanderjiggen-in-spanien-326x183.jpg",326,183,true],"medium":["https:\/\/www.barsch-alarm.de\/news\/wp-content\/uploads\/2015\/02\/zanderjiggen-in-spanien-326x183.jpg",326,183,true],"medium_large":["https:\/\/www.barsch-alarm.de\/news\/wp-content\/uploads\/2015\/02\/zanderjiggen-in-spanien-768x432.jpg",768,432,true],"large":["https:\/\/www.barsch-alarm.de\/news\/wp-content\/uploads\/2015\/02\/zanderjiggen-in-spanien-678x381.jpg",623,350,true],"1536x1536":["https:\/\/www.barsch-alarm.de\/news\/wp-content\/uploads\/2015\/02\/zanderjiggen-in-spanien.jpg",1280,720,false],"2048x2048":["https:\/\/www.barsch-alarm.de\/news\/wp-content\/uploads\/2015\/02\/zanderjiggen-in-spanien.jpg",1280,720,false],"thxpress-featured-image":["https:\/\/www.barsch-alarm.de\/news\/wp-content\/uploads\/2015\/02\/zanderjiggen-in-spanien.jpg",1280,720,false],"400x250-crop":["https:\/\/www.barsch-alarm.de\/news\/wp-content\/uploads\/2015\/02\/zanderjiggen-in-spanien.jpg",400,225,false]},"post_excerpt_stackable":"<p>Ob ihr&#8217;s glaubt oder nicht: Ich habe dieses Jahr noch nicht einen Tag gefischt. Brutal. Letztes Jahr um diese Zeit hatte ich schon einige sch\u00f6ne Hechte, einer Mefo und haufenweise Barsche gefangen. Aber da habe ich auch kein ultimatives Barsch-Buch geschrieben. So langsam sehe ich aber Licht am Ende des Tunnels. Und dann bin ich demn\u00e4chst auch mal weg. In Spanien. Prim\u00e4r zum Barschfischen. Aber sollten sich die Zander mal so aufdr\u00e4ngen, wie sie das in diesem Video getan haben, h\u00e4tte ich auch nichts dagegen. Als ich den Clip zum ertsen Mal gesehen habe, war ich begeistert (hat die Fisch&amp;Fang&hellip;<\/p>\n","category_list":"<a href=\"https:\/\/www.barsch-alarm.de\/news\/category\/ba-flashlights\/\" rel=\"category tag\">BA-Flashlights<\/a>","author_info":{"name":"dietel","url":"https:\/\/www.barsch-alarm.de\/news\/author\/dietel\/"},"comments_num":"1 Kommentar","featured_image_urls_v2":{"full":["https:\/\/www.barsch-alarm.de\/news\/wp-content\/uploads\/2015\/02\/zanderjiggen-in-spanien.jpg",1280,720,false],"thumbnail":["https:\/\/www.barsch-alarm.de\/news\/wp-content\/uploads\/2015\/02\/zanderjiggen-in-spanien-326x183.jpg",326,183,true],"medium":["https:\/\/www.barsch-alarm.de\/news\/wp-content\/uploads\/2015\/02\/zanderjiggen-in-spanien-326x183.jpg",326,183,true],"medium_large":["https:\/\/www.barsch-alarm.de\/news\/wp-content\/uploads\/2015\/02\/zanderjiggen-in-spanien-768x432.jpg",768,432,true],"large":["https:\/\/www.barsch-alarm.de\/news\/wp-content\/uploads\/2015\/02\/zanderjiggen-in-spanien-678x381.jpg",623,350,true],"1536x1536":["https:\/\/www.barsch-alarm.de\/news\/wp-content\/uploads\/2015\/02\/zanderjiggen-in-spanien.jpg",1280,720,false],"2048x2048":["https:\/\/www.barsch-alarm.de\/news\/wp-content\/uploads\/2015\/02\/zanderjiggen-in-spanien.jpg",1280,720,false],"thxpress-featured-image":["https:\/\/www.barsch-alarm.de\/news\/wp-content\/uploads\/2015\/02\/zanderjiggen-in-spanien.jpg",1280,720,false],"400x250-crop":["https:\/\/www.barsch-alarm.de\/news\/wp-content\/uploads\/2015\/02\/zanderjiggen-in-spanien.jpg",400,225,false]},"post_excerpt_stackable_v2":"<p>Ob ihr&#8217;s glaubt oder nicht: Ich habe dieses Jahr noch nicht einen Tag gefischt. Brutal. Letztes Jahr um diese Zeit hatte ich schon einige sch\u00f6ne Hechte, einer Mefo und haufenweise Barsche gefangen. Aber da habe ich auch kein ultimatives Barsch-Buch geschrieben. So langsam sehe ich aber Licht am Ende des Tunnels. Und dann bin ich demn\u00e4chst auch mal weg. In Spanien. Prim\u00e4r zum Barschfischen. Aber sollten sich die Zander mal so aufdr\u00e4ngen, wie sie das in diesem Video getan haben, h\u00e4tte ich auch nichts dagegen. Als ich den Clip zum ertsen Mal gesehen habe, war ich begeistert (hat die Fisch&amp;Fang&hellip;<\/p>\n","category_list_v2":"<a href=\"https:\/\/www.barsch-alarm.de\/news\/category\/ba-flashlights\/\" rel=\"category tag\">BA-Flashlights<\/a>","author_info_v2":{"name":"dietel","url":"https:\/\/www.barsch-alarm.de\/news\/author\/dietel\/"},"comments_num_v2":"1 Kommentar","yoast_head":"<!-- This site is optimized with the Yoast SEO plugin v19.11 - https:\/\/yoast.com\/wordpress\/plugins\/seo\/ -->\n<title>Zanderjiggen in Spanien | Barsch-Alarm<\/title>\n<meta name=\"robots\" content=\"index, follow, max-snippet:-1, max-image-preview:large, max-video-preview:-1\" \/>\n<link rel=\"canonical\" href=\"https:\/\/www.barsch-alarm.de\/news\/zanderjiggen-in-spanien\/\" \/>\n<meta name=\"twitter:label1\" content=\"Verfasst von\" \/>\n\t<meta name=\"twitter:data1\" content=\"dietel\" \/>\n\t<meta name=\"twitter:label2\" content=\"Gesch\u00e4tzte Lesezeit\" \/>\n\t<meta name=\"twitter:data2\" content=\"1\u00a0Minute\" \/>\n<script type=\"application\/ld+json\" class=\"yoast-schema-graph\">{\"@context\":\"https:\/\/schema.org\",\"@graph\":[{\"@type\":\"Article\",\"@id\":\"https:\/\/www.barsch-alarm.de\/news\/zanderjiggen-in-spanien\/#article\",\"isPartOf\":{\"@id\":\"https:\/\/www.barsch-alarm.de\/news\/zanderjiggen-in-spanien\/\"},\"author\":{\"name\":\"dietel\",\"@id\":\"https:\/\/www.barsch-alarm.de\/news\/#\/schema\/person\/625ad6937f19daaa4355ae4dcce349f7\"},\"headline\":\"Zanderjiggen in Spanien\",\"datePublished\":\"2015-02-18T07:15:25+00:00\",\"dateModified\":\"2015-02-18T13:35:20+00:00\",\"mainEntityOfPage\":{\"@id\":\"https:\/\/www.barsch-alarm.de\/news\/zanderjiggen-in-spanien\/\"},\"wordCount\":153,\"commentCount\":1,\"publisher\":{\"@id\":\"https:\/\/www.barsch-alarm.de\/news\/#\/schema\/person\/625ad6937f19daaa4355ae4dcce349f7\"},\"articleSection\":[\"BA-Flashlights\"],\"inLanguage\":\"de\",\"potentialAction\":[{\"@type\":\"CommentAction\",\"name\":\"Comment\",\"target\":[\"https:\/\/www.barsch-alarm.de\/news\/zanderjiggen-in-spanien\/#respond\"]}]},{\"@type\":\"WebPage\",\"@id\":\"https:\/\/www.barsch-alarm.de\/news\/zanderjiggen-in-spanien\/\",\"url\":\"https:\/\/www.barsch-alarm.de\/news\/zanderjiggen-in-spanien\/\",\"name\":\"Zanderjiggen in Spanien | Barsch-Alarm\",\"isPartOf\":{\"@id\":\"https:\/\/www.barsch-alarm.de\/news\/#website\"},\"datePublished\":\"2015-02-18T07:15:25+00:00\",\"dateModified\":\"2015-02-18T13:35:20+00:00\",\"breadcrumb\":{\"@id\":\"https:\/\/www.barsch-alarm.de\/news\/zanderjiggen-in-spanien\/#breadcrumb\"},\"inLanguage\":\"de\",\"potentialAction\":[{\"@type\":\"ReadAction\",\"target\":[\"https:\/\/www.barsch-alarm.de\/news\/zanderjiggen-in-spanien\/\"]}]},{\"@type\":\"BreadcrumbList\",\"@id\":\"https:\/\/www.barsch-alarm.de\/news\/zanderjiggen-in-spanien\/#breadcrumb\",\"itemListElement\":[{\"@type\":\"ListItem\",\"position\":1,\"name\":\"Startseite\",\"item\":\"https:\/\/www.barsch-alarm.de\/news\/\"},{\"@type\":\"ListItem\",\"position\":2,\"name\":\"Zanderjiggen in Spanien\"}]},{\"@type\":\"WebSite\",\"@id\":\"https:\/\/www.barsch-alarm.de\/news\/#website\",\"url\":\"https:\/\/www.barsch-alarm.de\/news\/\",\"name\":\"Barsch-Alarm\",\"description\":\"das gr\u00f6\u00dfte Angelforum f\u00fcr Spinnangler\",\"publisher\":{\"@id\":\"https:\/\/www.barsch-alarm.de\/news\/#\/schema\/person\/625ad6937f19daaa4355ae4dcce349f7\"},\"potentialAction\":[{\"@type\":\"SearchAction\",\"target\":{\"@type\":\"EntryPoint\",\"urlTemplate\":\"https:\/\/www.barsch-alarm.de\/news\/?s={search_term_string}\"},\"query-input\":\"required name=search_term_string\"}],\"inLanguage\":\"de\"},{\"@type\":[\"Person\",\"Organization\"],\"@id\":\"https:\/\/www.barsch-alarm.de\/news\/#\/schema\/person\/625ad6937f19daaa4355ae4dcce349f7\",\"name\":\"dietel\",\"image\":{\"@type\":\"ImageObject\",\"inLanguage\":\"de\",\"@id\":\"https:\/\/www.barsch-alarm.de\/news\/#\/schema\/person\/image\/\",\"url\":\"https:\/\/secure.gravatar.com\/avatar\/365783e1f60d378ef793fb7c5bb3ef04?s=96&d=mm&r=g\",\"contentUrl\":\"https:\/\/secure.gravatar.com\/avatar\/365783e1f60d378ef793fb7c5bb3ef04?s=96&d=mm&r=g\",\"caption\":\"dietel\"},\"logo\":{\"@id\":\"https:\/\/www.barsch-alarm.de\/news\/#\/schema\/person\/image\/\"},\"sameAs\":[\"http:\/\/www.barsch-alarm.de\/member.php?5-dietel\"],\"url\":\"https:\/\/www.barsch-alarm.de\/news\/author\/dietel\/\"}]}<\/script>\n<!-- \/ Yoast SEO plugin. -->","yoast_head_json":{"title":"Zanderjiggen in Spanien | Barsch-Alarm","robots":{"index":"index","follow":"follow","max-snippet":"max-snippet:-1","max-image-preview":"max-image-preview:large","max-video-preview":"max-video-preview:-1"},"canonical":"https:\/\/www.barsch-alarm.de\/news\/zanderjiggen-in-spanien\/","twitter_misc":{"Verfasst von":"dietel","Gesch\u00e4tzte Lesezeit":"1\u00a0Minute"},"schema":{"@context":"https:\/\/schema.org","@graph":[{"@type":"Article","@id":"https:\/\/www.barsch-alarm.de\/news\/zanderjiggen-in-spanien\/#article","isPartOf":{"@id":"https:\/\/www.barsch-alarm.de\/news\/zanderjiggen-in-spanien\/"},"author":{"name":"dietel","@id":"https:\/\/www.barsch-alarm.de\/news\/#\/schema\/person\/625ad6937f19daaa4355ae4dcce349f7"},"headline":"Zanderjiggen in Spanien","datePublished":"2015-02-18T07:15:25+00:00","dateModified":"2015-02-18T13:35:20+00:00","mainEntityOfPage":{"@id":"https:\/\/www.barsch-alarm.de\/news\/zanderjiggen-in-spanien\/"},"wordCount":153,"commentCount":1,"publisher":{"@id":"https:\/\/www.barsch-alarm.de\/news\/#\/schema\/person\/625ad6937f19daaa4355ae4dcce349f7"},"articleSection":["BA-Flashlights"],"inLanguage":"de","potentialAction":[{"@type":"CommentAction","name":"Comment","target":["https:\/\/www.barsch-alarm.de\/news\/zanderjiggen-in-spanien\/#respond"]}]},{"@type":"WebPage","@id":"https:\/\/www.barsch-alarm.de\/news\/zanderjiggen-in-spanien\/","url":"https:\/\/www.barsch-alarm.de\/news\/zanderjiggen-in-spanien\/","name":"Zanderjiggen in Spanien | Barsch-Alarm","isPartOf":{"@id":"https:\/\/www.barsch-alarm.de\/news\/#website"},"datePublished":"2015-02-18T07:15:25+00:00","dateModified":"2015-02-18T13:35:20+00:00","breadcrumb":{"@id":"https:\/\/www.barsch-alarm.de\/news\/zanderjiggen-in-spanien\/#breadcrumb"},"inLanguage":"de","potentialAction":[{"@type":"ReadAction","target":["https:\/\/www.barsch-alarm.de\/news\/zanderjiggen-in-spanien\/"]}]},{"@type":"BreadcrumbList","@id":"https:\/\/www.barsch-alarm.de\/news\/zanderjiggen-in-spanien\/#breadcrumb","itemListElement":[{"@type":"ListItem","position":1,"name":"Startseite","item":"https:\/\/www.barsch-alarm.de\/news\/"},{"@type":"ListItem","position":2,"name":"Zanderjiggen in Spanien"}]},{"@type":"WebSite","@id":"https:\/\/www.barsch-alarm.de\/news\/#website","url":"https:\/\/www.barsch-alarm.de\/news\/","name":"Barsch-Alarm","description":"das gr\u00f6\u00dfte Angelforum f\u00fcr Spinnangler","publisher":{"@id":"https:\/\/www.barsch-alarm.de\/news\/#\/schema\/person\/625ad6937f19daaa4355ae4dcce349f7"},"potentialAction":[{"@type":"SearchAction","target":{"@type":"EntryPoint","urlTemplate":"https:\/\/www.barsch-alarm.de\/news\/?s={search_term_string}"},"query-input":"required name=search_term_string"}],"inLanguage":"de"},{"@type":["Person","Organization"],"@id":"https:\/\/www.barsch-alarm.de\/news\/#\/schema\/person\/625ad6937f19daaa4355ae4dcce349f7","name":"dietel","image":{"@type":"ImageObject","inLanguage":"de","@id":"https:\/\/www.barsch-alarm.de\/news\/#\/schema\/person\/image\/","url":"https:\/\/secure.gravatar.com\/avatar\/365783e1f60d378ef793fb7c5bb3ef04?s=96&d=mm&r=g","contentUrl":"https:\/\/secure.gravatar.com\/avatar\/365783e1f60d378ef793fb7c5bb3ef04?s=96&d=mm&r=g","caption":"dietel"},"logo":{"@id":"https:\/\/www.barsch-alarm.de\/news\/#\/schema\/person\/image\/"},"sameAs":["http:\/\/www.barsch-alarm.de\/member.php?5-dietel"],"url":"https:\/\/www.barsch-alarm.de\/news\/author\/dietel\/"}]}},"_links":{"self":[{"href":"https:\/\/www.barsch-alarm.de\/news\/wp-json\/wp\/v2\/posts\/5424"}],"collection":[{"href":"https:\/\/www.barsch-alarm.de\/news\/wp-json\/wp\/v2\/posts"}],"about":[{"href":"https:\/\/www.barsch-alarm.de\/news\/wp-json\/wp\/v2\/types\/post"}],"author":[{"embeddable":true,"href":"https:\/\/www.barsch-alarm.de\/news\/wp-json\/wp\/v2\/users\/5"}],"replies":[{"embeddable":true,"href":"https:\/\/www.barsch-alarm.de\/news\/wp-json\/wp\/v2\/comments?post=5424"}],"version-history":[{"count":1,"href":"https:\/\/www.barsch-alarm.de\/news\/wp-json\/wp\/v2\/posts\/5424\/revisions"}],"predecessor-version":[{"id":5425,"href":"https:\/\/www.barsch-alarm.de\/news\/wp-json\/wp\/v2\/posts\/5424\/revisions\/5425"}],"wp:featuredmedia":[{"embeddable":true,"href":"https:\/\/www.barsch-alarm.de\/news\/wp-json\/wp\/v2\/media\/5426"}],"wp:attachment":[{"href":"https:\/\/www.barsch-alarm.de\/news\/wp-json\/wp\/v2\/media?parent=5424"}],"wp:term":[{"taxonomy":"category","embeddable":true,"href":"https:\/\/www.barsch-alarm.de\/news\/wp-json\/wp\/v2\/categories?post=5424"},{"taxonomy":"post_tag","embeddable":true,"href":"https:\/\/www.barsch-alarm.de\/news\/wp-json\/wp\/v2\/tags?post=5424"}],"curies":[{"name":"wp","href":"https:\/\/api.w.org\/{rel}","templated":true}]}}