{"id":529,"date":"2013-04-24T04:48:16","date_gmt":"2013-04-24T04:48:16","guid":{"rendered":""},"modified":"2018-07-20T08:32:50","modified_gmt":"2018-07-20T06:32:50","slug":"angel-banditen-style-multifunktionstcher-als-uv-protektion","status":"publish","type":"post","link":"https:\/\/www.barsch-alarm.de\/news\/angel-banditen-style-multifunktionstcher-als-uv-protektion\/","title":{"rendered":"Angel-Banditen-Style \u2013 Multifunktionst\u00fccher als UV-Protektion"},"content":{"rendered":"<p><img loading=\"lazy\" src=\"\/1import\/impArtclImgs\/13667716960_uv_protection_open.jpg\" alt=\"\" width=\"140\" height=\"116\" align=\"left\" hspace=\"10\" \/>Im letzten Artikel \u00fcber die <a href=\"http:\/\/barsch-alarm.de\/News\/article\/sid=1530.html\" target=\"_blank\"><strong>S\u00e9bile PayLake-Party<\/strong><\/a> am IT Lake Monster in Thailand waren die Teilnehmer teilweise extrem vermummt. Wie ihr auf dem kleinen Bildchen hier links seht, trugen einige Angler seltsame T\u00fccher, die sie sich bis unter die Augen gezogen haben. Im Laufe der Diskussion kamen Fragen auf. Ist das ein Moskito-Schutz? Wollen die nicht erkannt werden? Oder machen die im Anschluss ans Event noch eine Bank klar?<\/p>\n<p>Schnell hat sich gekl\u00e4rt, dass es sich bei den T\u00fcchern um UV-Protektoren handelt, die man sich auf viele Arten und Weisen um den Kopf binden kann. Die Multifunktionst\u00fccher stehen nicht nur bei Tropen-Anglern hoch im Kurs, weil sie vor verkohlten Nasen, H\u00e4lsen und Ohren sch\u00fctzen. Die Dinger halten langsam auch bei uns Einzug. Seit letzter Saison verwende ich sowas auch. Vornehmlich im Sommer, wenn ich mit dem Boot aufm Wasser bin. Ich hab keinen Bock mehr auf Sonnenbrand. Das erste Multifunktionstuch hat mir passenderweise Patrick S\u00e9bile geschenkt, als wir zusammen in Frankreich waren und die Haut auf meinen H\u00e4nden Blasen geworfen hat, weil ich die franz\u00f6sische Maisonne im Wind untersch\u00e4tzt habe. So konnte ich wenigstens meine R\u00fcbe retten. Mit der Sonne ist einfach nicht mehr zu spa\u00dfen.<\/p>\n<p>Selbst wenn der Himmel bedeckt ist, kommt noch einiges an Strahlung durch die Wolken. Hier sieht mans an der roten Nase. (Die Dietel-Nasenspitze ist zugegebenerma\u00dfen auch recht exponiert. Wobei der Fotograf auch nicht viel anders aussah.) Aber immerhin war der Nacken gesch\u00fctzt.<\/p>\n<p style=\"text-align: center;\"><img loading=\"lazy\" src=\"\/1import\/impArtclImgs\/13667716961_uv_hannes.jpg\" alt=\"\" width=\"600\" height=\"723\" \/><\/p>\n<p>Das Thema Sonnenschutz ist gerade f\u00fcr uns, die wir gleich doppelt bestrahlt werden, extrem wichtig. Und so schlecht sehen die Teile eigentlich auch gar nicht aus. Im Gegenteil. Da gibt\u2019s sogar richtig coole T\u00fccher.<\/p>\n<p style=\"text-align: center;\"><img loading=\"lazy\" src=\"\/1import\/impArtclImgs\/13667716962_uv_protection_buff1.jpg\" alt=\"\" width=\"600\" height=\"857\" \/><\/p>\n<p style=\"text-align: center;\"><img loading=\"lazy\" src=\"\/1import\/impArtclImgs\/13667716963_uv_protection_buff2.jpg\" alt=\"\" width=\"600\" height=\"845\" \/><\/p>\n<p>Man bekommt diese BUFF-T\u00fccher auch bei uns in einigen Online-Shops. Z.B. bei <a href=\"http:\/\/www.angelsport.de\/__WebShop__\/product\/angeln\/schals-tuecher\/buff-atlas-multifunktions-schlauchtuch\/detail.jsf\" target=\"_blank\"><strong>Askari<\/strong><\/a> oder auch im <a href=\"http:\/\/www.fischundfangshop.de\/orginal-buff-seckeld-trout.html\" target=\"_blank\"><strong>Fisch und Fang-Shop<\/strong><\/a>. Leider wird hier daruf hingewiesen, ob es sich um ein Tuch mit 95prozentigem UV-Schutz handelt oder nicht. <strong>DENN:<\/strong> Tuch ist nicht gleich Tuch. Da gibt\u2019s welche mit UV-Schutz und welche ohne. Cool an den Dingern ist jedenfalls, dass man da ganz frei durchatmen kann. Die Mirkofaser-T\u00fccher sind au\u00dferdem extrem dehnbar, atmungsaktiv und feuchtigkeitsregulierend. Das Material trocknet extrem schnell und irgendwie ist das auch antibakteriell. Und teuer sind die Dinger eigentlich auch nicht. Im Vergleich zum Nutzen ist der Preis jedenfalls zu vernachl\u00e4ssigen.<\/p>\n<p>Leider habe ich diese \u00c4rmel noch nirgends gefunden.<\/p>\n<p style=\"text-align: center;\"><img loading=\"lazy\" src=\"\/1import\/impArtclImgs\/13667716964_thai_bandits.jpg\" alt=\"\" width=\"600\" height=\"837\" \/><\/p>\n<p>Bislang sch\u00fctze ich mich im Hochsommer mit lang\u00e4rmligen T-Shirts. Aber das werde ich auch noch \u00e4ndern. Nat\u00fcrlich muss man\u2019s nicht \u00fcbertreiben. Sonnencreme tut\u2019s manchmal auch. Aber an langen und hei\u00dfen Sommertagen sind die T\u00fccher echt ein ganz hei\u00dfer Tipp.<\/p>\n","protected":false},"excerpt":{"rendered":"<p>Im letzten Artikel \u00fcber die S\u00e9bile PayLake-Party am IT Lake Monster in Thailand waren die Teilnehmer teilweise extrem vermummt. Wie ihr auf dem kleinen Bildchen hier links seht, trugen einige Angler seltsame T\u00fccher, die sie sich bis unter die Augen gezogen haben. Im Laufe der Diskussion kamen Fragen auf. Ist das ein Moskito-Schutz? Wollen die &hellip; <\/p>\n<p class=\"link-more\"><a href=\"https:\/\/www.barsch-alarm.de\/news\/angel-banditen-style-multifunktionstcher-als-uv-protektion\/\" class=\"more-link\">Read more\u2026<\/a><\/p>\n","protected":false},"author":5,"featured_media":530,"comment_status":"open","ping_status":"open","sticky":false,"template":"","format":"standard","meta":[],"categories":[8],"tags":[],"featured_image_urls":{"full":["https:\/\/www.barsch-alarm.de\/news\/wp-content\/uploads\/vbimport\/13667716960_uv_protection_open.jpg",140,116,false],"thumbnail":["https:\/\/www.barsch-alarm.de\/news\/wp-content\/uploads\/vbimport\/13667716960_uv_protection_open.jpg",140,116,false],"medium":["https:\/\/www.barsch-alarm.de\/news\/wp-content\/uploads\/vbimport\/13667716960_uv_protection_open.jpg",140,116,false],"medium_large":["https:\/\/www.barsch-alarm.de\/news\/wp-content\/uploads\/vbimport\/13667716960_uv_protection_open.jpg",140,116,false],"large":["https:\/\/www.barsch-alarm.de\/news\/wp-content\/uploads\/vbimport\/13667716960_uv_protection_open.jpg",140,116,false],"1536x1536":["https:\/\/www.barsch-alarm.de\/news\/wp-content\/uploads\/vbimport\/13667716960_uv_protection_open.jpg",140,116,false],"2048x2048":["https:\/\/www.barsch-alarm.de\/news\/wp-content\/uploads\/vbimport\/13667716960_uv_protection_open.jpg",140,116,false],"thxpress-featured-image":["https:\/\/www.barsch-alarm.de\/news\/wp-content\/uploads\/vbimport\/13667716960_uv_protection_open.jpg",140,116,false],"400x250-crop":["https:\/\/www.barsch-alarm.de\/news\/wp-content\/uploads\/vbimport\/13667716960_uv_protection_open.jpg",140,116,false]},"post_excerpt_stackable":"<p>Im letzten Artikel \u00fcber die S\u00e9bile PayLake-Party am IT Lake Monster in Thailand waren die Teilnehmer teilweise extrem vermummt. Wie ihr auf dem kleinen Bildchen hier links seht, trugen einige Angler seltsame T\u00fccher, die sie sich bis unter die Augen gezogen haben. Im Laufe der Diskussion kamen Fragen auf. Ist das ein Moskito-Schutz? Wollen die nicht erkannt werden? Oder machen die im Anschluss ans Event noch eine Bank klar? Schnell hat sich gekl\u00e4rt, dass es sich bei den T\u00fcchern um UV-Protektoren handelt, die man sich auf viele Arten und Weisen um den Kopf binden kann. Die Multifunktionst\u00fccher stehen nicht nur&hellip;<\/p>\n","category_list":"<a href=\"https:\/\/www.barsch-alarm.de\/news\/category\/tackle-tipps\/\" rel=\"category tag\">Tackle-Tipps<\/a>","author_info":{"name":"dietel","url":"https:\/\/www.barsch-alarm.de\/news\/author\/dietel\/"},"comments_num":"29 Kommentare","featured_image_urls_v2":{"full":["https:\/\/www.barsch-alarm.de\/news\/wp-content\/uploads\/vbimport\/13667716960_uv_protection_open.jpg",140,116,false],"thumbnail":["https:\/\/www.barsch-alarm.de\/news\/wp-content\/uploads\/vbimport\/13667716960_uv_protection_open.jpg",140,116,false],"medium":["https:\/\/www.barsch-alarm.de\/news\/wp-content\/uploads\/vbimport\/13667716960_uv_protection_open.jpg",140,116,false],"medium_large":["https:\/\/www.barsch-alarm.de\/news\/wp-content\/uploads\/vbimport\/13667716960_uv_protection_open.jpg",140,116,false],"large":["https:\/\/www.barsch-alarm.de\/news\/wp-content\/uploads\/vbimport\/13667716960_uv_protection_open.jpg",140,116,false],"1536x1536":["https:\/\/www.barsch-alarm.de\/news\/wp-content\/uploads\/vbimport\/13667716960_uv_protection_open.jpg",140,116,false],"2048x2048":["https:\/\/www.barsch-alarm.de\/news\/wp-content\/uploads\/vbimport\/13667716960_uv_protection_open.jpg",140,116,false],"thxpress-featured-image":["https:\/\/www.barsch-alarm.de\/news\/wp-content\/uploads\/vbimport\/13667716960_uv_protection_open.jpg",140,116,false],"400x250-crop":["https:\/\/www.barsch-alarm.de\/news\/wp-content\/uploads\/vbimport\/13667716960_uv_protection_open.jpg",140,116,false]},"post_excerpt_stackable_v2":"<p>Im letzten Artikel \u00fcber die S\u00e9bile PayLake-Party am IT Lake Monster in Thailand waren die Teilnehmer teilweise extrem vermummt. Wie ihr auf dem kleinen Bildchen hier links seht, trugen einige Angler seltsame T\u00fccher, die sie sich bis unter die Augen gezogen haben. Im Laufe der Diskussion kamen Fragen auf. Ist das ein Moskito-Schutz? Wollen die nicht erkannt werden? Oder machen die im Anschluss ans Event noch eine Bank klar? Schnell hat sich gekl\u00e4rt, dass es sich bei den T\u00fcchern um UV-Protektoren handelt, die man sich auf viele Arten und Weisen um den Kopf binden kann. Die Multifunktionst\u00fccher stehen nicht nur&hellip;<\/p>\n","category_list_v2":"<a href=\"https:\/\/www.barsch-alarm.de\/news\/category\/tackle-tipps\/\" rel=\"category tag\">Tackle-Tipps<\/a>","author_info_v2":{"name":"dietel","url":"https:\/\/www.barsch-alarm.de\/news\/author\/dietel\/"},"comments_num_v2":"29 Kommentare","yoast_head":"<!-- This site is optimized with the Yoast SEO plugin v19.11 - https:\/\/yoast.com\/wordpress\/plugins\/seo\/ -->\n<title>Angel-Banditen-Style \u2013 Multifunktionst\u00fccher als UV-Protektion | Barsch-Alarm<\/title>\n<meta name=\"robots\" content=\"index, follow, max-snippet:-1, max-image-preview:large, max-video-preview:-1\" \/>\n<link rel=\"canonical\" href=\"https:\/\/www.barsch-alarm.de\/news\/angel-banditen-style-multifunktionstcher-als-uv-protektion\/\" \/>\n<meta name=\"twitter:label1\" content=\"Verfasst von\" \/>\n\t<meta name=\"twitter:data1\" content=\"dietel\" \/>\n\t<meta name=\"twitter:label2\" content=\"Gesch\u00e4tzte Lesezeit\" \/>\n\t<meta name=\"twitter:data2\" content=\"2\u00a0Minuten\" \/>\n<script type=\"application\/ld+json\" class=\"yoast-schema-graph\">{\"@context\":\"https:\/\/schema.org\",\"@graph\":[{\"@type\":\"Article\",\"@id\":\"https:\/\/www.barsch-alarm.de\/news\/angel-banditen-style-multifunktionstcher-als-uv-protektion\/#article\",\"isPartOf\":{\"@id\":\"https:\/\/www.barsch-alarm.de\/news\/angel-banditen-style-multifunktionstcher-als-uv-protektion\/\"},\"author\":{\"name\":\"dietel\",\"@id\":\"https:\/\/www.barsch-alarm.de\/news\/#\/schema\/person\/625ad6937f19daaa4355ae4dcce349f7\"},\"headline\":\"Angel-Banditen-Style \u2013 Multifunktionst\u00fccher als UV-Protektion\",\"datePublished\":\"2013-04-24T04:48:16+00:00\",\"dateModified\":\"2018-07-20T06:32:50+00:00\",\"mainEntityOfPage\":{\"@id\":\"https:\/\/www.barsch-alarm.de\/news\/angel-banditen-style-multifunktionstcher-als-uv-protektion\/\"},\"wordCount\":457,\"commentCount\":29,\"publisher\":{\"@id\":\"https:\/\/www.barsch-alarm.de\/news\/#\/schema\/person\/625ad6937f19daaa4355ae4dcce349f7\"},\"articleSection\":[\"Tackle-Tipps\"],\"inLanguage\":\"de\",\"potentialAction\":[{\"@type\":\"CommentAction\",\"name\":\"Comment\",\"target\":[\"https:\/\/www.barsch-alarm.de\/news\/angel-banditen-style-multifunktionstcher-als-uv-protektion\/#respond\"]}]},{\"@type\":\"WebPage\",\"@id\":\"https:\/\/www.barsch-alarm.de\/news\/angel-banditen-style-multifunktionstcher-als-uv-protektion\/\",\"url\":\"https:\/\/www.barsch-alarm.de\/news\/angel-banditen-style-multifunktionstcher-als-uv-protektion\/\",\"name\":\"Angel-Banditen-Style \u2013 Multifunktionst\u00fccher als UV-Protektion | Barsch-Alarm\",\"isPartOf\":{\"@id\":\"https:\/\/www.barsch-alarm.de\/news\/#website\"},\"datePublished\":\"2013-04-24T04:48:16+00:00\",\"dateModified\":\"2018-07-20T06:32:50+00:00\",\"breadcrumb\":{\"@id\":\"https:\/\/www.barsch-alarm.de\/news\/angel-banditen-style-multifunktionstcher-als-uv-protektion\/#breadcrumb\"},\"inLanguage\":\"de\",\"potentialAction\":[{\"@type\":\"ReadAction\",\"target\":[\"https:\/\/www.barsch-alarm.de\/news\/angel-banditen-style-multifunktionstcher-als-uv-protektion\/\"]}]},{\"@type\":\"BreadcrumbList\",\"@id\":\"https:\/\/www.barsch-alarm.de\/news\/angel-banditen-style-multifunktionstcher-als-uv-protektion\/#breadcrumb\",\"itemListElement\":[{\"@type\":\"ListItem\",\"position\":1,\"name\":\"Startseite\",\"item\":\"https:\/\/www.barsch-alarm.de\/news\/\"},{\"@type\":\"ListItem\",\"position\":2,\"name\":\"Angel-Banditen-Style \u2013 Multifunktionst\u00fccher als UV-Protektion\"}]},{\"@type\":\"WebSite\",\"@id\":\"https:\/\/www.barsch-alarm.de\/news\/#website\",\"url\":\"https:\/\/www.barsch-alarm.de\/news\/\",\"name\":\"Barsch-Alarm\",\"description\":\"das gr\u00f6\u00dfte Angelforum f\u00fcr Spinnangler\",\"publisher\":{\"@id\":\"https:\/\/www.barsch-alarm.de\/news\/#\/schema\/person\/625ad6937f19daaa4355ae4dcce349f7\"},\"potentialAction\":[{\"@type\":\"SearchAction\",\"target\":{\"@type\":\"EntryPoint\",\"urlTemplate\":\"https:\/\/www.barsch-alarm.de\/news\/?s={search_term_string}\"},\"query-input\":\"required name=search_term_string\"}],\"inLanguage\":\"de\"},{\"@type\":[\"Person\",\"Organization\"],\"@id\":\"https:\/\/www.barsch-alarm.de\/news\/#\/schema\/person\/625ad6937f19daaa4355ae4dcce349f7\",\"name\":\"dietel\",\"image\":{\"@type\":\"ImageObject\",\"inLanguage\":\"de\",\"@id\":\"https:\/\/www.barsch-alarm.de\/news\/#\/schema\/person\/image\/\",\"url\":\"https:\/\/secure.gravatar.com\/avatar\/365783e1f60d378ef793fb7c5bb3ef04?s=96&d=mm&r=g\",\"contentUrl\":\"https:\/\/secure.gravatar.com\/avatar\/365783e1f60d378ef793fb7c5bb3ef04?s=96&d=mm&r=g\",\"caption\":\"dietel\"},\"logo\":{\"@id\":\"https:\/\/www.barsch-alarm.de\/news\/#\/schema\/person\/image\/\"},\"sameAs\":[\"http:\/\/www.barsch-alarm.de\/member.php?5-dietel\"],\"url\":\"https:\/\/www.barsch-alarm.de\/news\/author\/dietel\/\"}]}<\/script>\n<!-- \/ Yoast SEO plugin. -->","yoast_head_json":{"title":"Angel-Banditen-Style \u2013 Multifunktionst\u00fccher als UV-Protektion | Barsch-Alarm","robots":{"index":"index","follow":"follow","max-snippet":"max-snippet:-1","max-image-preview":"max-image-preview:large","max-video-preview":"max-video-preview:-1"},"canonical":"https:\/\/www.barsch-alarm.de\/news\/angel-banditen-style-multifunktionstcher-als-uv-protektion\/","twitter_misc":{"Verfasst von":"dietel","Gesch\u00e4tzte Lesezeit":"2\u00a0Minuten"},"schema":{"@context":"https:\/\/schema.org","@graph":[{"@type":"Article","@id":"https:\/\/www.barsch-alarm.de\/news\/angel-banditen-style-multifunktionstcher-als-uv-protektion\/#article","isPartOf":{"@id":"https:\/\/www.barsch-alarm.de\/news\/angel-banditen-style-multifunktionstcher-als-uv-protektion\/"},"author":{"name":"dietel","@id":"https:\/\/www.barsch-alarm.de\/news\/#\/schema\/person\/625ad6937f19daaa4355ae4dcce349f7"},"headline":"Angel-Banditen-Style \u2013 Multifunktionst\u00fccher als UV-Protektion","datePublished":"2013-04-24T04:48:16+00:00","dateModified":"2018-07-20T06:32:50+00:00","mainEntityOfPage":{"@id":"https:\/\/www.barsch-alarm.de\/news\/angel-banditen-style-multifunktionstcher-als-uv-protektion\/"},"wordCount":457,"commentCount":29,"publisher":{"@id":"https:\/\/www.barsch-alarm.de\/news\/#\/schema\/person\/625ad6937f19daaa4355ae4dcce349f7"},"articleSection":["Tackle-Tipps"],"inLanguage":"de","potentialAction":[{"@type":"CommentAction","name":"Comment","target":["https:\/\/www.barsch-alarm.de\/news\/angel-banditen-style-multifunktionstcher-als-uv-protektion\/#respond"]}]},{"@type":"WebPage","@id":"https:\/\/www.barsch-alarm.de\/news\/angel-banditen-style-multifunktionstcher-als-uv-protektion\/","url":"https:\/\/www.barsch-alarm.de\/news\/angel-banditen-style-multifunktionstcher-als-uv-protektion\/","name":"Angel-Banditen-Style \u2013 Multifunktionst\u00fccher als UV-Protektion | Barsch-Alarm","isPartOf":{"@id":"https:\/\/www.barsch-alarm.de\/news\/#website"},"datePublished":"2013-04-24T04:48:16+00:00","dateModified":"2018-07-20T06:32:50+00:00","breadcrumb":{"@id":"https:\/\/www.barsch-alarm.de\/news\/angel-banditen-style-multifunktionstcher-als-uv-protektion\/#breadcrumb"},"inLanguage":"de","potentialAction":[{"@type":"ReadAction","target":["https:\/\/www.barsch-alarm.de\/news\/angel-banditen-style-multifunktionstcher-als-uv-protektion\/"]}]},{"@type":"BreadcrumbList","@id":"https:\/\/www.barsch-alarm.de\/news\/angel-banditen-style-multifunktionstcher-als-uv-protektion\/#breadcrumb","itemListElement":[{"@type":"ListItem","position":1,"name":"Startseite","item":"https:\/\/www.barsch-alarm.de\/news\/"},{"@type":"ListItem","position":2,"name":"Angel-Banditen-Style \u2013 Multifunktionst\u00fccher als UV-Protektion"}]},{"@type":"WebSite","@id":"https:\/\/www.barsch-alarm.de\/news\/#website","url":"https:\/\/www.barsch-alarm.de\/news\/","name":"Barsch-Alarm","description":"das gr\u00f6\u00dfte Angelforum f\u00fcr Spinnangler","publisher":{"@id":"https:\/\/www.barsch-alarm.de\/news\/#\/schema\/person\/625ad6937f19daaa4355ae4dcce349f7"},"potentialAction":[{"@type":"SearchAction","target":{"@type":"EntryPoint","urlTemplate":"https:\/\/www.barsch-alarm.de\/news\/?s={search_term_string}"},"query-input":"required name=search_term_string"}],"inLanguage":"de"},{"@type":["Person","Organization"],"@id":"https:\/\/www.barsch-alarm.de\/news\/#\/schema\/person\/625ad6937f19daaa4355ae4dcce349f7","name":"dietel","image":{"@type":"ImageObject","inLanguage":"de","@id":"https:\/\/www.barsch-alarm.de\/news\/#\/schema\/person\/image\/","url":"https:\/\/secure.gravatar.com\/avatar\/365783e1f60d378ef793fb7c5bb3ef04?s=96&d=mm&r=g","contentUrl":"https:\/\/secure.gravatar.com\/avatar\/365783e1f60d378ef793fb7c5bb3ef04?s=96&d=mm&r=g","caption":"dietel"},"logo":{"@id":"https:\/\/www.barsch-alarm.de\/news\/#\/schema\/person\/image\/"},"sameAs":["http:\/\/www.barsch-alarm.de\/member.php?5-dietel"],"url":"https:\/\/www.barsch-alarm.de\/news\/author\/dietel\/"}]}},"_links":{"self":[{"href":"https:\/\/www.barsch-alarm.de\/news\/wp-json\/wp\/v2\/posts\/529"}],"collection":[{"href":"https:\/\/www.barsch-alarm.de\/news\/wp-json\/wp\/v2\/posts"}],"about":[{"href":"https:\/\/www.barsch-alarm.de\/news\/wp-json\/wp\/v2\/types\/post"}],"author":[{"embeddable":true,"href":"https:\/\/www.barsch-alarm.de\/news\/wp-json\/wp\/v2\/users\/5"}],"replies":[{"embeddable":true,"href":"https:\/\/www.barsch-alarm.de\/news\/wp-json\/wp\/v2\/comments?post=529"}],"version-history":[{"count":2,"href":"https:\/\/www.barsch-alarm.de\/news\/wp-json\/wp\/v2\/posts\/529\/revisions"}],"predecessor-version":[{"id":20296,"href":"https:\/\/www.barsch-alarm.de\/news\/wp-json\/wp\/v2\/posts\/529\/revisions\/20296"}],"wp:featuredmedia":[{"embeddable":true,"href":"https:\/\/www.barsch-alarm.de\/news\/wp-json\/wp\/v2\/media\/530"}],"wp:attachment":[{"href":"https:\/\/www.barsch-alarm.de\/news\/wp-json\/wp\/v2\/media?parent=529"}],"wp:term":[{"taxonomy":"category","embeddable":true,"href":"https:\/\/www.barsch-alarm.de\/news\/wp-json\/wp\/v2\/categories?post=529"},{"taxonomy":"post_tag","embeddable":true,"href":"https:\/\/www.barsch-alarm.de\/news\/wp-json\/wp\/v2\/tags?post=529"}],"curies":[{"name":"wp","href":"https:\/\/api.w.org\/{rel}","templated":true}]}}