{"id":4904,"date":"2015-01-25T12:51:48","date_gmt":"2015-01-25T11:51:48","guid":{"rendered":"https:\/\/www.barsch-alarm.de\/news\/?p=4904"},"modified":"2015-01-25T12:55:19","modified_gmt":"2015-01-25T11:55:19","slug":"boeser-vogel","status":"publish","type":"post","link":"https:\/\/www.barsch-alarm.de\/news\/boeser-vogel\/","title":{"rendered":"B\u00f6ser Vogel!"},"content":{"rendered":"<p><iframe loading=\"lazy\" width=\"500\" height=\"281\" src=\"https:\/\/www.youtube.com\/embed\/Bx9Ew-E1Kto?feature=oembed\" frameborder=\"0\" allowfullscreen><\/iframe><\/p>\n<p>Gerhard Polt spricht endlich mal Klartext in Sachen Komoran. Versteht vielleicht nicht jeder hier an Bord. Untertitel gibt&#8217;s leider nicht. Und so bleibt die Message allen S\u00fcddeutschen vorbehalten oder eben denen, die bereit sind, sich mit dem Poltschen Bayrisch auseinanderzusetzen. H\u00e4tte ich nicht richtig viel zu tun, k\u00f6nnte ich mich stundenlang im Polt-Universum herumtreiben lassen. So muss ein knapp 3-min\u00fctiger Ausflug reichen.<\/p>\n","protected":false},"excerpt":{"rendered":"<p>Gerhard Polt spricht endlich mal Klartext in Sachen Komoran. Versteht vielleicht nicht jeder hier an Bord. Untertitel gibt&#8217;s leider nicht. Und so bleibt die Message allen S\u00fcddeutschen vorbehalten oder eben denen, die bereit sind, sich mit dem Poltschen Bayrisch auseinanderzusetzen. H\u00e4tte ich nicht richtig viel zu tun, k\u00f6nnte ich mich stundenlang im Polt-Universum herumtreiben lassen. &hellip; <\/p>\n<p class=\"link-more\"><a href=\"https:\/\/www.barsch-alarm.de\/news\/boeser-vogel\/\" class=\"more-link\">Read more\u2026<\/a><\/p>\n","protected":false},"author":5,"featured_media":4908,"comment_status":"open","ping_status":"open","sticky":false,"template":"","format":"standard","meta":[],"categories":[1801],"tags":[],"featured_image_urls":{"full":["https:\/\/www.barsch-alarm.de\/news\/wp-content\/uploads\/2015\/01\/polt.jpg",846,463,false],"thumbnail":["https:\/\/www.barsch-alarm.de\/news\/wp-content\/uploads\/2015\/01\/polt-326x178.jpg",326,178,true],"medium":["https:\/\/www.barsch-alarm.de\/news\/wp-content\/uploads\/2015\/01\/polt-326x178.jpg",326,178,true],"medium_large":["https:\/\/www.barsch-alarm.de\/news\/wp-content\/uploads\/2015\/01\/polt-768x420.jpg",768,420,true],"large":["https:\/\/www.barsch-alarm.de\/news\/wp-content\/uploads\/2015\/01\/polt-678x371.jpg",640,350,true],"1536x1536":["https:\/\/www.barsch-alarm.de\/news\/wp-content\/uploads\/2015\/01\/polt.jpg",846,463,false],"2048x2048":["https:\/\/www.barsch-alarm.de\/news\/wp-content\/uploads\/2015\/01\/polt.jpg",846,463,false],"thxpress-featured-image":["https:\/\/www.barsch-alarm.de\/news\/wp-content\/uploads\/2015\/01\/polt.jpg",846,463,false],"400x250-crop":["https:\/\/www.barsch-alarm.de\/news\/wp-content\/uploads\/2015\/01\/polt.jpg",400,219,false]},"post_excerpt_stackable":"<p>Gerhard Polt spricht endlich mal Klartext in Sachen Komoran. Versteht vielleicht nicht jeder hier an Bord. Untertitel gibt&#8217;s leider nicht. Und so bleibt die Message allen S\u00fcddeutschen vorbehalten oder eben denen, die bereit sind, sich mit dem Poltschen Bayrisch auseinanderzusetzen. H\u00e4tte ich nicht richtig viel zu tun, k\u00f6nnte ich mich stundenlang im Polt-Universum herumtreiben lassen. So muss ein knapp 3-min\u00fctiger Ausflug reichen.<\/p>\n","category_list":"<a href=\"https:\/\/www.barsch-alarm.de\/news\/category\/ba-flashlights\/\" rel=\"category tag\">BA-Flashlights<\/a>","author_info":{"name":"dietel","url":"https:\/\/www.barsch-alarm.de\/news\/author\/dietel\/"},"comments_num":"0 Kommentare","featured_image_urls_v2":{"full":["https:\/\/www.barsch-alarm.de\/news\/wp-content\/uploads\/2015\/01\/polt.jpg",846,463,false],"thumbnail":["https:\/\/www.barsch-alarm.de\/news\/wp-content\/uploads\/2015\/01\/polt-326x178.jpg",326,178,true],"medium":["https:\/\/www.barsch-alarm.de\/news\/wp-content\/uploads\/2015\/01\/polt-326x178.jpg",326,178,true],"medium_large":["https:\/\/www.barsch-alarm.de\/news\/wp-content\/uploads\/2015\/01\/polt-768x420.jpg",768,420,true],"large":["https:\/\/www.barsch-alarm.de\/news\/wp-content\/uploads\/2015\/01\/polt-678x371.jpg",640,350,true],"1536x1536":["https:\/\/www.barsch-alarm.de\/news\/wp-content\/uploads\/2015\/01\/polt.jpg",846,463,false],"2048x2048":["https:\/\/www.barsch-alarm.de\/news\/wp-content\/uploads\/2015\/01\/polt.jpg",846,463,false],"thxpress-featured-image":["https:\/\/www.barsch-alarm.de\/news\/wp-content\/uploads\/2015\/01\/polt.jpg",846,463,false],"400x250-crop":["https:\/\/www.barsch-alarm.de\/news\/wp-content\/uploads\/2015\/01\/polt.jpg",400,219,false]},"post_excerpt_stackable_v2":"<p>Gerhard Polt spricht endlich mal Klartext in Sachen Komoran. Versteht vielleicht nicht jeder hier an Bord. Untertitel gibt&#8217;s leider nicht. Und so bleibt die Message allen S\u00fcddeutschen vorbehalten oder eben denen, die bereit sind, sich mit dem Poltschen Bayrisch auseinanderzusetzen. H\u00e4tte ich nicht richtig viel zu tun, k\u00f6nnte ich mich stundenlang im Polt-Universum herumtreiben lassen. So muss ein knapp 3-min\u00fctiger Ausflug reichen.<\/p>\n","category_list_v2":"<a href=\"https:\/\/www.barsch-alarm.de\/news\/category\/ba-flashlights\/\" rel=\"category tag\">BA-Flashlights<\/a>","author_info_v2":{"name":"dietel","url":"https:\/\/www.barsch-alarm.de\/news\/author\/dietel\/"},"comments_num_v2":"0 Kommentare","yoast_head":"<!-- This site is optimized with the Yoast SEO plugin v19.11 - https:\/\/yoast.com\/wordpress\/plugins\/seo\/ -->\n<title>B\u00f6ser Vogel! | Barsch-Alarm<\/title>\n<meta name=\"robots\" content=\"index, follow, max-snippet:-1, max-image-preview:large, max-video-preview:-1\" \/>\n<link rel=\"canonical\" href=\"https:\/\/www.barsch-alarm.de\/news\/boeser-vogel\/\" \/>\n<meta name=\"twitter:label1\" content=\"Verfasst von\" \/>\n\t<meta name=\"twitter:data1\" content=\"dietel\" \/>\n<script type=\"application\/ld+json\" class=\"yoast-schema-graph\">{\"@context\":\"https:\/\/schema.org\",\"@graph\":[{\"@type\":\"Article\",\"@id\":\"https:\/\/www.barsch-alarm.de\/news\/boeser-vogel\/#article\",\"isPartOf\":{\"@id\":\"https:\/\/www.barsch-alarm.de\/news\/boeser-vogel\/\"},\"author\":{\"name\":\"dietel\",\"@id\":\"https:\/\/www.barsch-alarm.de\/news\/#\/schema\/person\/625ad6937f19daaa4355ae4dcce349f7\"},\"headline\":\"B\u00f6ser Vogel!\",\"datePublished\":\"2015-01-25T11:51:48+00:00\",\"dateModified\":\"2015-01-25T11:55:19+00:00\",\"mainEntityOfPage\":{\"@id\":\"https:\/\/www.barsch-alarm.de\/news\/boeser-vogel\/\"},\"wordCount\":86,\"commentCount\":0,\"publisher\":{\"@id\":\"https:\/\/www.barsch-alarm.de\/news\/#\/schema\/person\/625ad6937f19daaa4355ae4dcce349f7\"},\"articleSection\":[\"BA-Flashlights\"],\"inLanguage\":\"de\",\"potentialAction\":[{\"@type\":\"CommentAction\",\"name\":\"Comment\",\"target\":[\"https:\/\/www.barsch-alarm.de\/news\/boeser-vogel\/#respond\"]}]},{\"@type\":\"WebPage\",\"@id\":\"https:\/\/www.barsch-alarm.de\/news\/boeser-vogel\/\",\"url\":\"https:\/\/www.barsch-alarm.de\/news\/boeser-vogel\/\",\"name\":\"B\u00f6ser Vogel! | Barsch-Alarm\",\"isPartOf\":{\"@id\":\"https:\/\/www.barsch-alarm.de\/news\/#website\"},\"datePublished\":\"2015-01-25T11:51:48+00:00\",\"dateModified\":\"2015-01-25T11:55:19+00:00\",\"breadcrumb\":{\"@id\":\"https:\/\/www.barsch-alarm.de\/news\/boeser-vogel\/#breadcrumb\"},\"inLanguage\":\"de\",\"potentialAction\":[{\"@type\":\"ReadAction\",\"target\":[\"https:\/\/www.barsch-alarm.de\/news\/boeser-vogel\/\"]}]},{\"@type\":\"BreadcrumbList\",\"@id\":\"https:\/\/www.barsch-alarm.de\/news\/boeser-vogel\/#breadcrumb\",\"itemListElement\":[{\"@type\":\"ListItem\",\"position\":1,\"name\":\"Startseite\",\"item\":\"https:\/\/www.barsch-alarm.de\/news\/\"},{\"@type\":\"ListItem\",\"position\":2,\"name\":\"B\u00f6ser Vogel!\"}]},{\"@type\":\"WebSite\",\"@id\":\"https:\/\/www.barsch-alarm.de\/news\/#website\",\"url\":\"https:\/\/www.barsch-alarm.de\/news\/\",\"name\":\"Barsch-Alarm\",\"description\":\"das gr\u00f6\u00dfte Angelforum f\u00fcr Spinnangler\",\"publisher\":{\"@id\":\"https:\/\/www.barsch-alarm.de\/news\/#\/schema\/person\/625ad6937f19daaa4355ae4dcce349f7\"},\"potentialAction\":[{\"@type\":\"SearchAction\",\"target\":{\"@type\":\"EntryPoint\",\"urlTemplate\":\"https:\/\/www.barsch-alarm.de\/news\/?s={search_term_string}\"},\"query-input\":\"required name=search_term_string\"}],\"inLanguage\":\"de\"},{\"@type\":[\"Person\",\"Organization\"],\"@id\":\"https:\/\/www.barsch-alarm.de\/news\/#\/schema\/person\/625ad6937f19daaa4355ae4dcce349f7\",\"name\":\"dietel\",\"image\":{\"@type\":\"ImageObject\",\"inLanguage\":\"de\",\"@id\":\"https:\/\/www.barsch-alarm.de\/news\/#\/schema\/person\/image\/\",\"url\":\"https:\/\/secure.gravatar.com\/avatar\/365783e1f60d378ef793fb7c5bb3ef04?s=96&d=mm&r=g\",\"contentUrl\":\"https:\/\/secure.gravatar.com\/avatar\/365783e1f60d378ef793fb7c5bb3ef04?s=96&d=mm&r=g\",\"caption\":\"dietel\"},\"logo\":{\"@id\":\"https:\/\/www.barsch-alarm.de\/news\/#\/schema\/person\/image\/\"},\"sameAs\":[\"http:\/\/www.barsch-alarm.de\/member.php?5-dietel\"],\"url\":\"https:\/\/www.barsch-alarm.de\/news\/author\/dietel\/\"}]}<\/script>\n<!-- \/ Yoast SEO plugin. -->","yoast_head_json":{"title":"B\u00f6ser Vogel! | Barsch-Alarm","robots":{"index":"index","follow":"follow","max-snippet":"max-snippet:-1","max-image-preview":"max-image-preview:large","max-video-preview":"max-video-preview:-1"},"canonical":"https:\/\/www.barsch-alarm.de\/news\/boeser-vogel\/","twitter_misc":{"Verfasst von":"dietel"},"schema":{"@context":"https:\/\/schema.org","@graph":[{"@type":"Article","@id":"https:\/\/www.barsch-alarm.de\/news\/boeser-vogel\/#article","isPartOf":{"@id":"https:\/\/www.barsch-alarm.de\/news\/boeser-vogel\/"},"author":{"name":"dietel","@id":"https:\/\/www.barsch-alarm.de\/news\/#\/schema\/person\/625ad6937f19daaa4355ae4dcce349f7"},"headline":"B\u00f6ser Vogel!","datePublished":"2015-01-25T11:51:48+00:00","dateModified":"2015-01-25T11:55:19+00:00","mainEntityOfPage":{"@id":"https:\/\/www.barsch-alarm.de\/news\/boeser-vogel\/"},"wordCount":86,"commentCount":0,"publisher":{"@id":"https:\/\/www.barsch-alarm.de\/news\/#\/schema\/person\/625ad6937f19daaa4355ae4dcce349f7"},"articleSection":["BA-Flashlights"],"inLanguage":"de","potentialAction":[{"@type":"CommentAction","name":"Comment","target":["https:\/\/www.barsch-alarm.de\/news\/boeser-vogel\/#respond"]}]},{"@type":"WebPage","@id":"https:\/\/www.barsch-alarm.de\/news\/boeser-vogel\/","url":"https:\/\/www.barsch-alarm.de\/news\/boeser-vogel\/","name":"B\u00f6ser Vogel! | Barsch-Alarm","isPartOf":{"@id":"https:\/\/www.barsch-alarm.de\/news\/#website"},"datePublished":"2015-01-25T11:51:48+00:00","dateModified":"2015-01-25T11:55:19+00:00","breadcrumb":{"@id":"https:\/\/www.barsch-alarm.de\/news\/boeser-vogel\/#breadcrumb"},"inLanguage":"de","potentialAction":[{"@type":"ReadAction","target":["https:\/\/www.barsch-alarm.de\/news\/boeser-vogel\/"]}]},{"@type":"BreadcrumbList","@id":"https:\/\/www.barsch-alarm.de\/news\/boeser-vogel\/#breadcrumb","itemListElement":[{"@type":"ListItem","position":1,"name":"Startseite","item":"https:\/\/www.barsch-alarm.de\/news\/"},{"@type":"ListItem","position":2,"name":"B\u00f6ser Vogel!"}]},{"@type":"WebSite","@id":"https:\/\/www.barsch-alarm.de\/news\/#website","url":"https:\/\/www.barsch-alarm.de\/news\/","name":"Barsch-Alarm","description":"das gr\u00f6\u00dfte Angelforum f\u00fcr Spinnangler","publisher":{"@id":"https:\/\/www.barsch-alarm.de\/news\/#\/schema\/person\/625ad6937f19daaa4355ae4dcce349f7"},"potentialAction":[{"@type":"SearchAction","target":{"@type":"EntryPoint","urlTemplate":"https:\/\/www.barsch-alarm.de\/news\/?s={search_term_string}"},"query-input":"required name=search_term_string"}],"inLanguage":"de"},{"@type":["Person","Organization"],"@id":"https:\/\/www.barsch-alarm.de\/news\/#\/schema\/person\/625ad6937f19daaa4355ae4dcce349f7","name":"dietel","image":{"@type":"ImageObject","inLanguage":"de","@id":"https:\/\/www.barsch-alarm.de\/news\/#\/schema\/person\/image\/","url":"https:\/\/secure.gravatar.com\/avatar\/365783e1f60d378ef793fb7c5bb3ef04?s=96&d=mm&r=g","contentUrl":"https:\/\/secure.gravatar.com\/avatar\/365783e1f60d378ef793fb7c5bb3ef04?s=96&d=mm&r=g","caption":"dietel"},"logo":{"@id":"https:\/\/www.barsch-alarm.de\/news\/#\/schema\/person\/image\/"},"sameAs":["http:\/\/www.barsch-alarm.de\/member.php?5-dietel"],"url":"https:\/\/www.barsch-alarm.de\/news\/author\/dietel\/"}]}},"_links":{"self":[{"href":"https:\/\/www.barsch-alarm.de\/news\/wp-json\/wp\/v2\/posts\/4904"}],"collection":[{"href":"https:\/\/www.barsch-alarm.de\/news\/wp-json\/wp\/v2\/posts"}],"about":[{"href":"https:\/\/www.barsch-alarm.de\/news\/wp-json\/wp\/v2\/types\/post"}],"author":[{"embeddable":true,"href":"https:\/\/www.barsch-alarm.de\/news\/wp-json\/wp\/v2\/users\/5"}],"replies":[{"embeddable":true,"href":"https:\/\/www.barsch-alarm.de\/news\/wp-json\/wp\/v2\/comments?post=4904"}],"version-history":[{"count":2,"href":"https:\/\/www.barsch-alarm.de\/news\/wp-json\/wp\/v2\/posts\/4904\/revisions"}],"predecessor-version":[{"id":4907,"href":"https:\/\/www.barsch-alarm.de\/news\/wp-json\/wp\/v2\/posts\/4904\/revisions\/4907"}],"wp:featuredmedia":[{"embeddable":true,"href":"https:\/\/www.barsch-alarm.de\/news\/wp-json\/wp\/v2\/media\/4908"}],"wp:attachment":[{"href":"https:\/\/www.barsch-alarm.de\/news\/wp-json\/wp\/v2\/media?parent=4904"}],"wp:term":[{"taxonomy":"category","embeddable":true,"href":"https:\/\/www.barsch-alarm.de\/news\/wp-json\/wp\/v2\/categories?post=4904"},{"taxonomy":"post_tag","embeddable":true,"href":"https:\/\/www.barsch-alarm.de\/news\/wp-json\/wp\/v2\/tags?post=4904"}],"curies":[{"name":"wp","href":"https:\/\/api.w.org\/{rel}","templated":true}]}}