{"id":27143,"date":"2025-06-17T18:49:58","date_gmt":"2025-06-17T16:49:58","guid":{"rendered":"https:\/\/www.barsch-alarm.de\/news\/?p=27143"},"modified":"2025-06-17T22:49:15","modified_gmt":"2025-06-17T20:49:15","slug":"perchpro-mit-ba-beteiligung-am-20-6-freitag-gehts-los","status":"publish","type":"post","link":"https:\/\/www.barsch-alarm.de\/news\/perchpro-mit-ba-beteiligung-am-20-6-freitag-gehts-los\/","title":{"rendered":"Perch Pro mit BA-Beteiligung: Am 20.6. (Freitag) geht\u2019s los!"},"content":{"rendered":"<p>Am 20.6. gibt\u2019s wieder eine Runde Perch Pro auf Youtube. Und in diesem Jahr stellt auch BA ein Team. Ich angle das Turnier mit meinem Kumpel und Team-Kollege Dennis Berg. Ich wei\u00df bereits, was wir gefangen haben. Ich kann\u2019s ein bisschen einordnen, weil man bis zu einem gewissen Punkt informiert war, was die anderen gefangen haben. Ab der H\u00e4lfte der Veranstaltung herrscht \u00fcber die Ergebnisse der anderen aber Unklarheit.<\/p>\n<p><iframe loading=\"lazy\" title=\"PERCH PRO 11 \u2013 TRAILER\" width=\"500\" height=\"281\" src=\"https:\/\/www.youtube.com\/embed\/Qc1A83HMVEo?feature=oembed\" frameborder=\"0\" allow=\"accelerometer; autoplay; clipboard-write; encrypted-media; gyroscope; picture-in-picture; web-share\" referrerpolicy=\"strict-origin-when-cross-origin\" allowfullscreen><\/iframe><\/p>\n<p>Dass ich an der Perch Pro teilnehme, habe ich in erster Linie nat\u00fcrlich Carsten zu verdanken, der das hohe Startgeld (man munkelt es seien 20 Riesen f\u00e4llig gewesen) auf den Tisch gelegt hat, die andere Teams wohl abgeschreckt haben. In zweiter Linie meinem Team-Kollege Dennis Berg, der total daf\u00fcr gebrannt hat und mich mit seiner ihm aus den Augen springenden Vorfreude auf ein potentielles Team Berg\/Dietel davon \u00fcberzeugt hat, dass wir zwei Barschbekloppten das Ding angeln m\u00fcssen gegen die Konkurrenz von Illex, Nays, Galant, S\u00f6der, CWC und so weiter. Von denen haben leider einige abgesagt. Dustin, Evert, Marc und all die anderen sind diesmal nicht dabei. Aber Team Galant ist dabei. Team Relax ist dabei. Und Team Caperlan auch. Dass es jetzt nur drei Mitbewerber um den Titel gibt und die ganz gro\u00dfen Namen fehlen, hat uns nat\u00fcrlich nicht davon abgehalten, alles in die Waagschale zu schmei\u00dfen, was drin ist.<\/p>\n<p>Kurz noch zu meinen Feelings der Perch Pro gegen\u00fcber: Ich habe jede Staffel geschaut. F\u00fcr mich ist die Perch Pro die Mutter aller YouTube-Angel-Competitions. Die ersten Staffeln habe ich total gesuchtet, war von Minute 1 bis zum Schluss ohne Skipping voll am Start. Dabei war ich gar nicht so richtig hei\u00df drauf am Anfang. Aber so ein Angel-Forum namens Barsch-Alarm hat mich hei\u00df drauf gemacht. Und dann geht\u2019s da halt um diesen sch\u00f6nsten aller Fische. Ist doch klar, dass ich da h\u00e4ngen bleibe. Wenn es also einen Barsch-Wettkampf gibt, den ich gern gewinnen wollen w\u00fcrde, dann nat\u00fcrlich das Original. Insofern war es jetzt nicht die ganz gro\u00dfe Kunst, mich von einer Teilnahme zu \u00fcberzeugen.<\/p>\n<p>Geangelt wurde im letzten August. Die Teams hatten freie Gew\u00e4sserwahl. Schon witzig, dass Team Relax dann ein Haus weiter in Oude-Tonge gewohnt hat. Man war also schon beim Training auf Tuchf\u00fchlung mit dem Gegner. Wobei wir zuf\u00e4llige Begegnungen durch eine konsequente Umstellung des Biorhythmus eigentlich ausgeschlossen hatten. Dennis ist auch Fr\u00fchaufsteher bzw, schlafgest\u00f6rt und so hatte man morgens zwischen 3 und 4 Uhr bereits eine Einladung zum K\u00e4ffchen im Handy und war dementsprechend fr\u00fch unterwegs. Team Relax hingegen besteht aus sehr lebenslustigen Lebem\u00e4nnern. Jedenfalls ist man sich nie auf dem Wasser begegnet. Wohl aber am Abend. Voll die netten Typen. Der Firmeneigener hat die Gummifisch-Produktion von seinem Vater geerbt und bringt jetzt frischen Schwung rein. \u00dcber Team Galant m\u00fcssen wir nicht reden. Tobias und Edvin kennt jeder, der die Perch Pro kennt. F\u00fcr uns war klar: Ein starkes Team, das vermutlich in Schweden angelt und die Number Points abonniert hat. Und dann sind da noch die Franzosen vom Team Caperlan (eine Decathlon-Marke), von denen ich nicht viel wusste. Au\u00dfer dass es nicht besonders gut lief beim letzten Auftritt. Dementsprechend werden sich die Jungs auch vorbereitet haben. Also besser mal nicht untersch\u00e4tzen.<\/p>\n<p>Es erwarten euch 6 Episoden, auf die die 3 Tage verteilt werden. Das Charmante an der 4er-Besetzung ist, dass ein bisschen mehr gezeigt werden kann. Dass die Kameram\u00e4nner ein bisschen anders gefilmt haben und dass es dadurch vielleicht ein bisschen emotionaler wird. F\u00fcr Dennis und mich war es auf jeden Fall eine extrem intensive Zeit. Die Barsche waren extrem zickig drauf. An Power Fishing war nicht zu denken. Zumindest nicht auf dem Volkerak. Wer die BA-Folgen aus dem letzten Sommer verfolgt hat, war einerseits beim Training mit dabei und hat andererseits gesehen, dass man die Barsche da rausfinessen musste unter eine Blaualgendecke.<\/p>\n<p><iframe loading=\"lazy\" title=\"KILLER-Rig: Rushka + Larve = BIG-Barsch\u26a1\" width=\"500\" height=\"281\" src=\"https:\/\/www.youtube.com\/embed\/qF54JOIqLp0?feature=oembed\" frameborder=\"0\" allow=\"accelerometer; autoplay; clipboard-write; encrypted-media; gyroscope; picture-in-picture; web-share\" referrerpolicy=\"strict-origin-when-cross-origin\" allowfullscreen><\/iframe><\/p>\n<p>Die haben teilweise so maulig gebissen, dass ich mich an die Anf\u00e4nge meiner Finesse-Angelei erinnert gef\u00fchlt habe. Also in eine Zeit, in der man Bisse versemmelt hat, weil man zu fr\u00fch angeschlagen hat beim Dropshotten oder Texieren. Aber irgendwann war ich dann drin.<\/p>\n<p><iframe loading=\"lazy\" title=\"SKIRTED JIG: Defensive F\u00fchrung REGELT!\" width=\"500\" height=\"281\" src=\"https:\/\/www.youtube.com\/embed\/edybLJCqcBM?feature=oembed\" frameborder=\"0\" allow=\"accelerometer; autoplay; clipboard-write; encrypted-media; gyroscope; picture-in-picture; web-share\" referrerpolicy=\"strict-origin-when-cross-origin\" allowfullscreen><\/iframe><\/p>\n<p>Und weil Dennis ja auch was arbeiten musste, hatte ich Gelegenheit, ein paar Spots zu scouten und etwas zum Spot-Management beizutragen.<\/p>\n<p><iframe loading=\"lazy\" title=\"FREE-RIG: SO ballern die Barsche wie bekloppt!\" width=\"500\" height=\"281\" src=\"https:\/\/www.youtube.com\/embed\/EV64Rk2UH6M?feature=oembed\" frameborder=\"0\" allow=\"accelerometer; autoplay; clipboard-write; encrypted-media; gyroscope; picture-in-picture; web-share\" referrerpolicy=\"strict-origin-when-cross-origin\" allowfullscreen><\/iframe><\/p>\n<p>Nat\u00fcrlich gibt\u2019s ungl\u00fccklichere Konstellationen als einen Guide und einen Barsch OG in ein Team zu packen. Ein Selbstl\u00e4ufer wird es aber leider nicht gewesen sein. Dazu gehen zu viele Punkte nach Schweden. Dazu ist das HV (da hat sich das Team Relax ausgetobt) einfach zu gut f\u00fcr Barsch. Dazu ist das mit den Topwater-Points zu knifflig. Und \u00fcberhaupt hat man bei einem 3 Tage dauernden Wettkampf auch mal Phasen, in denen man irgendwie offline zu sein scheint.<\/p>\n<p>Ich will jetzt auch nicht mehr verraten, als gut ist f\u00fcr die Spannung. Ich kann euch aber sagen, dass wir schon auf den Titel schielen \u2013 es aber einfach nicht wissen. So m\u00fcssen wir uns vermutlich bis zur 6. Episode gedulden. Oder vielleicht ist sogar schon vorher klar, dass wir es gar nicht schaffen k\u00f6nnen. Ich w\u00fcnsche euch auf jeden Fall, dass das Zuschauen f\u00fcr euch genauso spannend ist wie f\u00fcr uns\u2026<\/p>\n<p>Startschuss ist Freitag, 20.6.2025 um 19 Uhr.<\/p>\n","protected":false},"excerpt":{"rendered":"<p>Am 20.6. gibt\u2019s wieder eine Runde Perch Pro auf Youtube. Und in diesem Jahr stellt auch BA ein Team. Ich angle das Turnier mit meinem Kumpel und Team-Kollege Dennis Berg. Ich wei\u00df bereits, was wir gefangen haben. Ich kann\u2019s ein bisschen einordnen, weil man bis zu einem gewissen Punkt informiert war, was die anderen gefangen &hellip; <\/p>\n<p class=\"link-more\"><a href=\"https:\/\/www.barsch-alarm.de\/news\/perchpro-mit-ba-beteiligung-am-20-6-freitag-gehts-los\/\" class=\"more-link\">Read more\u2026<\/a><\/p>\n","protected":false},"author":5,"featured_media":27145,"comment_status":"open","ping_status":"open","sticky":false,"template":"","format":"standard","meta":[],"categories":[3],"tags":[3358],"featured_image_urls":{"full":["https:\/\/www.barsch-alarm.de\/news\/wp-content\/uploads\/2025\/07\/PerchPro2025.jpg",800,350,false],"thumbnail":["https:\/\/www.barsch-alarm.de\/news\/wp-content\/uploads\/2025\/07\/PerchPro2025-326x143.jpg",326,143,true],"medium":["https:\/\/www.barsch-alarm.de\/news\/wp-content\/uploads\/2025\/07\/PerchPro2025-326x143.jpg",326,143,true],"medium_large":["https:\/\/www.barsch-alarm.de\/news\/wp-content\/uploads\/2025\/07\/PerchPro2025-768x336.jpg",768,336,true],"large":["https:\/\/www.barsch-alarm.de\/news\/wp-content\/uploads\/2025\/07\/PerchPro2025-800x350.jpg",800,350,true],"1536x1536":["https:\/\/www.barsch-alarm.de\/news\/wp-content\/uploads\/2025\/07\/PerchPro2025.jpg",800,350,false],"2048x2048":["https:\/\/www.barsch-alarm.de\/news\/wp-content\/uploads\/2025\/07\/PerchPro2025.jpg",800,350,false],"thxpress-featured-image":["https:\/\/www.barsch-alarm.de\/news\/wp-content\/uploads\/2025\/07\/PerchPro2025.jpg",800,350,false],"400x250-crop":["https:\/\/www.barsch-alarm.de\/news\/wp-content\/uploads\/2025\/07\/PerchPro2025-400x250.jpg",400,250,true]},"post_excerpt_stackable":"<p>Am 20.6. gibt\u2019s wieder eine Runde Perch Pro auf Youtube. Und in diesem Jahr stellt auch BA ein Team. Ich angle das Turnier mit meinem Kumpel und Team-Kollege Dennis Berg. Ich wei\u00df bereits, was wir gefangen haben. Ich kann\u2019s ein bisschen einordnen, weil man bis zu einem gewissen Punkt informiert war, was die anderen gefangen haben. Ab der H\u00e4lfte der Veranstaltung herrscht \u00fcber die Ergebnisse der anderen aber Unklarheit. Dass ich an der Perch Pro teilnehme, habe ich in erster Linie nat\u00fcrlich Carsten zu verdanken, der das hohe Startgeld (man munkelt es seien 20 Riesen f\u00e4llig gewesen) auf den Tisch&hellip;<\/p>\n","category_list":"<a href=\"https:\/\/www.barsch-alarm.de\/news\/category\/barsch\/\" rel=\"category tag\">Barsch<\/a>","author_info":{"name":"dietel","url":"https:\/\/www.barsch-alarm.de\/news\/author\/dietel\/"},"comments_num":"5 Kommentare","featured_image_urls_v2":{"full":["https:\/\/www.barsch-alarm.de\/news\/wp-content\/uploads\/2025\/07\/PerchPro2025.jpg",800,350,false],"thumbnail":["https:\/\/www.barsch-alarm.de\/news\/wp-content\/uploads\/2025\/07\/PerchPro2025-326x143.jpg",326,143,true],"medium":["https:\/\/www.barsch-alarm.de\/news\/wp-content\/uploads\/2025\/07\/PerchPro2025-326x143.jpg",326,143,true],"medium_large":["https:\/\/www.barsch-alarm.de\/news\/wp-content\/uploads\/2025\/07\/PerchPro2025-768x336.jpg",768,336,true],"large":["https:\/\/www.barsch-alarm.de\/news\/wp-content\/uploads\/2025\/07\/PerchPro2025-800x350.jpg",800,350,true],"1536x1536":["https:\/\/www.barsch-alarm.de\/news\/wp-content\/uploads\/2025\/07\/PerchPro2025.jpg",800,350,false],"2048x2048":["https:\/\/www.barsch-alarm.de\/news\/wp-content\/uploads\/2025\/07\/PerchPro2025.jpg",800,350,false],"thxpress-featured-image":["https:\/\/www.barsch-alarm.de\/news\/wp-content\/uploads\/2025\/07\/PerchPro2025.jpg",800,350,false],"400x250-crop":["https:\/\/www.barsch-alarm.de\/news\/wp-content\/uploads\/2025\/07\/PerchPro2025-400x250.jpg",400,250,true]},"post_excerpt_stackable_v2":"<p>Am 20.6. gibt\u2019s wieder eine Runde Perch Pro auf Youtube. Und in diesem Jahr stellt auch BA ein Team. Ich angle das Turnier mit meinem Kumpel und Team-Kollege Dennis Berg. Ich wei\u00df bereits, was wir gefangen haben. Ich kann\u2019s ein bisschen einordnen, weil man bis zu einem gewissen Punkt informiert war, was die anderen gefangen haben. Ab der H\u00e4lfte der Veranstaltung herrscht \u00fcber die Ergebnisse der anderen aber Unklarheit. Dass ich an der Perch Pro teilnehme, habe ich in erster Linie nat\u00fcrlich Carsten zu verdanken, der das hohe Startgeld (man munkelt es seien 20 Riesen f\u00e4llig gewesen) auf den Tisch&hellip;<\/p>\n","category_list_v2":"<a href=\"https:\/\/www.barsch-alarm.de\/news\/category\/barsch\/\" rel=\"category tag\">Barsch<\/a>","author_info_v2":{"name":"dietel","url":"https:\/\/www.barsch-alarm.de\/news\/author\/dietel\/"},"comments_num_v2":"5 Kommentare","yoast_head":"<!-- This site is optimized with the Yoast SEO plugin v19.11 - https:\/\/yoast.com\/wordpress\/plugins\/seo\/ -->\n<title>Perch Pro mit BA-Beteiligung: Am 20.6. (Freitag) geht\u2019s los! | Barsch-Alarm<\/title>\n<meta name=\"robots\" content=\"index, follow, max-snippet:-1, max-image-preview:large, max-video-preview:-1\" \/>\n<link rel=\"canonical\" href=\"https:\/\/www.barsch-alarm.de\/news\/perchpro-mit-ba-beteiligung-am-20-6-freitag-gehts-los\/\" \/>\n<meta name=\"twitter:label1\" content=\"Verfasst von\" \/>\n\t<meta name=\"twitter:data1\" content=\"dietel\" \/>\n\t<meta name=\"twitter:label2\" content=\"Gesch\u00e4tzte Lesezeit\" \/>\n\t<meta name=\"twitter:data2\" content=\"5\u00a0Minuten\" \/>\n<script type=\"application\/ld+json\" class=\"yoast-schema-graph\">{\"@context\":\"https:\/\/schema.org\",\"@graph\":[{\"@type\":\"Article\",\"@id\":\"https:\/\/www.barsch-alarm.de\/news\/perchpro-mit-ba-beteiligung-am-20-6-freitag-gehts-los\/#article\",\"isPartOf\":{\"@id\":\"https:\/\/www.barsch-alarm.de\/news\/perchpro-mit-ba-beteiligung-am-20-6-freitag-gehts-los\/\"},\"author\":{\"name\":\"dietel\",\"@id\":\"https:\/\/www.barsch-alarm.de\/news\/#\/schema\/person\/625ad6937f19daaa4355ae4dcce349f7\"},\"headline\":\"Perch Pro mit BA-Beteiligung: Am 20.6. (Freitag) geht\u2019s los!\",\"datePublished\":\"2025-06-17T16:49:58+00:00\",\"dateModified\":\"2025-06-17T20:49:15+00:00\",\"mainEntityOfPage\":{\"@id\":\"https:\/\/www.barsch-alarm.de\/news\/perchpro-mit-ba-beteiligung-am-20-6-freitag-gehts-los\/\"},\"wordCount\":925,\"commentCount\":5,\"publisher\":{\"@id\":\"https:\/\/www.barsch-alarm.de\/news\/#\/schema\/person\/625ad6937f19daaa4355ae4dcce349f7\"},\"keywords\":[\"PerchPro\"],\"articleSection\":[\"Barsch\"],\"inLanguage\":\"de\",\"potentialAction\":[{\"@type\":\"CommentAction\",\"name\":\"Comment\",\"target\":[\"https:\/\/www.barsch-alarm.de\/news\/perchpro-mit-ba-beteiligung-am-20-6-freitag-gehts-los\/#respond\"]}]},{\"@type\":\"WebPage\",\"@id\":\"https:\/\/www.barsch-alarm.de\/news\/perchpro-mit-ba-beteiligung-am-20-6-freitag-gehts-los\/\",\"url\":\"https:\/\/www.barsch-alarm.de\/news\/perchpro-mit-ba-beteiligung-am-20-6-freitag-gehts-los\/\",\"name\":\"Perch Pro mit BA-Beteiligung: Am 20.6. (Freitag) geht\u2019s los! | Barsch-Alarm\",\"isPartOf\":{\"@id\":\"https:\/\/www.barsch-alarm.de\/news\/#website\"},\"datePublished\":\"2025-06-17T16:49:58+00:00\",\"dateModified\":\"2025-06-17T20:49:15+00:00\",\"breadcrumb\":{\"@id\":\"https:\/\/www.barsch-alarm.de\/news\/perchpro-mit-ba-beteiligung-am-20-6-freitag-gehts-los\/#breadcrumb\"},\"inLanguage\":\"de\",\"potentialAction\":[{\"@type\":\"ReadAction\",\"target\":[\"https:\/\/www.barsch-alarm.de\/news\/perchpro-mit-ba-beteiligung-am-20-6-freitag-gehts-los\/\"]}]},{\"@type\":\"BreadcrumbList\",\"@id\":\"https:\/\/www.barsch-alarm.de\/news\/perchpro-mit-ba-beteiligung-am-20-6-freitag-gehts-los\/#breadcrumb\",\"itemListElement\":[{\"@type\":\"ListItem\",\"position\":1,\"name\":\"Startseite\",\"item\":\"https:\/\/www.barsch-alarm.de\/news\/\"},{\"@type\":\"ListItem\",\"position\":2,\"name\":\"Perch Pro mit BA-Beteiligung: Am 20.6. (Freitag) geht\u2019s los!\"}]},{\"@type\":\"WebSite\",\"@id\":\"https:\/\/www.barsch-alarm.de\/news\/#website\",\"url\":\"https:\/\/www.barsch-alarm.de\/news\/\",\"name\":\"Barsch-Alarm\",\"description\":\"das gr\u00f6\u00dfte Angelforum f\u00fcr Spinnangler\",\"publisher\":{\"@id\":\"https:\/\/www.barsch-alarm.de\/news\/#\/schema\/person\/625ad6937f19daaa4355ae4dcce349f7\"},\"potentialAction\":[{\"@type\":\"SearchAction\",\"target\":{\"@type\":\"EntryPoint\",\"urlTemplate\":\"https:\/\/www.barsch-alarm.de\/news\/?s={search_term_string}\"},\"query-input\":\"required name=search_term_string\"}],\"inLanguage\":\"de\"},{\"@type\":[\"Person\",\"Organization\"],\"@id\":\"https:\/\/www.barsch-alarm.de\/news\/#\/schema\/person\/625ad6937f19daaa4355ae4dcce349f7\",\"name\":\"dietel\",\"image\":{\"@type\":\"ImageObject\",\"inLanguage\":\"de\",\"@id\":\"https:\/\/www.barsch-alarm.de\/news\/#\/schema\/person\/image\/\",\"url\":\"https:\/\/secure.gravatar.com\/avatar\/365783e1f60d378ef793fb7c5bb3ef04?s=96&d=mm&r=g\",\"contentUrl\":\"https:\/\/secure.gravatar.com\/avatar\/365783e1f60d378ef793fb7c5bb3ef04?s=96&d=mm&r=g\",\"caption\":\"dietel\"},\"logo\":{\"@id\":\"https:\/\/www.barsch-alarm.de\/news\/#\/schema\/person\/image\/\"},\"sameAs\":[\"http:\/\/www.barsch-alarm.de\/member.php?5-dietel\"],\"url\":\"https:\/\/www.barsch-alarm.de\/news\/author\/dietel\/\"}]}<\/script>\n<!-- \/ Yoast SEO plugin. -->","yoast_head_json":{"title":"Perch Pro mit BA-Beteiligung: Am 20.6. (Freitag) geht\u2019s los! | Barsch-Alarm","robots":{"index":"index","follow":"follow","max-snippet":"max-snippet:-1","max-image-preview":"max-image-preview:large","max-video-preview":"max-video-preview:-1"},"canonical":"https:\/\/www.barsch-alarm.de\/news\/perchpro-mit-ba-beteiligung-am-20-6-freitag-gehts-los\/","twitter_misc":{"Verfasst von":"dietel","Gesch\u00e4tzte Lesezeit":"5\u00a0Minuten"},"schema":{"@context":"https:\/\/schema.org","@graph":[{"@type":"Article","@id":"https:\/\/www.barsch-alarm.de\/news\/perchpro-mit-ba-beteiligung-am-20-6-freitag-gehts-los\/#article","isPartOf":{"@id":"https:\/\/www.barsch-alarm.de\/news\/perchpro-mit-ba-beteiligung-am-20-6-freitag-gehts-los\/"},"author":{"name":"dietel","@id":"https:\/\/www.barsch-alarm.de\/news\/#\/schema\/person\/625ad6937f19daaa4355ae4dcce349f7"},"headline":"Perch Pro mit BA-Beteiligung: Am 20.6. (Freitag) geht\u2019s los!","datePublished":"2025-06-17T16:49:58+00:00","dateModified":"2025-06-17T20:49:15+00:00","mainEntityOfPage":{"@id":"https:\/\/www.barsch-alarm.de\/news\/perchpro-mit-ba-beteiligung-am-20-6-freitag-gehts-los\/"},"wordCount":925,"commentCount":5,"publisher":{"@id":"https:\/\/www.barsch-alarm.de\/news\/#\/schema\/person\/625ad6937f19daaa4355ae4dcce349f7"},"keywords":["PerchPro"],"articleSection":["Barsch"],"inLanguage":"de","potentialAction":[{"@type":"CommentAction","name":"Comment","target":["https:\/\/www.barsch-alarm.de\/news\/perchpro-mit-ba-beteiligung-am-20-6-freitag-gehts-los\/#respond"]}]},{"@type":"WebPage","@id":"https:\/\/www.barsch-alarm.de\/news\/perchpro-mit-ba-beteiligung-am-20-6-freitag-gehts-los\/","url":"https:\/\/www.barsch-alarm.de\/news\/perchpro-mit-ba-beteiligung-am-20-6-freitag-gehts-los\/","name":"Perch Pro mit BA-Beteiligung: Am 20.6. (Freitag) geht\u2019s los! | Barsch-Alarm","isPartOf":{"@id":"https:\/\/www.barsch-alarm.de\/news\/#website"},"datePublished":"2025-06-17T16:49:58+00:00","dateModified":"2025-06-17T20:49:15+00:00","breadcrumb":{"@id":"https:\/\/www.barsch-alarm.de\/news\/perchpro-mit-ba-beteiligung-am-20-6-freitag-gehts-los\/#breadcrumb"},"inLanguage":"de","potentialAction":[{"@type":"ReadAction","target":["https:\/\/www.barsch-alarm.de\/news\/perchpro-mit-ba-beteiligung-am-20-6-freitag-gehts-los\/"]}]},{"@type":"BreadcrumbList","@id":"https:\/\/www.barsch-alarm.de\/news\/perchpro-mit-ba-beteiligung-am-20-6-freitag-gehts-los\/#breadcrumb","itemListElement":[{"@type":"ListItem","position":1,"name":"Startseite","item":"https:\/\/www.barsch-alarm.de\/news\/"},{"@type":"ListItem","position":2,"name":"Perch Pro mit BA-Beteiligung: Am 20.6. (Freitag) geht\u2019s los!"}]},{"@type":"WebSite","@id":"https:\/\/www.barsch-alarm.de\/news\/#website","url":"https:\/\/www.barsch-alarm.de\/news\/","name":"Barsch-Alarm","description":"das gr\u00f6\u00dfte Angelforum f\u00fcr Spinnangler","publisher":{"@id":"https:\/\/www.barsch-alarm.de\/news\/#\/schema\/person\/625ad6937f19daaa4355ae4dcce349f7"},"potentialAction":[{"@type":"SearchAction","target":{"@type":"EntryPoint","urlTemplate":"https:\/\/www.barsch-alarm.de\/news\/?s={search_term_string}"},"query-input":"required name=search_term_string"}],"inLanguage":"de"},{"@type":["Person","Organization"],"@id":"https:\/\/www.barsch-alarm.de\/news\/#\/schema\/person\/625ad6937f19daaa4355ae4dcce349f7","name":"dietel","image":{"@type":"ImageObject","inLanguage":"de","@id":"https:\/\/www.barsch-alarm.de\/news\/#\/schema\/person\/image\/","url":"https:\/\/secure.gravatar.com\/avatar\/365783e1f60d378ef793fb7c5bb3ef04?s=96&d=mm&r=g","contentUrl":"https:\/\/secure.gravatar.com\/avatar\/365783e1f60d378ef793fb7c5bb3ef04?s=96&d=mm&r=g","caption":"dietel"},"logo":{"@id":"https:\/\/www.barsch-alarm.de\/news\/#\/schema\/person\/image\/"},"sameAs":["http:\/\/www.barsch-alarm.de\/member.php?5-dietel"],"url":"https:\/\/www.barsch-alarm.de\/news\/author\/dietel\/"}]}},"_links":{"self":[{"href":"https:\/\/www.barsch-alarm.de\/news\/wp-json\/wp\/v2\/posts\/27143"}],"collection":[{"href":"https:\/\/www.barsch-alarm.de\/news\/wp-json\/wp\/v2\/posts"}],"about":[{"href":"https:\/\/www.barsch-alarm.de\/news\/wp-json\/wp\/v2\/types\/post"}],"author":[{"embeddable":true,"href":"https:\/\/www.barsch-alarm.de\/news\/wp-json\/wp\/v2\/users\/5"}],"replies":[{"embeddable":true,"href":"https:\/\/www.barsch-alarm.de\/news\/wp-json\/wp\/v2\/comments?post=27143"}],"version-history":[{"count":4,"href":"https:\/\/www.barsch-alarm.de\/news\/wp-json\/wp\/v2\/posts\/27143\/revisions"}],"predecessor-version":[{"id":27148,"href":"https:\/\/www.barsch-alarm.de\/news\/wp-json\/wp\/v2\/posts\/27143\/revisions\/27148"}],"wp:featuredmedia":[{"embeddable":true,"href":"https:\/\/www.barsch-alarm.de\/news\/wp-json\/wp\/v2\/media\/27145"}],"wp:attachment":[{"href":"https:\/\/www.barsch-alarm.de\/news\/wp-json\/wp\/v2\/media?parent=27143"}],"wp:term":[{"taxonomy":"category","embeddable":true,"href":"https:\/\/www.barsch-alarm.de\/news\/wp-json\/wp\/v2\/categories?post=27143"},{"taxonomy":"post_tag","embeddable":true,"href":"https:\/\/www.barsch-alarm.de\/news\/wp-json\/wp\/v2\/tags?post=27143"}],"curies":[{"name":"wp","href":"https:\/\/api.w.org\/{rel}","templated":true}]}}