{"id":26375,"date":"2023-11-09T12:27:47","date_gmt":"2023-11-09T11:27:47","guid":{"rendered":"https:\/\/www.barsch-alarm.de\/news\/?p=26375"},"modified":"2023-12-08T10:44:04","modified_gmt":"2023-12-08T09:44:04","slug":"ba-ebro-exkursion-10-17-februar-2024","status":"publish","type":"post","link":"https:\/\/www.barsch-alarm.de\/news\/ba-ebro-exkursion-10-17-februar-2024\/","title":{"rendered":"BA Ebro-Exkursion 10. &#8211; 17. Februar 2024"},"content":{"rendered":"<p>Nachdem die diesj\u00e4hrige Ebro-Tour sowohl stimmungs- als auch fangtechnisch so gut gelaufen ist, m\u00f6chten wir (Dori, Hannes und unsere Experten vor Ort) auch f\u00fcr 2024 eine BA-Tour nach Mequinenza anbieten. Wir haben den Termin in die selbe Woche wie letztes Jahr gelegt. Los geht\u2019s am 10.2.2024. Verabschieden werden wir uns dann am 17.2.2024. Dazwischen wird eine geile Zeit liegen. Wir hoffen auf gutes Wetter und bei\u00dffreudige Fische. Und ein zus\u00e4tzliches Ass spielen wir auch aus: Bei der 2024er Tour k\u00f6nnt ihr erstens die Stauseen wechseln und so sowohl das Embalse de Riba Roja (unterer Stausee) als auch das Embalse de Mequinenza (oberer Stausee) beangeln! Und ein Low Budget-Angebot wird\u2019s auch noch geben.<\/p>\n<p>M\u00f6glich wird das alles, indem wir neben den letztj\u00e4hrigen Anbietern Ebro Unlimited (J\u00fcrgen Stegherr) und Ebro Urlaub (Markus Stegherr und Bruno Brennsteiner) auch Urlaub nach Ma\u00df (Oli Schier) eingebunden haben. Unterkunftstechnisch sind wir damit nach oben offen.<\/p>\n<figure id=\"attachment_26377\" aria-describedby=\"caption-attachment-26377\" style=\"width: 800px\" class=\"wp-caption aligncenter\"><img loading=\"lazy\" class=\"wp-image-26377 size-full\" src=\"https:\/\/www.barsch-alarm.de\/news\/wp-content\/uploads\/2023\/11\/spain-2023.jpg\" alt=\"\" width=\"800\" height=\"350\" srcset=\"https:\/\/www.barsch-alarm.de\/news\/wp-content\/uploads\/2023\/11\/spain-2023.jpg 800w, https:\/\/www.barsch-alarm.de\/news\/wp-content\/uploads\/2023\/11\/spain-2023-326x143.jpg 326w, https:\/\/www.barsch-alarm.de\/news\/wp-content\/uploads\/2023\/11\/spain-2023-768x336.jpg 768w\" sizes=\"(max-width: 767px) 89vw, (max-width: 1000px) 54vw, (max-width: 1071px) 543px, 580px\" \/><figcaption id=\"caption-attachment-26377\" class=\"wp-caption-text\">Auf Krebsj\u00e4ger wird&#8217;s gehen. Aber auch die Lauben-Vernichter unter den Fischen nehmen wir aufs Korn.<\/figcaption><\/figure>\n<p>Wie gehabt werden Dori und ich die ganze Exkursion &#8222;anleiten&#8220;. Das betrifft vor allem den Angelpart: Wir koordinieren die Sache mit den Unterk\u00fcnften und Booten, weisen euch in die Angelpl\u00e4tze ein und sorgen vor Ort daf\u00fcr, dass wir alle auf einem \u00e4hnlichen Stand sind. Na klar bekommen alle Teilnehmer im Vorfeld eine Liste mit Must-Haves. F\u00fcr alle, die sich einem abendlichen Guiding zu den angesagten Restaurationen des St\u00e4dtchen anschlie\u00dfen wollen, stehen wir ebenfalls zur Verf\u00fcgung. (Nur damit es gesagt ist: F\u00fcr eure Auslagen in den Restaurants und Bars kommt ihr da na klar selber auf.)<\/p>\n<p>Dori, Markus, Bruno, J\u00fcrgen, Olli und ich freuen uns schon sehr auf diese Woche. F\u00fcr Dori und mich ist das ein sehr guter Termin, da zu diesem fr\u00fchen Zeitpunkt noch nicht viel los ist in Mequinenza und auf den Gew\u00e4ssern. Hei\u00dft freie Platzwahl und weitgehend unbeangelte Fische. Es ist schwer, das Wetter zu prognostizieren. Ich war im Februar schon im T-Shirt auf dem Boot und habe mir einen abgeschwitzt. Ich habe aber auch schon Schnee gesehen in Spanien (einmal in fast 20 Jahren). Die Gruppenevents waren meistens sehr erfolgreich, weil wir im Team schneller Pl\u00e4tze, K\u00f6der und Patterns erschlie\u00dfen.<\/p>\n<p><strong>Stausee-Wechsel:<\/strong> Man wei\u00df ja nie, wie es bei\u00dft bzw. ob es am oberen oder am unteren Stausee gerade besser ist. Man kann nur sagen, dass die Barschchancen zu dieser Jahreszeit oben besser stehen und dass die meisten Menschen den oberen Stausee &#8222;sch\u00f6ner&#8220; finden. Da die Fangpl\u00e4tze hier weiter auseinander liegen, seid ihr oben auf ein f\u00fchrerscheinpflichtiges Boot angewiesen. Mit dem kann man na klar aber auch unten sehr sch\u00f6n herumgondeln. Wir haben mit den Vermietern eine Geb\u00fchr von 50 Euro pro Boot f\u00fcr euch ausgehandelt, wenn ihr mal den Stausee wechseln wollt. Die M\u00e4nner werden dann euer Boot hinter den Wagen spannen und es nach unten oder oben schaffen.<\/p>\n<p><strong>Von unseren Kumpels Bruno Brennsteiner und Markus Stegherr (Ebro-Urlaub) und J\u00fcrgen Stegherr (Ebro Unlimited) und Oli Schier haben wir folgende Arrangements geblockt:<\/strong><\/p>\n<p><strong>Appartements am Wasser (Ebro-Urlaub):<\/strong> Wir haben 4 Appartements mit je 2 Doppelzimmern zur Verf\u00fcgung, die wir f\u00fcr 3 Personen planen. Bedeutet: Pro Appartement gibt\u2019s ein Einzelzimmer und ein Doppelzimmer. Zu jedem Appartement haben wir ein f\u00fchrerscheinpflichtiges Boot mit mindestens 40 PS und einem Bug-Motor gebucht, auf dem 3 Angler (n\u00e4mlich die Belegung des jeweiligen Appartements) Platz haben. Sollte sich eine 4er Gruppe finden, die nicht auseinandergerissen werden will, haben wir hier die M\u00f6glichkeit auf eine 4er Belegung.<\/p>\n<p><strong>Casa Rio (Ebro Unlimited):<\/strong> Von J\u00fcrgen Stegherr haben wir das Casa Rio (liegt ca. 173 m neben den 4 Ebro-Urlaub-Appartements) gebucht. Hier ist Platz f\u00fcr 9 Angler (1 Einzelzimmer, 3 Doppelzimmer, 1 Mini-Appartement mit Doppelbett und separatem Bad f\u00fcr 2 Personen). Das entspricht wieder 3 Dreier-Gruppen, die jeweils ein f\u00fchrerscheinpflichtiges Boot mit Bug-Motor gestellt bekommen. Ein Appartement f\u00fcr 2 Personen h\u00e4lt J\u00fcrgen dann auch noch in Hinterhand.<\/p>\n<p><strong>Urlaub nach Ma\u00df:<\/strong> Hier stehen mehrere Appartements f\u00fcr 2 bis 6 Personen zur Verf\u00fcgung. Insgesamt k\u00f6nnte man 45 Personen bei Oli Schier unterbringen. Mit einem derartigen Andrang ist na klar nicht zu rechnen. Nachdem im letzten Jahr ziemlich viel \u201elast minute\u201c passiert ist, sind wir aber happy, dass wir auch Sp\u00e4tentschlossene mitnehmen k\u00f6nnen. Allerdings stehen erstmal \u201enur\u201c 4 hochmotorisierte Boote zur Verf\u00fcgung.<\/p>\n<p>Dori und ich verteilen die Gruppen dann auf die Unterk\u00fcnfte, von denen jede einzelne ihren eigenen Charme hat.<\/p>\n<p><strong>Kontingent:<\/strong> Insgesamt gibt es 35 Pl\u00e4tze auf hochmotorisierten Booten (30 PS bis 100 PS). Und dazu noch reichlich Pl\u00e4tze f\u00fcr Angler, die mit 10 bis 15 PS auskommen (was man auf dem unteren Stausee z.B. problemslos tut). Nun k\u00f6nnte man hin und her rechnen und Preise f\u00fcr Einzel- und Doppelzimmer ausklam\u00fcsern und sich \u00fcberlegen, ob man f\u00fcr ein 50 PS-Boot genauso viel berechnen kann wie f\u00fcr ein Boot mit 30 PS. Das wird dann aber alles zu kompliziert. Hier setzen wir auf eure Gruppen-Kompatibilit\u00e4t und gehen einfach mal davon aus, dass euch die gro\u00dfz\u00fcgige Belegung schon so entgegenkommt, dass ihr das nicht aufrechnet. Wir schauen schon, dass es so gerecht wie m\u00f6glich zugeht. Achtung: Auch in Spanien sind nur Boote bis 15 PS f\u00fchrerscheinfrei. F\u00fcr gr\u00f6\u00dfere Geschichten brauchen wir also jeweils einen Inhaber des Sportbootf\u00fchrerscheins (See oder Binnen d\u00fcrfte den Kontrolettis egal sein.)<\/p>\n<p><strong>Zum Buchungsprozess:<\/strong> Damit es nicht zu chaotisch wird, muss es eine zentrale Anlaufstelle geben, in der das alles koordiniert wird. Das wird mein (Mail-)Postfach sein. Ihr schreibt mir eine Mail an info@barsch-alarm.de mit dem Betreff \u201eBA Ebro-Exkursion 2024\u201c und schildert mir eure W\u00fcnsche. (Also: Einzelzimmerw\u00fcnsche, Gruppenanmeldungen, F\u00fchrerschein-Problematiken usw.)<\/p>\n<p><strong>Mietwagen und Feintuning:<\/strong> Au\u00dferdem meldet ihr euch am besten im Forum an, um Mietw\u00e4gen zu koordinieren. Es muss ja nicht sein, dass jeder Teilnehmer im eigenen Mietwagen von Barcelona nach Mequinenza f\u00e4hrt. Die Anreise regelt ihr aber bitte weitgehend selber. Ich empfehle nach Barcelona zu fliegen und dort einen Mietwagen zu checken.<\/p>\n<p><strong>Preise:<\/strong><br \/>\n<strong>Paket 1:<\/strong> Unterkunft bei einem der drei Anbieter und Bootsplatz auf einem Boot mit mindestens 30 PS \u00e0 600 Euro pro Person<br \/>\n<strong>Paket 2:<\/strong> Unterkunft bei Urlaub nach Ma\u00df und Bootsplatz auf einem Boot mit 9,9 bis 15 PS \u00e0 400 Euro pro Person<br \/>\n(Dazu kommen noch ein paar Euros f\u00fcr die Lizenzen und den Sprit. Plus Verpflegung.)<\/p>\n<p><strong>Bezahlung:<\/strong> Die Anzahlung von 300 Euro leistet ihr dann direkt bei den Vermietern. Die jeweilige Bankverbindung erhaltet ihr von mir.<\/p>\n<p>Sollte es Gruppen geben, in denen niemand einen Sportboot-F\u00fchrerschein hat, k\u00f6nnen wir bootstechnisch auch abr\u00fcsten und auf 15 PS-Boote umsteigen.<\/p>\n<p>Am Ankunftstag werdet ihr erstmal in den Angelladen tingeln, um dort die Lizenzen zu erstehen. (Wobei das auch die Vermieter f\u00fcr euch \u00fcbernehmen, wenn ich ihnen eure Unterlagen \u00fcbermittle.) Abends treffen wir uns dann in einer von uns ausgew\u00e4hlten Lokalit\u00e4t zum Besprechen der Details. Auch die Bootseinweisung findet vermutlich zumindest teilweise schon am Samstag statt, so dass ihr am Sonntag selbst\u00e4ndig ausr\u00fccken k\u00f6nnt.<\/p>\n<p>Am Abend vor der Abreise w\u00fcrden wir euch gern nochmal sehen zu einem gemeinsamen Essen. In der Zeit dazwischen bleibt die Gestaltung des Abendprogrammes euch \u00fcberlassen. Wer Bock hat, kann uns dann aber gern begleiten. Wir wohnen in dieser Zeit selber in einer kleinen Bude und werden den Kochl\u00f6ffel wohl in der Schublade schlummern lassen. Man kann in Mequinenza einfach sehr gut essen.<\/p>\n<p>Wir freuen uns auf euch! Hasta pronto!<\/p>\n<p>Johannes<\/p>\n","protected":false},"excerpt":{"rendered":"<p>Nachdem die diesj\u00e4hrige Ebro-Tour sowohl stimmungs- als auch fangtechnisch so gut gelaufen ist, m\u00f6chten wir (Dori, Hannes und unsere Experten vor Ort) auch f\u00fcr 2024 eine BA-Tour nach Mequinenza anbieten. Wir haben den Termin in die selbe Woche wie letztes Jahr gelegt. Los geht\u2019s am 10.2.2024. Verabschieden werden wir uns dann am 17.2.2024. Dazwischen wird &hellip; <\/p>\n<p class=\"link-more\"><a href=\"https:\/\/www.barsch-alarm.de\/news\/ba-ebro-exkursion-10-17-februar-2024\/\" class=\"more-link\">Read more\u2026<\/a><\/p>\n","protected":false},"author":5,"featured_media":26376,"comment_status":"open","ping_status":"open","sticky":false,"template":"","format":"standard","meta":[],"categories":[16],"tags":[],"featured_image_urls":{"full":["https:\/\/www.barsch-alarm.de\/news\/wp-content\/uploads\/2023\/11\/mequi-open.jpg",800,350,false],"thumbnail":["https:\/\/www.barsch-alarm.de\/news\/wp-content\/uploads\/2023\/11\/mequi-open-326x143.jpg",326,143,true],"medium":["https:\/\/www.barsch-alarm.de\/news\/wp-content\/uploads\/2023\/11\/mequi-open-326x143.jpg",326,143,true],"medium_large":["https:\/\/www.barsch-alarm.de\/news\/wp-content\/uploads\/2023\/11\/mequi-open-768x336.jpg",768,336,true],"large":["https:\/\/www.barsch-alarm.de\/news\/wp-content\/uploads\/2023\/11\/mequi-open-800x350.jpg",800,350,true],"1536x1536":["https:\/\/www.barsch-alarm.de\/news\/wp-content\/uploads\/2023\/11\/mequi-open.jpg",800,350,false],"2048x2048":["https:\/\/www.barsch-alarm.de\/news\/wp-content\/uploads\/2023\/11\/mequi-open.jpg",800,350,false],"thxpress-featured-image":["https:\/\/www.barsch-alarm.de\/news\/wp-content\/uploads\/2023\/11\/mequi-open.jpg",800,350,false],"400x250-crop":["https:\/\/www.barsch-alarm.de\/news\/wp-content\/uploads\/2023\/11\/mequi-open-400x250.jpg",400,250,true]},"post_excerpt_stackable":"<p>Nachdem die diesj\u00e4hrige Ebro-Tour sowohl stimmungs- als auch fangtechnisch so gut gelaufen ist, m\u00f6chten wir (Dori, Hannes und unsere Experten vor Ort) auch f\u00fcr 2024 eine BA-Tour nach Mequinenza anbieten. Wir haben den Termin in die selbe Woche wie letztes Jahr gelegt. Los geht\u2019s am 10.2.2024. Verabschieden werden wir uns dann am 17.2.2024. Dazwischen wird eine geile Zeit liegen. Wir hoffen auf gutes Wetter und bei\u00dffreudige Fische. Und ein zus\u00e4tzliches Ass spielen wir auch aus: Bei der 2024er Tour k\u00f6nnt ihr erstens die Stauseen wechseln und so sowohl das Embalse de Riba Roja (unterer Stausee) als auch das Embalse de&hellip;<\/p>\n","category_list":"<a href=\"https:\/\/www.barsch-alarm.de\/news\/category\/ba-treffen\/\" rel=\"category tag\">BA-Treffen<\/a>","author_info":{"name":"dietel","url":"https:\/\/www.barsch-alarm.de\/news\/author\/dietel\/"},"comments_num":"0 Kommentare","featured_image_urls_v2":{"full":["https:\/\/www.barsch-alarm.de\/news\/wp-content\/uploads\/2023\/11\/mequi-open.jpg",800,350,false],"thumbnail":["https:\/\/www.barsch-alarm.de\/news\/wp-content\/uploads\/2023\/11\/mequi-open-326x143.jpg",326,143,true],"medium":["https:\/\/www.barsch-alarm.de\/news\/wp-content\/uploads\/2023\/11\/mequi-open-326x143.jpg",326,143,true],"medium_large":["https:\/\/www.barsch-alarm.de\/news\/wp-content\/uploads\/2023\/11\/mequi-open-768x336.jpg",768,336,true],"large":["https:\/\/www.barsch-alarm.de\/news\/wp-content\/uploads\/2023\/11\/mequi-open-800x350.jpg",800,350,true],"1536x1536":["https:\/\/www.barsch-alarm.de\/news\/wp-content\/uploads\/2023\/11\/mequi-open.jpg",800,350,false],"2048x2048":["https:\/\/www.barsch-alarm.de\/news\/wp-content\/uploads\/2023\/11\/mequi-open.jpg",800,350,false],"thxpress-featured-image":["https:\/\/www.barsch-alarm.de\/news\/wp-content\/uploads\/2023\/11\/mequi-open.jpg",800,350,false],"400x250-crop":["https:\/\/www.barsch-alarm.de\/news\/wp-content\/uploads\/2023\/11\/mequi-open-400x250.jpg",400,250,true]},"post_excerpt_stackable_v2":"<p>Nachdem die diesj\u00e4hrige Ebro-Tour sowohl stimmungs- als auch fangtechnisch so gut gelaufen ist, m\u00f6chten wir (Dori, Hannes und unsere Experten vor Ort) auch f\u00fcr 2024 eine BA-Tour nach Mequinenza anbieten. Wir haben den Termin in die selbe Woche wie letztes Jahr gelegt. Los geht\u2019s am 10.2.2024. Verabschieden werden wir uns dann am 17.2.2024. Dazwischen wird eine geile Zeit liegen. Wir hoffen auf gutes Wetter und bei\u00dffreudige Fische. Und ein zus\u00e4tzliches Ass spielen wir auch aus: Bei der 2024er Tour k\u00f6nnt ihr erstens die Stauseen wechseln und so sowohl das Embalse de Riba Roja (unterer Stausee) als auch das Embalse de&hellip;<\/p>\n","category_list_v2":"<a href=\"https:\/\/www.barsch-alarm.de\/news\/category\/ba-treffen\/\" rel=\"category tag\">BA-Treffen<\/a>","author_info_v2":{"name":"dietel","url":"https:\/\/www.barsch-alarm.de\/news\/author\/dietel\/"},"comments_num_v2":"0 Kommentare","yoast_head":"<!-- This site is optimized with the Yoast SEO plugin v19.11 - https:\/\/yoast.com\/wordpress\/plugins\/seo\/ -->\n<title>BA Ebro-Exkursion 10. - 17. Februar 2024 | Barsch-Alarm<\/title>\n<meta name=\"robots\" content=\"index, follow, max-snippet:-1, max-image-preview:large, max-video-preview:-1\" \/>\n<link rel=\"canonical\" href=\"https:\/\/www.barsch-alarm.de\/news\/ba-ebro-exkursion-10-17-februar-2024\/\" \/>\n<meta name=\"twitter:label1\" content=\"Verfasst von\" \/>\n\t<meta name=\"twitter:data1\" content=\"dietel\" \/>\n\t<meta name=\"twitter:label2\" content=\"Gesch\u00e4tzte Lesezeit\" \/>\n\t<meta name=\"twitter:data2\" content=\"7\u00a0Minuten\" \/>\n<script type=\"application\/ld+json\" class=\"yoast-schema-graph\">{\"@context\":\"https:\/\/schema.org\",\"@graph\":[{\"@type\":\"Article\",\"@id\":\"https:\/\/www.barsch-alarm.de\/news\/ba-ebro-exkursion-10-17-februar-2024\/#article\",\"isPartOf\":{\"@id\":\"https:\/\/www.barsch-alarm.de\/news\/ba-ebro-exkursion-10-17-februar-2024\/\"},\"author\":{\"name\":\"dietel\",\"@id\":\"https:\/\/www.barsch-alarm.de\/news\/#\/schema\/person\/625ad6937f19daaa4355ae4dcce349f7\"},\"headline\":\"BA Ebro-Exkursion 10. &#8211; 17. Februar 2024\",\"datePublished\":\"2023-11-09T11:27:47+00:00\",\"dateModified\":\"2023-12-08T09:44:04+00:00\",\"mainEntityOfPage\":{\"@id\":\"https:\/\/www.barsch-alarm.de\/news\/ba-ebro-exkursion-10-17-februar-2024\/\"},\"wordCount\":1253,\"commentCount\":0,\"publisher\":{\"@id\":\"https:\/\/www.barsch-alarm.de\/news\/#\/schema\/person\/625ad6937f19daaa4355ae4dcce349f7\"},\"articleSection\":[\"BA-Treffen\"],\"inLanguage\":\"de\",\"potentialAction\":[{\"@type\":\"CommentAction\",\"name\":\"Comment\",\"target\":[\"https:\/\/www.barsch-alarm.de\/news\/ba-ebro-exkursion-10-17-februar-2024\/#respond\"]}]},{\"@type\":\"WebPage\",\"@id\":\"https:\/\/www.barsch-alarm.de\/news\/ba-ebro-exkursion-10-17-februar-2024\/\",\"url\":\"https:\/\/www.barsch-alarm.de\/news\/ba-ebro-exkursion-10-17-februar-2024\/\",\"name\":\"BA Ebro-Exkursion 10. - 17. Februar 2024 | Barsch-Alarm\",\"isPartOf\":{\"@id\":\"https:\/\/www.barsch-alarm.de\/news\/#website\"},\"datePublished\":\"2023-11-09T11:27:47+00:00\",\"dateModified\":\"2023-12-08T09:44:04+00:00\",\"breadcrumb\":{\"@id\":\"https:\/\/www.barsch-alarm.de\/news\/ba-ebro-exkursion-10-17-februar-2024\/#breadcrumb\"},\"inLanguage\":\"de\",\"potentialAction\":[{\"@type\":\"ReadAction\",\"target\":[\"https:\/\/www.barsch-alarm.de\/news\/ba-ebro-exkursion-10-17-februar-2024\/\"]}]},{\"@type\":\"BreadcrumbList\",\"@id\":\"https:\/\/www.barsch-alarm.de\/news\/ba-ebro-exkursion-10-17-februar-2024\/#breadcrumb\",\"itemListElement\":[{\"@type\":\"ListItem\",\"position\":1,\"name\":\"Startseite\",\"item\":\"https:\/\/www.barsch-alarm.de\/news\/\"},{\"@type\":\"ListItem\",\"position\":2,\"name\":\"BA Ebro-Exkursion 10. &#8211; 17. Februar 2024\"}]},{\"@type\":\"WebSite\",\"@id\":\"https:\/\/www.barsch-alarm.de\/news\/#website\",\"url\":\"https:\/\/www.barsch-alarm.de\/news\/\",\"name\":\"Barsch-Alarm\",\"description\":\"das gr\u00f6\u00dfte Angelforum f\u00fcr Spinnangler\",\"publisher\":{\"@id\":\"https:\/\/www.barsch-alarm.de\/news\/#\/schema\/person\/625ad6937f19daaa4355ae4dcce349f7\"},\"potentialAction\":[{\"@type\":\"SearchAction\",\"target\":{\"@type\":\"EntryPoint\",\"urlTemplate\":\"https:\/\/www.barsch-alarm.de\/news\/?s={search_term_string}\"},\"query-input\":\"required name=search_term_string\"}],\"inLanguage\":\"de\"},{\"@type\":[\"Person\",\"Organization\"],\"@id\":\"https:\/\/www.barsch-alarm.de\/news\/#\/schema\/person\/625ad6937f19daaa4355ae4dcce349f7\",\"name\":\"dietel\",\"image\":{\"@type\":\"ImageObject\",\"inLanguage\":\"de\",\"@id\":\"https:\/\/www.barsch-alarm.de\/news\/#\/schema\/person\/image\/\",\"url\":\"https:\/\/secure.gravatar.com\/avatar\/365783e1f60d378ef793fb7c5bb3ef04?s=96&d=mm&r=g\",\"contentUrl\":\"https:\/\/secure.gravatar.com\/avatar\/365783e1f60d378ef793fb7c5bb3ef04?s=96&d=mm&r=g\",\"caption\":\"dietel\"},\"logo\":{\"@id\":\"https:\/\/www.barsch-alarm.de\/news\/#\/schema\/person\/image\/\"},\"sameAs\":[\"http:\/\/www.barsch-alarm.de\/member.php?5-dietel\"],\"url\":\"https:\/\/www.barsch-alarm.de\/news\/author\/dietel\/\"}]}<\/script>\n<!-- \/ Yoast SEO plugin. -->","yoast_head_json":{"title":"BA Ebro-Exkursion 10. - 17. Februar 2024 | Barsch-Alarm","robots":{"index":"index","follow":"follow","max-snippet":"max-snippet:-1","max-image-preview":"max-image-preview:large","max-video-preview":"max-video-preview:-1"},"canonical":"https:\/\/www.barsch-alarm.de\/news\/ba-ebro-exkursion-10-17-februar-2024\/","twitter_misc":{"Verfasst von":"dietel","Gesch\u00e4tzte Lesezeit":"7\u00a0Minuten"},"schema":{"@context":"https:\/\/schema.org","@graph":[{"@type":"Article","@id":"https:\/\/www.barsch-alarm.de\/news\/ba-ebro-exkursion-10-17-februar-2024\/#article","isPartOf":{"@id":"https:\/\/www.barsch-alarm.de\/news\/ba-ebro-exkursion-10-17-februar-2024\/"},"author":{"name":"dietel","@id":"https:\/\/www.barsch-alarm.de\/news\/#\/schema\/person\/625ad6937f19daaa4355ae4dcce349f7"},"headline":"BA Ebro-Exkursion 10. &#8211; 17. Februar 2024","datePublished":"2023-11-09T11:27:47+00:00","dateModified":"2023-12-08T09:44:04+00:00","mainEntityOfPage":{"@id":"https:\/\/www.barsch-alarm.de\/news\/ba-ebro-exkursion-10-17-februar-2024\/"},"wordCount":1253,"commentCount":0,"publisher":{"@id":"https:\/\/www.barsch-alarm.de\/news\/#\/schema\/person\/625ad6937f19daaa4355ae4dcce349f7"},"articleSection":["BA-Treffen"],"inLanguage":"de","potentialAction":[{"@type":"CommentAction","name":"Comment","target":["https:\/\/www.barsch-alarm.de\/news\/ba-ebro-exkursion-10-17-februar-2024\/#respond"]}]},{"@type":"WebPage","@id":"https:\/\/www.barsch-alarm.de\/news\/ba-ebro-exkursion-10-17-februar-2024\/","url":"https:\/\/www.barsch-alarm.de\/news\/ba-ebro-exkursion-10-17-februar-2024\/","name":"BA Ebro-Exkursion 10. - 17. Februar 2024 | Barsch-Alarm","isPartOf":{"@id":"https:\/\/www.barsch-alarm.de\/news\/#website"},"datePublished":"2023-11-09T11:27:47+00:00","dateModified":"2023-12-08T09:44:04+00:00","breadcrumb":{"@id":"https:\/\/www.barsch-alarm.de\/news\/ba-ebro-exkursion-10-17-februar-2024\/#breadcrumb"},"inLanguage":"de","potentialAction":[{"@type":"ReadAction","target":["https:\/\/www.barsch-alarm.de\/news\/ba-ebro-exkursion-10-17-februar-2024\/"]}]},{"@type":"BreadcrumbList","@id":"https:\/\/www.barsch-alarm.de\/news\/ba-ebro-exkursion-10-17-februar-2024\/#breadcrumb","itemListElement":[{"@type":"ListItem","position":1,"name":"Startseite","item":"https:\/\/www.barsch-alarm.de\/news\/"},{"@type":"ListItem","position":2,"name":"BA Ebro-Exkursion 10. &#8211; 17. Februar 2024"}]},{"@type":"WebSite","@id":"https:\/\/www.barsch-alarm.de\/news\/#website","url":"https:\/\/www.barsch-alarm.de\/news\/","name":"Barsch-Alarm","description":"das gr\u00f6\u00dfte Angelforum f\u00fcr Spinnangler","publisher":{"@id":"https:\/\/www.barsch-alarm.de\/news\/#\/schema\/person\/625ad6937f19daaa4355ae4dcce349f7"},"potentialAction":[{"@type":"SearchAction","target":{"@type":"EntryPoint","urlTemplate":"https:\/\/www.barsch-alarm.de\/news\/?s={search_term_string}"},"query-input":"required name=search_term_string"}],"inLanguage":"de"},{"@type":["Person","Organization"],"@id":"https:\/\/www.barsch-alarm.de\/news\/#\/schema\/person\/625ad6937f19daaa4355ae4dcce349f7","name":"dietel","image":{"@type":"ImageObject","inLanguage":"de","@id":"https:\/\/www.barsch-alarm.de\/news\/#\/schema\/person\/image\/","url":"https:\/\/secure.gravatar.com\/avatar\/365783e1f60d378ef793fb7c5bb3ef04?s=96&d=mm&r=g","contentUrl":"https:\/\/secure.gravatar.com\/avatar\/365783e1f60d378ef793fb7c5bb3ef04?s=96&d=mm&r=g","caption":"dietel"},"logo":{"@id":"https:\/\/www.barsch-alarm.de\/news\/#\/schema\/person\/image\/"},"sameAs":["http:\/\/www.barsch-alarm.de\/member.php?5-dietel"],"url":"https:\/\/www.barsch-alarm.de\/news\/author\/dietel\/"}]}},"_links":{"self":[{"href":"https:\/\/www.barsch-alarm.de\/news\/wp-json\/wp\/v2\/posts\/26375"}],"collection":[{"href":"https:\/\/www.barsch-alarm.de\/news\/wp-json\/wp\/v2\/posts"}],"about":[{"href":"https:\/\/www.barsch-alarm.de\/news\/wp-json\/wp\/v2\/types\/post"}],"author":[{"embeddable":true,"href":"https:\/\/www.barsch-alarm.de\/news\/wp-json\/wp\/v2\/users\/5"}],"replies":[{"embeddable":true,"href":"https:\/\/www.barsch-alarm.de\/news\/wp-json\/wp\/v2\/comments?post=26375"}],"version-history":[{"count":2,"href":"https:\/\/www.barsch-alarm.de\/news\/wp-json\/wp\/v2\/posts\/26375\/revisions"}],"predecessor-version":[{"id":26383,"href":"https:\/\/www.barsch-alarm.de\/news\/wp-json\/wp\/v2\/posts\/26375\/revisions\/26383"}],"wp:featuredmedia":[{"embeddable":true,"href":"https:\/\/www.barsch-alarm.de\/news\/wp-json\/wp\/v2\/media\/26376"}],"wp:attachment":[{"href":"https:\/\/www.barsch-alarm.de\/news\/wp-json\/wp\/v2\/media?parent=26375"}],"wp:term":[{"taxonomy":"category","embeddable":true,"href":"https:\/\/www.barsch-alarm.de\/news\/wp-json\/wp\/v2\/categories?post=26375"},{"taxonomy":"post_tag","embeddable":true,"href":"https:\/\/www.barsch-alarm.de\/news\/wp-json\/wp\/v2\/tags?post=26375"}],"curies":[{"name":"wp","href":"https:\/\/api.w.org\/{rel}","templated":true}]}}