{"id":25869,"date":"2022-08-02T09:59:50","date_gmt":"2022-08-02T07:59:50","guid":{"rendered":"https:\/\/www.barsch-alarm.de\/news\/?p=25869"},"modified":"2022-08-02T10:29:29","modified_gmt":"2022-08-02T08:29:29","slug":"achtung-dtl-wird-barsch-alarm","status":"publish","type":"post","link":"https:\/\/www.barsch-alarm.de\/news\/achtung-dtl-wird-barsch-alarm\/","title":{"rendered":"Achtung: DTL wird Barsch-Alarm!"},"content":{"rendered":"<p>Ich halte mich ja einigerma\u00dfen bedeckt, was die mit der Firma Zeck initiierte erste reinrassige deutsche Barschmarke der Welt angeht. Es dauert halt schon ein bisschen, bis man vor dem Hintergrund der Irrungen und Wirrungen dieser Zeit eine Rutenrange und ein paar Gummis nebst Kleinteilen an den Start bringen kann. Und ich will nicht \u00fcber ungelegte Eier sprechen. Da unser Au\u00dfendienst aber derzeit durch die Lande tourt und den H\u00e4ndlern unser Barsch-Projekt mit Mustern und Bildern von Ruten und Gummis vorstellt UND sich logo- und namenstechnisch nochmal was getan hat, will ich euch heute hier auf den neusten Kenntnisstand bringen.<\/p>\n<p>Ich verspreche, dass so ziemlich jeder, der hier weiterliest, entweder den Kopf sch\u00fcttelt oder schmunzeln muss. Oder Kopfsch\u00fcttelnd schmunzelt. Weil ein bisschen doof lief das schon und h\u00e4tte man der Sache ein bisschen mehr Zeit zu reifen gegeben, h\u00e4tte man sich ein paar Tausender sparen k\u00f6nnen. N\u00e4mlich die, die ich zur Markenanmeldung von DTL aufgebracht habe.<\/p>\n<p>Ich kann selber dr\u00fcber lachen und bin sehr happy mit dem Switch von DTL auf Barsch-Alarm. Insofern teile ich die wahre Geschichte sehr gern mit euch.<\/p>\n<p>Der Reihe nach: Als wir uns am Anfang Gedanken \u00fcber einen Namen gemacht haben, gab es zwei Vorgaben. Erstens sollte es ein Name werden, der einer globalen Barschmarkt-\u00dcbernahme nicht im Weg steht, also auch auf Englisch oder Japanisch klingt. Zweitens sollte der Name auch thematisch (zielfischtechnisch) nicht einengen. Also nix mit \u201eperch\u201c, \u201espikes\u201c oder \u201estripes\u201c. Und schon gar nix mit &#8222;Barsch&#8220;. Damit war die Marke, an der ich seit \u00fcber 20 Jahren dran bin, erstmal raus. Ich habe tonnenweise wei\u00dfes Papier in beschriebene Ideen-Sammel-Zettel verwandelt, bis wir uns auf DTL geeinigt hatten. Nicht weil ich DTL so superinnovativ fand. Sondern weil es ok klingt, etwas mit mir zu tun hat und in allererster Linie, weil ich schon mal angefangen hatte, an einer DTL-Story zu schreiben.<\/p>\n<figure id=\"attachment_25874\" aria-describedby=\"caption-attachment-25874\" style=\"width: 500px\" class=\"wp-caption aligncenter\"><img loading=\"lazy\" class=\"wp-image-25874 size-full\" src=\"https:\/\/www.barsch-alarm.de\/news\/wp-content\/uploads\/2022\/08\/dtl-small.jpg\" alt=\"\" width=\"500\" height=\"328\" srcset=\"https:\/\/www.barsch-alarm.de\/news\/wp-content\/uploads\/2022\/08\/dtl-small.jpg 500w, https:\/\/www.barsch-alarm.de\/news\/wp-content\/uploads\/2022\/08\/dtl-small-326x214.jpg 326w\" sizes=\"(max-width: 500px) 100vw, 500px\" \/><figcaption id=\"caption-attachment-25874\" class=\"wp-caption-text\"><em><strong>DTL? Gute Idee. Aber nur die zweitbeste. Und das auch nur theoretisch&#8230;<br \/><\/strong><\/em><\/figcaption><\/figure>\n<p>Soweit. So gut. Im n\u00e4chsten Schritt wurde ein Markenanwalt kontaktiert, der den Auftrag erhalten sollte, DTL in den relevanten Nizza-Klassen als Marke eintragen zu lassen. Das Ergebnis der ersten Recherche: In diesen Nizza-Klassen ist einiges los, was mit DTL kollidieren k\u00f6nnte. So richtig einsam ist es da nicht. Doch man k\u00f6nne es schon versuchen.<\/p>\n<p>Also wurde eine Grafikerin mit der Erschaffung eines knackigen Logos f\u00fcr die Bildmarke beauftragt und parallel die Wortmarke national und international angemeldet. Da fallen dann Geb\u00fchren an. Es geht ein bisschen hin und her. Und dann folgen Wochen der Ungewissheit. Bis man dann Post vom Markenamt bekommt und die Marke gesch\u00fctzt ist. Ich war so naiv, zu glauben, dass es mit der Eintragung ins Register getan ist und dann nix mehr passieren kann. Sp\u00e4testens wenn die 3 Monate um sind, in der Unternehmen Einspruch erheben k\u00f6nnen, wenn sie denken, dass jemand in der selben Nizza-Klasse (das sind Bereiche wie \u201eAngelger\u00e4t\u201c, \u201eBekleidung\u201c, \u201eAngelruten\u201c, \u201eAngelk\u00f6der\u201c etc.) aktiv ist und den selben oder einen zu \u00e4hnlichen Markennamen verwendet.<\/p>\n<p>Irrtum! Im Extremfall k\u00f6nnen Unternehmen 5 Jahre lang Widerspruch einlegen. Und wenn sie l\u00e4nger registriert sind, ist es nicht unwahrscheinlich, dass sie vor Gericht Recht bekommen. Das h\u00e4tte dann unangenehme Folgen. Eine k\u00f6nnte zum Beispiel sein, dass man sein Material nicht mehr unter dem Namen verkaufen kann. Das w\u00e4re doof, wenn z.B. hunderte Ruten und Millionen an verpackten Gummifischen umgelabelt werden m\u00fcssten.<\/p>\n<p>Warum wir uns am Anfang entschieden haben, das Risiko zu nehmen und dann doch kalte F\u00fc\u00dfe bekommen haben? Kann ich euch jetzt gar nicht mehr sagen. Das war Schwachsinn. Kein extrem gro\u00dfer. Dennoch ist hier selbst ein winzig kleines Risiko zu gro\u00df. Zumal fast jeder Vertrieb solche Erfahrungen gemacht hat. So auch die Firma Zeck. Selbst der Barsch-Alarm wurde schon mal abgemahnt.<\/p>\n<p>Und jetzt? Ein perfektes Logo war am Start. So geil. Die Buchstaben DTL als abstrahierter Barsch verkleidet. Besser geht\u2019s ja wirklich nicht. Als w\u00e4re es schon immer dagewesen. DTL war dann auch als Wort- und Bildmarke eingetragen. Die Widerspruchsfristen waren abgelaufen. Bringt aber ja nix.<\/p>\n<p>Also wieder die Namensmaschine anwerfen? N\u00f6! Einfach mal darauf besinnen, was uns ausmacht. Wir sind eine deutsche Barschmarke. Barsch-Alarm auch. Das ist doch das Aufderhandliegendste \u00fcberhaupt.<\/p>\n<p>Und das Logo? Barsch-Alarm hat sich ein gewisser Dietel ausgedacht. Nicht so schlimm also, wenn der Name ohne Vokale auch im Barsch-Alarm-Logo reininterpretierbar ist. Im Gegenteil. Und \u00fcberhaupt. Es gab auch Leute, die nur den Barsch gesehen haben im DTL-Logo und keine Buchstaben.<\/p>\n<figure id=\"attachment_25872\" aria-describedby=\"caption-attachment-25872\" style=\"width: 800px\" class=\"wp-caption aligncenter\"><img loading=\"lazy\" class=\"wp-image-25872 size-full\" src=\"https:\/\/www.barsch-alarm.de\/news\/wp-content\/uploads\/2022\/08\/BA-Logo-SW.jpg\" alt=\"\" width=\"800\" height=\"470\" srcset=\"https:\/\/www.barsch-alarm.de\/news\/wp-content\/uploads\/2022\/08\/BA-Logo-SW.jpg 800w, https:\/\/www.barsch-alarm.de\/news\/wp-content\/uploads\/2022\/08\/BA-Logo-SW-326x192.jpg 326w, https:\/\/www.barsch-alarm.de\/news\/wp-content\/uploads\/2022\/08\/BA-Logo-SW-596x350.jpg 596w, https:\/\/www.barsch-alarm.de\/news\/wp-content\/uploads\/2022\/08\/BA-Logo-SW-768x451.jpg 768w\" sizes=\"(max-width: 767px) 89vw, (max-width: 1000px) 54vw, (max-width: 1071px) 543px, 580px\" \/><figcaption id=\"caption-attachment-25872\" class=\"wp-caption-text\"><strong><em>DTL war gestern. Heute ist Barsch-Alarm!<\/em><\/strong><\/figcaption><\/figure>\n<p>Und so wurde aus DTL nun Barsch-Alarm. Lustig, oder? Ich bin mit dem neuen Ansatz jedenfalls sehr gl\u00fccklich. Sch\u00f6n down to earth. Und maximal Barsch-Alarm. Das ist halt mein Leben. Und das ist auch sehr sch\u00f6n so.<\/p>\n<p>PS: Im Sinne der Vereinheitlichung werden wir das alte BA-Logo auch auf dieser Website gegen das neue Logo austauschen. Wurde eh Zeit, unseren alten Barsch mal ein bisschen zu \u00fcberarbeiten.<\/p>\n","protected":false},"excerpt":{"rendered":"<p>Ich halte mich ja einigerma\u00dfen bedeckt, was die mit der Firma Zeck initiierte erste reinrassige deutsche Barschmarke der Welt angeht. Es dauert halt schon ein bisschen, bis man vor dem Hintergrund der Irrungen und Wirrungen dieser Zeit eine Rutenrange und ein paar Gummis nebst Kleinteilen an den Start bringen kann. Und ich will nicht \u00fcber &hellip; <\/p>\n<p class=\"link-more\"><a href=\"https:\/\/www.barsch-alarm.de\/news\/achtung-dtl-wird-barsch-alarm\/\" class=\"more-link\">Read more\u2026<\/a><\/p>\n","protected":false},"author":5,"featured_media":25870,"comment_status":"open","ping_status":"open","sticky":false,"template":"","format":"standard","meta":[],"categories":[1],"tags":[],"featured_image_urls":{"full":["https:\/\/www.barsch-alarm.de\/news\/wp-content\/uploads\/2022\/08\/ba-logo-open.jpg",800,350,false],"thumbnail":["https:\/\/www.barsch-alarm.de\/news\/wp-content\/uploads\/2022\/08\/ba-logo-open-326x143.jpg",326,143,true],"medium":["https:\/\/www.barsch-alarm.de\/news\/wp-content\/uploads\/2022\/08\/ba-logo-open-326x143.jpg",326,143,true],"medium_large":["https:\/\/www.barsch-alarm.de\/news\/wp-content\/uploads\/2022\/08\/ba-logo-open-768x336.jpg",768,336,true],"large":["https:\/\/www.barsch-alarm.de\/news\/wp-content\/uploads\/2022\/08\/ba-logo-open-800x350.jpg",800,350,true],"1536x1536":["https:\/\/www.barsch-alarm.de\/news\/wp-content\/uploads\/2022\/08\/ba-logo-open.jpg",800,350,false],"2048x2048":["https:\/\/www.barsch-alarm.de\/news\/wp-content\/uploads\/2022\/08\/ba-logo-open.jpg",800,350,false],"thxpress-featured-image":["https:\/\/www.barsch-alarm.de\/news\/wp-content\/uploads\/2022\/08\/ba-logo-open.jpg",800,350,false],"400x250-crop":["https:\/\/www.barsch-alarm.de\/news\/wp-content\/uploads\/2022\/08\/ba-logo-open-400x250.jpg",400,250,true]},"post_excerpt_stackable":"<p>Ich halte mich ja einigerma\u00dfen bedeckt, was die mit der Firma Zeck initiierte erste reinrassige deutsche Barschmarke der Welt angeht. Es dauert halt schon ein bisschen, bis man vor dem Hintergrund der Irrungen und Wirrungen dieser Zeit eine Rutenrange und ein paar Gummis nebst Kleinteilen an den Start bringen kann. Und ich will nicht \u00fcber ungelegte Eier sprechen. Da unser Au\u00dfendienst aber derzeit durch die Lande tourt und den H\u00e4ndlern unser Barsch-Projekt mit Mustern und Bildern von Ruten und Gummis vorstellt UND sich logo- und namenstechnisch nochmal was getan hat, will ich euch heute hier auf den neusten Kenntnisstand bringen.&hellip;<\/p>\n","category_list":"<a href=\"https:\/\/www.barsch-alarm.de\/news\/category\/news\/\" rel=\"category tag\">News<\/a>","author_info":{"name":"dietel","url":"https:\/\/www.barsch-alarm.de\/news\/author\/dietel\/"},"comments_num":"44 Kommentare","featured_image_urls_v2":{"full":["https:\/\/www.barsch-alarm.de\/news\/wp-content\/uploads\/2022\/08\/ba-logo-open.jpg",800,350,false],"thumbnail":["https:\/\/www.barsch-alarm.de\/news\/wp-content\/uploads\/2022\/08\/ba-logo-open-326x143.jpg",326,143,true],"medium":["https:\/\/www.barsch-alarm.de\/news\/wp-content\/uploads\/2022\/08\/ba-logo-open-326x143.jpg",326,143,true],"medium_large":["https:\/\/www.barsch-alarm.de\/news\/wp-content\/uploads\/2022\/08\/ba-logo-open-768x336.jpg",768,336,true],"large":["https:\/\/www.barsch-alarm.de\/news\/wp-content\/uploads\/2022\/08\/ba-logo-open-800x350.jpg",800,350,true],"1536x1536":["https:\/\/www.barsch-alarm.de\/news\/wp-content\/uploads\/2022\/08\/ba-logo-open.jpg",800,350,false],"2048x2048":["https:\/\/www.barsch-alarm.de\/news\/wp-content\/uploads\/2022\/08\/ba-logo-open.jpg",800,350,false],"thxpress-featured-image":["https:\/\/www.barsch-alarm.de\/news\/wp-content\/uploads\/2022\/08\/ba-logo-open.jpg",800,350,false],"400x250-crop":["https:\/\/www.barsch-alarm.de\/news\/wp-content\/uploads\/2022\/08\/ba-logo-open-400x250.jpg",400,250,true]},"post_excerpt_stackable_v2":"<p>Ich halte mich ja einigerma\u00dfen bedeckt, was die mit der Firma Zeck initiierte erste reinrassige deutsche Barschmarke der Welt angeht. Es dauert halt schon ein bisschen, bis man vor dem Hintergrund der Irrungen und Wirrungen dieser Zeit eine Rutenrange und ein paar Gummis nebst Kleinteilen an den Start bringen kann. Und ich will nicht \u00fcber ungelegte Eier sprechen. Da unser Au\u00dfendienst aber derzeit durch die Lande tourt und den H\u00e4ndlern unser Barsch-Projekt mit Mustern und Bildern von Ruten und Gummis vorstellt UND sich logo- und namenstechnisch nochmal was getan hat, will ich euch heute hier auf den neusten Kenntnisstand bringen.&hellip;<\/p>\n","category_list_v2":"<a href=\"https:\/\/www.barsch-alarm.de\/news\/category\/news\/\" rel=\"category tag\">News<\/a>","author_info_v2":{"name":"dietel","url":"https:\/\/www.barsch-alarm.de\/news\/author\/dietel\/"},"comments_num_v2":"44 Kommentare","yoast_head":"<!-- This site is optimized with the Yoast SEO plugin v19.11 - https:\/\/yoast.com\/wordpress\/plugins\/seo\/ -->\n<title>Achtung: DTL wird Barsch-Alarm! | Barsch-Alarm<\/title>\n<meta name=\"robots\" content=\"index, follow, max-snippet:-1, max-image-preview:large, max-video-preview:-1\" \/>\n<link rel=\"canonical\" href=\"https:\/\/www.barsch-alarm.de\/news\/achtung-dtl-wird-barsch-alarm\/\" \/>\n<meta name=\"twitter:label1\" content=\"Verfasst von\" \/>\n\t<meta name=\"twitter:data1\" content=\"dietel\" \/>\n\t<meta name=\"twitter:label2\" content=\"Gesch\u00e4tzte Lesezeit\" \/>\n\t<meta name=\"twitter:data2\" content=\"5\u00a0Minuten\" \/>\n<script type=\"application\/ld+json\" class=\"yoast-schema-graph\">{\"@context\":\"https:\/\/schema.org\",\"@graph\":[{\"@type\":\"Article\",\"@id\":\"https:\/\/www.barsch-alarm.de\/news\/achtung-dtl-wird-barsch-alarm\/#article\",\"isPartOf\":{\"@id\":\"https:\/\/www.barsch-alarm.de\/news\/achtung-dtl-wird-barsch-alarm\/\"},\"author\":{\"name\":\"dietel\",\"@id\":\"https:\/\/www.barsch-alarm.de\/news\/#\/schema\/person\/625ad6937f19daaa4355ae4dcce349f7\"},\"headline\":\"Achtung: DTL wird Barsch-Alarm!\",\"datePublished\":\"2022-08-02T07:59:50+00:00\",\"dateModified\":\"2022-08-02T08:29:29+00:00\",\"mainEntityOfPage\":{\"@id\":\"https:\/\/www.barsch-alarm.de\/news\/achtung-dtl-wird-barsch-alarm\/\"},\"wordCount\":850,\"commentCount\":44,\"publisher\":{\"@id\":\"https:\/\/www.barsch-alarm.de\/news\/#\/schema\/person\/625ad6937f19daaa4355ae4dcce349f7\"},\"articleSection\":[\"News\"],\"inLanguage\":\"de\",\"potentialAction\":[{\"@type\":\"CommentAction\",\"name\":\"Comment\",\"target\":[\"https:\/\/www.barsch-alarm.de\/news\/achtung-dtl-wird-barsch-alarm\/#respond\"]}]},{\"@type\":\"WebPage\",\"@id\":\"https:\/\/www.barsch-alarm.de\/news\/achtung-dtl-wird-barsch-alarm\/\",\"url\":\"https:\/\/www.barsch-alarm.de\/news\/achtung-dtl-wird-barsch-alarm\/\",\"name\":\"Achtung: DTL wird Barsch-Alarm! | Barsch-Alarm\",\"isPartOf\":{\"@id\":\"https:\/\/www.barsch-alarm.de\/news\/#website\"},\"datePublished\":\"2022-08-02T07:59:50+00:00\",\"dateModified\":\"2022-08-02T08:29:29+00:00\",\"breadcrumb\":{\"@id\":\"https:\/\/www.barsch-alarm.de\/news\/achtung-dtl-wird-barsch-alarm\/#breadcrumb\"},\"inLanguage\":\"de\",\"potentialAction\":[{\"@type\":\"ReadAction\",\"target\":[\"https:\/\/www.barsch-alarm.de\/news\/achtung-dtl-wird-barsch-alarm\/\"]}]},{\"@type\":\"BreadcrumbList\",\"@id\":\"https:\/\/www.barsch-alarm.de\/news\/achtung-dtl-wird-barsch-alarm\/#breadcrumb\",\"itemListElement\":[{\"@type\":\"ListItem\",\"position\":1,\"name\":\"Startseite\",\"item\":\"https:\/\/www.barsch-alarm.de\/news\/\"},{\"@type\":\"ListItem\",\"position\":2,\"name\":\"Achtung: DTL wird Barsch-Alarm!\"}]},{\"@type\":\"WebSite\",\"@id\":\"https:\/\/www.barsch-alarm.de\/news\/#website\",\"url\":\"https:\/\/www.barsch-alarm.de\/news\/\",\"name\":\"Barsch-Alarm\",\"description\":\"das gr\u00f6\u00dfte Angelforum f\u00fcr Spinnangler\",\"publisher\":{\"@id\":\"https:\/\/www.barsch-alarm.de\/news\/#\/schema\/person\/625ad6937f19daaa4355ae4dcce349f7\"},\"potentialAction\":[{\"@type\":\"SearchAction\",\"target\":{\"@type\":\"EntryPoint\",\"urlTemplate\":\"https:\/\/www.barsch-alarm.de\/news\/?s={search_term_string}\"},\"query-input\":\"required name=search_term_string\"}],\"inLanguage\":\"de\"},{\"@type\":[\"Person\",\"Organization\"],\"@id\":\"https:\/\/www.barsch-alarm.de\/news\/#\/schema\/person\/625ad6937f19daaa4355ae4dcce349f7\",\"name\":\"dietel\",\"image\":{\"@type\":\"ImageObject\",\"inLanguage\":\"de\",\"@id\":\"https:\/\/www.barsch-alarm.de\/news\/#\/schema\/person\/image\/\",\"url\":\"https:\/\/secure.gravatar.com\/avatar\/365783e1f60d378ef793fb7c5bb3ef04?s=96&d=mm&r=g\",\"contentUrl\":\"https:\/\/secure.gravatar.com\/avatar\/365783e1f60d378ef793fb7c5bb3ef04?s=96&d=mm&r=g\",\"caption\":\"dietel\"},\"logo\":{\"@id\":\"https:\/\/www.barsch-alarm.de\/news\/#\/schema\/person\/image\/\"},\"sameAs\":[\"http:\/\/www.barsch-alarm.de\/member.php?5-dietel\"],\"url\":\"https:\/\/www.barsch-alarm.de\/news\/author\/dietel\/\"}]}<\/script>\n<!-- \/ Yoast SEO plugin. -->","yoast_head_json":{"title":"Achtung: DTL wird Barsch-Alarm! | Barsch-Alarm","robots":{"index":"index","follow":"follow","max-snippet":"max-snippet:-1","max-image-preview":"max-image-preview:large","max-video-preview":"max-video-preview:-1"},"canonical":"https:\/\/www.barsch-alarm.de\/news\/achtung-dtl-wird-barsch-alarm\/","twitter_misc":{"Verfasst von":"dietel","Gesch\u00e4tzte Lesezeit":"5\u00a0Minuten"},"schema":{"@context":"https:\/\/schema.org","@graph":[{"@type":"Article","@id":"https:\/\/www.barsch-alarm.de\/news\/achtung-dtl-wird-barsch-alarm\/#article","isPartOf":{"@id":"https:\/\/www.barsch-alarm.de\/news\/achtung-dtl-wird-barsch-alarm\/"},"author":{"name":"dietel","@id":"https:\/\/www.barsch-alarm.de\/news\/#\/schema\/person\/625ad6937f19daaa4355ae4dcce349f7"},"headline":"Achtung: DTL wird Barsch-Alarm!","datePublished":"2022-08-02T07:59:50+00:00","dateModified":"2022-08-02T08:29:29+00:00","mainEntityOfPage":{"@id":"https:\/\/www.barsch-alarm.de\/news\/achtung-dtl-wird-barsch-alarm\/"},"wordCount":850,"commentCount":44,"publisher":{"@id":"https:\/\/www.barsch-alarm.de\/news\/#\/schema\/person\/625ad6937f19daaa4355ae4dcce349f7"},"articleSection":["News"],"inLanguage":"de","potentialAction":[{"@type":"CommentAction","name":"Comment","target":["https:\/\/www.barsch-alarm.de\/news\/achtung-dtl-wird-barsch-alarm\/#respond"]}]},{"@type":"WebPage","@id":"https:\/\/www.barsch-alarm.de\/news\/achtung-dtl-wird-barsch-alarm\/","url":"https:\/\/www.barsch-alarm.de\/news\/achtung-dtl-wird-barsch-alarm\/","name":"Achtung: DTL wird Barsch-Alarm! | Barsch-Alarm","isPartOf":{"@id":"https:\/\/www.barsch-alarm.de\/news\/#website"},"datePublished":"2022-08-02T07:59:50+00:00","dateModified":"2022-08-02T08:29:29+00:00","breadcrumb":{"@id":"https:\/\/www.barsch-alarm.de\/news\/achtung-dtl-wird-barsch-alarm\/#breadcrumb"},"inLanguage":"de","potentialAction":[{"@type":"ReadAction","target":["https:\/\/www.barsch-alarm.de\/news\/achtung-dtl-wird-barsch-alarm\/"]}]},{"@type":"BreadcrumbList","@id":"https:\/\/www.barsch-alarm.de\/news\/achtung-dtl-wird-barsch-alarm\/#breadcrumb","itemListElement":[{"@type":"ListItem","position":1,"name":"Startseite","item":"https:\/\/www.barsch-alarm.de\/news\/"},{"@type":"ListItem","position":2,"name":"Achtung: DTL wird Barsch-Alarm!"}]},{"@type":"WebSite","@id":"https:\/\/www.barsch-alarm.de\/news\/#website","url":"https:\/\/www.barsch-alarm.de\/news\/","name":"Barsch-Alarm","description":"das gr\u00f6\u00dfte Angelforum f\u00fcr Spinnangler","publisher":{"@id":"https:\/\/www.barsch-alarm.de\/news\/#\/schema\/person\/625ad6937f19daaa4355ae4dcce349f7"},"potentialAction":[{"@type":"SearchAction","target":{"@type":"EntryPoint","urlTemplate":"https:\/\/www.barsch-alarm.de\/news\/?s={search_term_string}"},"query-input":"required name=search_term_string"}],"inLanguage":"de"},{"@type":["Person","Organization"],"@id":"https:\/\/www.barsch-alarm.de\/news\/#\/schema\/person\/625ad6937f19daaa4355ae4dcce349f7","name":"dietel","image":{"@type":"ImageObject","inLanguage":"de","@id":"https:\/\/www.barsch-alarm.de\/news\/#\/schema\/person\/image\/","url":"https:\/\/secure.gravatar.com\/avatar\/365783e1f60d378ef793fb7c5bb3ef04?s=96&d=mm&r=g","contentUrl":"https:\/\/secure.gravatar.com\/avatar\/365783e1f60d378ef793fb7c5bb3ef04?s=96&d=mm&r=g","caption":"dietel"},"logo":{"@id":"https:\/\/www.barsch-alarm.de\/news\/#\/schema\/person\/image\/"},"sameAs":["http:\/\/www.barsch-alarm.de\/member.php?5-dietel"],"url":"https:\/\/www.barsch-alarm.de\/news\/author\/dietel\/"}]}},"_links":{"self":[{"href":"https:\/\/www.barsch-alarm.de\/news\/wp-json\/wp\/v2\/posts\/25869"}],"collection":[{"href":"https:\/\/www.barsch-alarm.de\/news\/wp-json\/wp\/v2\/posts"}],"about":[{"href":"https:\/\/www.barsch-alarm.de\/news\/wp-json\/wp\/v2\/types\/post"}],"author":[{"embeddable":true,"href":"https:\/\/www.barsch-alarm.de\/news\/wp-json\/wp\/v2\/users\/5"}],"replies":[{"embeddable":true,"href":"https:\/\/www.barsch-alarm.de\/news\/wp-json\/wp\/v2\/comments?post=25869"}],"version-history":[{"count":8,"href":"https:\/\/www.barsch-alarm.de\/news\/wp-json\/wp\/v2\/posts\/25869\/revisions"}],"predecessor-version":[{"id":25882,"href":"https:\/\/www.barsch-alarm.de\/news\/wp-json\/wp\/v2\/posts\/25869\/revisions\/25882"}],"wp:featuredmedia":[{"embeddable":true,"href":"https:\/\/www.barsch-alarm.de\/news\/wp-json\/wp\/v2\/media\/25870"}],"wp:attachment":[{"href":"https:\/\/www.barsch-alarm.de\/news\/wp-json\/wp\/v2\/media?parent=25869"}],"wp:term":[{"taxonomy":"category","embeddable":true,"href":"https:\/\/www.barsch-alarm.de\/news\/wp-json\/wp\/v2\/categories?post=25869"},{"taxonomy":"post_tag","embeddable":true,"href":"https:\/\/www.barsch-alarm.de\/news\/wp-json\/wp\/v2\/tags?post=25869"}],"curies":[{"name":"wp","href":"https:\/\/api.w.org\/{rel}","templated":true}]}}