{"id":25632,"date":"2022-03-30T15:07:58","date_gmt":"2022-03-30T13:07:58","guid":{"rendered":"https:\/\/www.barsch-alarm.de\/news\/?p=25632"},"modified":"2022-05-18T12:58:40","modified_gmt":"2022-05-18T10:58:40","slug":"dtl-2-0-das-d-steht-fuer-barsch","status":"publish","type":"post","link":"https:\/\/www.barsch-alarm.de\/news\/dtl-2-0-das-d-steht-fuer-barsch\/","title":{"rendered":"dtl 2.0: Das \u201eD\u201c steht f\u00fcr \u201eBarsch\u201c"},"content":{"rendered":"<p>Ein bisschen gelegt haben sie sich, die Wogen, die der vom Wechsel meiner Kooperationspartner bzw. auch die Art und Weise der Verk\u00fcndung provozierte Sturm im Barsch-Glas erzeugt hat. Da wechselt der Dietel nach gut 8 Jahren also von Shimano zu Zeck. Von einer eigenen Marke war auch zu lesen. Und \u00fcber drei Ecken kam sogar schon der Markenname im Forum auf. &#8222;<strong>dtl<\/strong>&#8222;. Nachdem die Marke als Wort- und Bildmarke nun angemeldet ist (was ja auch die Existenz eines Logos voraussetzt), die ersten Klamotten mit dem Logo verziert sind, die ersten Fische auf Prototypen der Ruten-Range gefangen wurden, ein Insta-Account f\u00fcr dtl_fishing eingerichtet ist und ein ausf\u00fchrliches Statement \u00fcber Hintergr\u00fcnde, Aussichten und Produktionsabl\u00e4ufe auf Youtube hochgeladen wurde, wird es Zeit, euch meine Barsch-Marke vorzustellen. Und ich kann da wirklich von meiner Marke schreiben, weil sie mir geh\u00f6rt.<\/p>\n<figure id=\"attachment_25639\" aria-describedby=\"caption-attachment-25639\" style=\"width: 800px\" class=\"wp-caption aligncenter\"><img loading=\"lazy\" class=\"wp-image-25639 size-full\" src=\"https:\/\/www.barsch-alarm.de\/news\/wp-content\/uploads\/2022\/03\/dtl-logo.jpg\" alt=\"\" width=\"800\" height=\"350\" srcset=\"https:\/\/www.barsch-alarm.de\/news\/wp-content\/uploads\/2022\/03\/dtl-logo.jpg 800w, https:\/\/www.barsch-alarm.de\/news\/wp-content\/uploads\/2022\/03\/dtl-logo-326x143.jpg 326w, https:\/\/www.barsch-alarm.de\/news\/wp-content\/uploads\/2022\/03\/dtl-logo-768x336.jpg 768w\" sizes=\"(max-width: 767px) 89vw, (max-width: 1000px) 54vw, (max-width: 1071px) 543px, 580px\" \/><figcaption id=\"caption-attachment-25639\" class=\"wp-caption-text\">Ich w\u00fcrde mich freuen, wenn euch das Logo genauso gut gef\u00e4llt wie mir.<\/figcaption><\/figure>\n<p>&nbsp;<\/p>\n<p><strong>dtl<\/strong> ist der vielleicht letzte gro\u00dfe Step in meinem Berufsleben. Und der kam einfach so zu mir. Will hei\u00dfen: Ich habe nicht aktiv nach einem Partner gesucht, der es mir erm\u00f6glicht, meine Erfahrungen und W\u00fcnsche in Hard- und Software zum Barschangeln einflie\u00dfen zu lassen. Im Gegenteil. Der richtige Partner kam aus dem Nichts auf mich zu. Und ich wusste schnell, dass ich es machen will.<\/p>\n<p>In \u00fcber 20 Jahren der Teamangelei habe ich ein sehr sch\u00f6nes Leben gef\u00fchrt. St\u00e4ndig kamen Pakete bei mir reingeflattert, von denen die meisten Angler tr\u00e4umen. Weihnachten war bei mir nicht nur am 24.12., sondern \u00f6fters im Jahr. N\u00e4mlich immer dann, wenn neue Produkte herauskamen, die ich dann intensiv angeln konnte. Ich h\u00e4tte das einfach weitermachen k\u00f6nnen. Stattdessen habe ich mich aber entschlossen, Carsten Zecks Angebot anzunehmen und eine Sub-Brand unter der Zeck-Flagge herauszubringen. Ohne finanzielles Risiko. Den m\u00fchsam aufgebauten Ruf als einigerma\u00dfen authentischen Angeljournalist, Angelger\u00e4te-Promoter und Livebiss-Generator allerdings k\u00f6nnte ich mir schon ruinieren, wenn Carsten und ich Mist auf den Markt br\u00e4chten. Wenn wir einfach nur billig kopieren t\u00e4ten. Wenn sich meine vollmundige Ank\u00fcndigung, dass wir Dinge an den Start bringen, die es in der Form noch nicht gegeben hat, als Schuss in den Ofen entpuppt.<\/p>\n<figure id=\"attachment_25634\" aria-describedby=\"caption-attachment-25634\" style=\"width: 1000px\" class=\"wp-caption aligncenter\"><img loading=\"lazy\" class=\"size-full wp-image-25634\" src=\"https:\/\/www.barsch-alarm.de\/news\/wp-content\/uploads\/2022\/03\/dtl-kurve.jpg\" alt=\"\" width=\"1000\" height=\"1500\" srcset=\"https:\/\/www.barsch-alarm.de\/news\/wp-content\/uploads\/2022\/03\/dtl-kurve.jpg 1000w, https:\/\/www.barsch-alarm.de\/news\/wp-content\/uploads\/2022\/03\/dtl-kurve-163x245.jpg 163w, https:\/\/www.barsch-alarm.de\/news\/wp-content\/uploads\/2022\/03\/dtl-kurve-233x350.jpg 233w, https:\/\/www.barsch-alarm.de\/news\/wp-content\/uploads\/2022\/03\/dtl-kurve-768x1152.jpg 768w\" sizes=\"(max-width: 767px) 89vw, (max-width: 1000px) 54vw, (max-width: 1071px) 543px, 580px\" \/><figcaption id=\"caption-attachment-25634\" class=\"wp-caption-text\">Die Biegekurve dieser Rute kann sich sehen lassen, finde ich.<\/figcaption><\/figure>\n<figure id=\"attachment_25633\" aria-describedby=\"caption-attachment-25633\" style=\"width: 1000px\" class=\"wp-caption aligncenter\"><img loading=\"lazy\" class=\"size-full wp-image-25633\" src=\"https:\/\/www.barsch-alarm.de\/news\/wp-content\/uploads\/2022\/03\/dtl-wels.jpg\" alt=\"\" width=\"1000\" height=\"1500\" srcset=\"https:\/\/www.barsch-alarm.de\/news\/wp-content\/uploads\/2022\/03\/dtl-wels.jpg 1000w, https:\/\/www.barsch-alarm.de\/news\/wp-content\/uploads\/2022\/03\/dtl-wels-163x245.jpg 163w, https:\/\/www.barsch-alarm.de\/news\/wp-content\/uploads\/2022\/03\/dtl-wels-233x350.jpg 233w, https:\/\/www.barsch-alarm.de\/news\/wp-content\/uploads\/2022\/03\/dtl-wels-768x1152.jpg 768w\" sizes=\"(max-width: 767px) 89vw, (max-width: 1000px) 54vw, (max-width: 1071px) 543px, 580px\" \/><figcaption id=\"caption-attachment-25633\" class=\"wp-caption-text\">Das war kein H\u00e4nger, sondern dieser kleine Wels.<\/figcaption><\/figure>\n<p>Schon allein deshalb k\u00f6nnt ihr euch sicher sein, dass ich sowohl das Potential von Zeck und der Lieferanten gecheckt habe, als auch mein eigenes Repertoire an Ideen f\u00fcr Ruten, Haken, K\u00f6der und Kleinteile \u00fcberpr\u00fcft habe, bevor sich Carsten und ich die Hand gaben auf unser gemeinsames Projekt.<\/p>\n<p>Ein bisschen gezogen hat sich der Namensfindungsprozess schon. Retrospektiv war aber eigentlich klar, dass die Marke <strong>dtl<\/strong> hei\u00dfen muss. Das neue <strong>dtl<\/strong> f\u00fchrt eine alte Geschichte fort. Eine Geschichte, die im Jahr 2010 begonnen hat. Damals war ich noch Teamangler bei Pure Fishing und habe die Erlaubnis bekommen, mit dem Fachversand Stollenwerk bzw. der Stollenwerk-Eigenmarke Cebbra eine eigene K\u00f6derschiene f\u00fcr Barschangler zu entwickeln. Prinzipiell eine geile Idee. Schwere Mini-Jigs ohne Knubbel gab es bis dato nicht. Der Heli-Snap musste in Umlauf gebracht werden. Der Aggronizer sollte helfen, Barsche aus allen Wasserschichten zu zaubern. Zwei Wobbler gab\u2019s auch noch. Aber irgendwie ist es einfach Mist, wenn man Dinge nur so halb angeht. Mal fand Pure Fishing, dass ich zu viel \u00fcber <strong>dtl<\/strong> berichte. Mal befand der Fachversand Stollenwerk, dass ich mehr tun m\u00fcsste, um die Marke zu pushen. Und am Ende? Ja. Da habe ich Joachim Stollenwerk gebeten, das Projekt einzustellen.<\/p>\n<p>In der Folgezeit ploppten immer wieder M\u00f6glichkeiten auf, sich in die Produktentwicklung einzubringen. Namhafte Hersteller klopften ab, wie es denn auss\u00e4he bei mir. Aber ich war ja happy in meinem System und auch ein bisschen vorsichtig geworden nach dem ersten Versuch. Au\u00dferdem war&#8217;s sch\u00f6n gem\u00fctlich in meinem Universum. Ich habe genug verdient.<\/p>\n<figure id=\"attachment_25638\" aria-describedby=\"caption-attachment-25638\" style=\"width: 1000px\" class=\"wp-caption aligncenter\"><img loading=\"lazy\" class=\"size-full wp-image-25638\" src=\"https:\/\/www.barsch-alarm.de\/news\/wp-content\/uploads\/2022\/03\/dtl-barsch.jpg\" alt=\"\" width=\"1000\" height=\"667\" srcset=\"https:\/\/www.barsch-alarm.de\/news\/wp-content\/uploads\/2022\/03\/dtl-barsch.jpg 1000w, https:\/\/www.barsch-alarm.de\/news\/wp-content\/uploads\/2022\/03\/dtl-barsch-326x217.jpg 326w, https:\/\/www.barsch-alarm.de\/news\/wp-content\/uploads\/2022\/03\/dtl-barsch-525x350.jpg 525w, https:\/\/www.barsch-alarm.de\/news\/wp-content\/uploads\/2022\/03\/dtl-barsch-768x512.jpg 768w\" sizes=\"(max-width: 767px) 89vw, (max-width: 1000px) 54vw, (max-width: 1071px) 543px, 580px\" \/><figcaption id=\"caption-attachment-25638\" class=\"wp-caption-text\">DTL steht na klar f\u00fcr Barsch. Logo. Es wird eine Barsch-Marke.<\/figcaption><\/figure>\n<p>Angeh\u00f6rt habe ich mir die Angebote aber immer. U.a. kam so auch mein Wechsel von Pure Fishing zu Shimano zustande. Bedeutet: Wenn etwas wirklich superhot f\u00fcr mich klingt, mache ich das auch. Und jetzt ist es also da. Das superhotte <strong>dtl<\/strong>. Die eigene Barschmarke f\u00fcr Barschangler. Nach dem Forum f\u00fcr Barchangler, nach zahlreichen Sonderheften f\u00fcr Blinker, Esox, Fisch&amp;Fang. Nach der eigenen Barsch-Rubrik in der Angelwoche. Nach dem Youtube-Kanal. Nach dem ultimativen Barsch-Buch. Nach dem Barsch-Treffen am Bodden. Nach Barsch-Guidings in Spanien. Und was ich sonst noch so alles fabriziert habe im Wendekreis des Barsches. Ich finde das irgendwie logisch und konsequent.<\/p>\n<p>Und seit ich das beschlossen habe, schlafe ich noch weniger als eh schon. Es gibt so viel zu tun. An so vielen Fronten. Mein Hirn kann kaum mehr abschalten. Es f\u00fchlt sich ein bisschen so an wie damals, als man noch nie am Bodden war und es hie\u00df, dass es morgen an den Peenestrom geht, weil da der Hauptbarsch steil geht. Oder wie vorm ersten Spanientrip, wo die Zander durchdrehen vor Gummigeilheit. Absolute Hiceness. Schlafraubend, aber extrem inspirierend.<\/p>\n<figure id=\"attachment_25635\" aria-describedby=\"caption-attachment-25635\" style=\"width: 1000px\" class=\"wp-caption aligncenter\"><img loading=\"lazy\" class=\"size-full wp-image-25635\" src=\"https:\/\/www.barsch-alarm.de\/news\/wp-content\/uploads\/2022\/03\/dtl-zander.jpg\" alt=\"\" width=\"1000\" height=\"667\" srcset=\"https:\/\/www.barsch-alarm.de\/news\/wp-content\/uploads\/2022\/03\/dtl-zander.jpg 1000w, https:\/\/www.barsch-alarm.de\/news\/wp-content\/uploads\/2022\/03\/dtl-zander-326x217.jpg 326w, https:\/\/www.barsch-alarm.de\/news\/wp-content\/uploads\/2022\/03\/dtl-zander-525x350.jpg 525w, https:\/\/www.barsch-alarm.de\/news\/wp-content\/uploads\/2022\/03\/dtl-zander-768x512.jpg 768w\" sizes=\"(max-width: 767px) 89vw, (max-width: 1000px) 54vw, (max-width: 1071px) 543px, 580px\" \/><figcaption id=\"caption-attachment-25635\" class=\"wp-caption-text\">Aber DTL kann nat\u00fcrlich auch Zander :-)<\/figcaption><\/figure>\n<p>Der Haken an der Sache: Das wird sich alles noch ein bisschen hinziehen, bis ihr checken k\u00f6nnt, was Carsten, das Zeck-Team und ich auf die Beine gestellt haben. Aber immerhin hat das Kind jetzt einen Namen. <strong>dtl<\/strong> \u2013 f\u00fcr mich geht damit ein Traum in Erf\u00fcllung. Genau zur rechten Zeit. Genau mit dem richtigen Partner.<\/p>\n<p>Heute Abend kommt dann ein Video auf YouTube, in dem ich noch ein paar mehr Einblicke gebe und zwar parallel zum Einangeln mit dem neuen Ger\u00e4t auf dem Embalse de Mequinenza.<\/p>\n<p>Einen Insta-Acount gibt&#8217;s auch schon: dtl_fishing<\/p>\n<p>Ich hoffe, dass ich mit der Marke einen weiteren Beitrag zur Barschangelei leisten kann und w\u00fcrde mich freuen, wenn auch euch die <strong>dtl<\/strong>-Produkte in Zukunft viel Freude bereiten.<\/p>\n<p>Wir sehen uns &#8211; erstmal auf YouTube:<\/p>\n<p><strong><a href=\"https:\/\/www.youtube.com\/watch?v=xN21Uog9CPg\">https:\/\/www.youtube.com\/watch?v=xN21Uog9CPg<\/a><\/strong><\/p>\n<p><!--more--><\/p>\n<p>Johannes<\/p>\n","protected":false},"excerpt":{"rendered":"<p>Ein bisschen gelegt haben sie sich, die Wogen, die der vom Wechsel meiner Kooperationspartner bzw. auch die Art und Weise der Verk\u00fcndung provozierte Sturm im Barsch-Glas erzeugt hat. Da wechselt der Dietel nach gut 8 Jahren also von Shimano zu Zeck. Von einer eigenen Marke war auch zu lesen. Und \u00fcber drei Ecken kam sogar &hellip; <\/p>\n<p class=\"link-more\"><a href=\"https:\/\/www.barsch-alarm.de\/news\/dtl-2-0-das-d-steht-fuer-barsch\/\" class=\"more-link\">Read more\u2026<\/a><\/p>\n","protected":false},"author":5,"featured_media":25639,"comment_status":"open","ping_status":"open","sticky":false,"template":"","format":"standard","meta":[],"categories":[1],"tags":[2153,44,3338,3339],"featured_image_urls":{"full":["https:\/\/www.barsch-alarm.de\/news\/wp-content\/uploads\/2022\/03\/dtl-logo.jpg",800,350,false],"thumbnail":["https:\/\/www.barsch-alarm.de\/news\/wp-content\/uploads\/2022\/03\/dtl-logo-326x143.jpg",326,143,true],"medium":["https:\/\/www.barsch-alarm.de\/news\/wp-content\/uploads\/2022\/03\/dtl-logo-326x143.jpg",326,143,true],"medium_large":["https:\/\/www.barsch-alarm.de\/news\/wp-content\/uploads\/2022\/03\/dtl-logo-768x336.jpg",768,336,true],"large":["https:\/\/www.barsch-alarm.de\/news\/wp-content\/uploads\/2022\/03\/dtl-logo-800x350.jpg",800,350,true],"1536x1536":["https:\/\/www.barsch-alarm.de\/news\/wp-content\/uploads\/2022\/03\/dtl-logo.jpg",800,350,false],"2048x2048":["https:\/\/www.barsch-alarm.de\/news\/wp-content\/uploads\/2022\/03\/dtl-logo.jpg",800,350,false],"thxpress-featured-image":["https:\/\/www.barsch-alarm.de\/news\/wp-content\/uploads\/2022\/03\/dtl-logo.jpg",800,350,false],"400x250-crop":["https:\/\/www.barsch-alarm.de\/news\/wp-content\/uploads\/2022\/03\/dtl-logo-400x250.jpg",400,250,true]},"post_excerpt_stackable":"<p>Ein bisschen gelegt haben sie sich, die Wogen, die der vom Wechsel meiner Kooperationspartner bzw. auch die Art und Weise der Verk\u00fcndung provozierte Sturm im Barsch-Glas erzeugt hat. Da wechselt der Dietel nach gut 8 Jahren also von Shimano zu Zeck. Von einer eigenen Marke war auch zu lesen. Und \u00fcber drei Ecken kam sogar schon der Markenname im Forum auf. &#8222;dtl&#8222;. Nachdem die Marke als Wort- und Bildmarke nun angemeldet ist (was ja auch die Existenz eines Logos voraussetzt), die ersten Klamotten mit dem Logo verziert sind, die ersten Fische auf Prototypen der Ruten-Range gefangen wurden, ein Insta-Account f\u00fcr&hellip;<\/p>\n","category_list":"<a href=\"https:\/\/www.barsch-alarm.de\/news\/category\/news\/\" rel=\"category tag\">News<\/a>","author_info":{"name":"dietel","url":"https:\/\/www.barsch-alarm.de\/news\/author\/dietel\/"},"comments_num":"32 Kommentare","featured_image_urls_v2":{"full":["https:\/\/www.barsch-alarm.de\/news\/wp-content\/uploads\/2022\/03\/dtl-logo.jpg",800,350,false],"thumbnail":["https:\/\/www.barsch-alarm.de\/news\/wp-content\/uploads\/2022\/03\/dtl-logo-326x143.jpg",326,143,true],"medium":["https:\/\/www.barsch-alarm.de\/news\/wp-content\/uploads\/2022\/03\/dtl-logo-326x143.jpg",326,143,true],"medium_large":["https:\/\/www.barsch-alarm.de\/news\/wp-content\/uploads\/2022\/03\/dtl-logo-768x336.jpg",768,336,true],"large":["https:\/\/www.barsch-alarm.de\/news\/wp-content\/uploads\/2022\/03\/dtl-logo-800x350.jpg",800,350,true],"1536x1536":["https:\/\/www.barsch-alarm.de\/news\/wp-content\/uploads\/2022\/03\/dtl-logo.jpg",800,350,false],"2048x2048":["https:\/\/www.barsch-alarm.de\/news\/wp-content\/uploads\/2022\/03\/dtl-logo.jpg",800,350,false],"thxpress-featured-image":["https:\/\/www.barsch-alarm.de\/news\/wp-content\/uploads\/2022\/03\/dtl-logo.jpg",800,350,false],"400x250-crop":["https:\/\/www.barsch-alarm.de\/news\/wp-content\/uploads\/2022\/03\/dtl-logo-400x250.jpg",400,250,true]},"post_excerpt_stackable_v2":"<p>Ein bisschen gelegt haben sie sich, die Wogen, die der vom Wechsel meiner Kooperationspartner bzw. auch die Art und Weise der Verk\u00fcndung provozierte Sturm im Barsch-Glas erzeugt hat. Da wechselt der Dietel nach gut 8 Jahren also von Shimano zu Zeck. Von einer eigenen Marke war auch zu lesen. Und \u00fcber drei Ecken kam sogar schon der Markenname im Forum auf. &#8222;dtl&#8222;. Nachdem die Marke als Wort- und Bildmarke nun angemeldet ist (was ja auch die Existenz eines Logos voraussetzt), die ersten Klamotten mit dem Logo verziert sind, die ersten Fische auf Prototypen der Ruten-Range gefangen wurden, ein Insta-Account f\u00fcr&hellip;<\/p>\n","category_list_v2":"<a href=\"https:\/\/www.barsch-alarm.de\/news\/category\/news\/\" rel=\"category tag\">News<\/a>","author_info_v2":{"name":"dietel","url":"https:\/\/www.barsch-alarm.de\/news\/author\/dietel\/"},"comments_num_v2":"32 Kommentare","yoast_head":"<!-- This site is optimized with the Yoast SEO plugin v19.11 - https:\/\/yoast.com\/wordpress\/plugins\/seo\/ -->\n<title>dtl 2.0: Das \u201eD\u201c steht f\u00fcr \u201eBarsch\u201c | Barsch-Alarm<\/title>\n<meta name=\"robots\" content=\"index, follow, max-snippet:-1, max-image-preview:large, max-video-preview:-1\" \/>\n<link rel=\"canonical\" href=\"https:\/\/www.barsch-alarm.de\/news\/dtl-2-0-das-d-steht-fuer-barsch\/\" \/>\n<meta name=\"twitter:label1\" content=\"Verfasst von\" \/>\n\t<meta name=\"twitter:data1\" content=\"dietel\" \/>\n\t<meta name=\"twitter:label2\" content=\"Gesch\u00e4tzte Lesezeit\" \/>\n\t<meta name=\"twitter:data2\" content=\"5\u00a0Minuten\" \/>\n<script type=\"application\/ld+json\" class=\"yoast-schema-graph\">{\"@context\":\"https:\/\/schema.org\",\"@graph\":[{\"@type\":\"Article\",\"@id\":\"https:\/\/www.barsch-alarm.de\/news\/dtl-2-0-das-d-steht-fuer-barsch\/#article\",\"isPartOf\":{\"@id\":\"https:\/\/www.barsch-alarm.de\/news\/dtl-2-0-das-d-steht-fuer-barsch\/\"},\"author\":{\"name\":\"dietel\",\"@id\":\"https:\/\/www.barsch-alarm.de\/news\/#\/schema\/person\/625ad6937f19daaa4355ae4dcce349f7\"},\"headline\":\"dtl 2.0: Das \u201eD\u201c steht f\u00fcr \u201eBarsch\u201c\",\"datePublished\":\"2022-03-30T13:07:58+00:00\",\"dateModified\":\"2022-05-18T10:58:40+00:00\",\"mainEntityOfPage\":{\"@id\":\"https:\/\/www.barsch-alarm.de\/news\/dtl-2-0-das-d-steht-fuer-barsch\/\"},\"wordCount\":1050,\"commentCount\":32,\"publisher\":{\"@id\":\"https:\/\/www.barsch-alarm.de\/news\/#\/schema\/person\/625ad6937f19daaa4355ae4dcce349f7\"},\"keywords\":[\"Barsch\",\"dietel\",\"DTL\",\"Marke\"],\"articleSection\":[\"News\"],\"inLanguage\":\"de\",\"potentialAction\":[{\"@type\":\"CommentAction\",\"name\":\"Comment\",\"target\":[\"https:\/\/www.barsch-alarm.de\/news\/dtl-2-0-das-d-steht-fuer-barsch\/#respond\"]}]},{\"@type\":\"WebPage\",\"@id\":\"https:\/\/www.barsch-alarm.de\/news\/dtl-2-0-das-d-steht-fuer-barsch\/\",\"url\":\"https:\/\/www.barsch-alarm.de\/news\/dtl-2-0-das-d-steht-fuer-barsch\/\",\"name\":\"dtl 2.0: Das \u201eD\u201c steht f\u00fcr \u201eBarsch\u201c | Barsch-Alarm\",\"isPartOf\":{\"@id\":\"https:\/\/www.barsch-alarm.de\/news\/#website\"},\"datePublished\":\"2022-03-30T13:07:58+00:00\",\"dateModified\":\"2022-05-18T10:58:40+00:00\",\"breadcrumb\":{\"@id\":\"https:\/\/www.barsch-alarm.de\/news\/dtl-2-0-das-d-steht-fuer-barsch\/#breadcrumb\"},\"inLanguage\":\"de\",\"potentialAction\":[{\"@type\":\"ReadAction\",\"target\":[\"https:\/\/www.barsch-alarm.de\/news\/dtl-2-0-das-d-steht-fuer-barsch\/\"]}]},{\"@type\":\"BreadcrumbList\",\"@id\":\"https:\/\/www.barsch-alarm.de\/news\/dtl-2-0-das-d-steht-fuer-barsch\/#breadcrumb\",\"itemListElement\":[{\"@type\":\"ListItem\",\"position\":1,\"name\":\"Startseite\",\"item\":\"https:\/\/www.barsch-alarm.de\/news\/\"},{\"@type\":\"ListItem\",\"position\":2,\"name\":\"dtl 2.0: Das \u201eD\u201c steht f\u00fcr \u201eBarsch\u201c\"}]},{\"@type\":\"WebSite\",\"@id\":\"https:\/\/www.barsch-alarm.de\/news\/#website\",\"url\":\"https:\/\/www.barsch-alarm.de\/news\/\",\"name\":\"Barsch-Alarm\",\"description\":\"das gr\u00f6\u00dfte Angelforum f\u00fcr Spinnangler\",\"publisher\":{\"@id\":\"https:\/\/www.barsch-alarm.de\/news\/#\/schema\/person\/625ad6937f19daaa4355ae4dcce349f7\"},\"potentialAction\":[{\"@type\":\"SearchAction\",\"target\":{\"@type\":\"EntryPoint\",\"urlTemplate\":\"https:\/\/www.barsch-alarm.de\/news\/?s={search_term_string}\"},\"query-input\":\"required name=search_term_string\"}],\"inLanguage\":\"de\"},{\"@type\":[\"Person\",\"Organization\"],\"@id\":\"https:\/\/www.barsch-alarm.de\/news\/#\/schema\/person\/625ad6937f19daaa4355ae4dcce349f7\",\"name\":\"dietel\",\"image\":{\"@type\":\"ImageObject\",\"inLanguage\":\"de\",\"@id\":\"https:\/\/www.barsch-alarm.de\/news\/#\/schema\/person\/image\/\",\"url\":\"https:\/\/secure.gravatar.com\/avatar\/365783e1f60d378ef793fb7c5bb3ef04?s=96&d=mm&r=g\",\"contentUrl\":\"https:\/\/secure.gravatar.com\/avatar\/365783e1f60d378ef793fb7c5bb3ef04?s=96&d=mm&r=g\",\"caption\":\"dietel\"},\"logo\":{\"@id\":\"https:\/\/www.barsch-alarm.de\/news\/#\/schema\/person\/image\/\"},\"sameAs\":[\"http:\/\/www.barsch-alarm.de\/member.php?5-dietel\"],\"url\":\"https:\/\/www.barsch-alarm.de\/news\/author\/dietel\/\"}]}<\/script>\n<!-- \/ Yoast SEO plugin. -->","yoast_head_json":{"title":"dtl 2.0: Das \u201eD\u201c steht f\u00fcr \u201eBarsch\u201c | Barsch-Alarm","robots":{"index":"index","follow":"follow","max-snippet":"max-snippet:-1","max-image-preview":"max-image-preview:large","max-video-preview":"max-video-preview:-1"},"canonical":"https:\/\/www.barsch-alarm.de\/news\/dtl-2-0-das-d-steht-fuer-barsch\/","twitter_misc":{"Verfasst von":"dietel","Gesch\u00e4tzte Lesezeit":"5\u00a0Minuten"},"schema":{"@context":"https:\/\/schema.org","@graph":[{"@type":"Article","@id":"https:\/\/www.barsch-alarm.de\/news\/dtl-2-0-das-d-steht-fuer-barsch\/#article","isPartOf":{"@id":"https:\/\/www.barsch-alarm.de\/news\/dtl-2-0-das-d-steht-fuer-barsch\/"},"author":{"name":"dietel","@id":"https:\/\/www.barsch-alarm.de\/news\/#\/schema\/person\/625ad6937f19daaa4355ae4dcce349f7"},"headline":"dtl 2.0: Das \u201eD\u201c steht f\u00fcr \u201eBarsch\u201c","datePublished":"2022-03-30T13:07:58+00:00","dateModified":"2022-05-18T10:58:40+00:00","mainEntityOfPage":{"@id":"https:\/\/www.barsch-alarm.de\/news\/dtl-2-0-das-d-steht-fuer-barsch\/"},"wordCount":1050,"commentCount":32,"publisher":{"@id":"https:\/\/www.barsch-alarm.de\/news\/#\/schema\/person\/625ad6937f19daaa4355ae4dcce349f7"},"keywords":["Barsch","dietel","DTL","Marke"],"articleSection":["News"],"inLanguage":"de","potentialAction":[{"@type":"CommentAction","name":"Comment","target":["https:\/\/www.barsch-alarm.de\/news\/dtl-2-0-das-d-steht-fuer-barsch\/#respond"]}]},{"@type":"WebPage","@id":"https:\/\/www.barsch-alarm.de\/news\/dtl-2-0-das-d-steht-fuer-barsch\/","url":"https:\/\/www.barsch-alarm.de\/news\/dtl-2-0-das-d-steht-fuer-barsch\/","name":"dtl 2.0: Das \u201eD\u201c steht f\u00fcr \u201eBarsch\u201c | Barsch-Alarm","isPartOf":{"@id":"https:\/\/www.barsch-alarm.de\/news\/#website"},"datePublished":"2022-03-30T13:07:58+00:00","dateModified":"2022-05-18T10:58:40+00:00","breadcrumb":{"@id":"https:\/\/www.barsch-alarm.de\/news\/dtl-2-0-das-d-steht-fuer-barsch\/#breadcrumb"},"inLanguage":"de","potentialAction":[{"@type":"ReadAction","target":["https:\/\/www.barsch-alarm.de\/news\/dtl-2-0-das-d-steht-fuer-barsch\/"]}]},{"@type":"BreadcrumbList","@id":"https:\/\/www.barsch-alarm.de\/news\/dtl-2-0-das-d-steht-fuer-barsch\/#breadcrumb","itemListElement":[{"@type":"ListItem","position":1,"name":"Startseite","item":"https:\/\/www.barsch-alarm.de\/news\/"},{"@type":"ListItem","position":2,"name":"dtl 2.0: Das \u201eD\u201c steht f\u00fcr \u201eBarsch\u201c"}]},{"@type":"WebSite","@id":"https:\/\/www.barsch-alarm.de\/news\/#website","url":"https:\/\/www.barsch-alarm.de\/news\/","name":"Barsch-Alarm","description":"das gr\u00f6\u00dfte Angelforum f\u00fcr Spinnangler","publisher":{"@id":"https:\/\/www.barsch-alarm.de\/news\/#\/schema\/person\/625ad6937f19daaa4355ae4dcce349f7"},"potentialAction":[{"@type":"SearchAction","target":{"@type":"EntryPoint","urlTemplate":"https:\/\/www.barsch-alarm.de\/news\/?s={search_term_string}"},"query-input":"required name=search_term_string"}],"inLanguage":"de"},{"@type":["Person","Organization"],"@id":"https:\/\/www.barsch-alarm.de\/news\/#\/schema\/person\/625ad6937f19daaa4355ae4dcce349f7","name":"dietel","image":{"@type":"ImageObject","inLanguage":"de","@id":"https:\/\/www.barsch-alarm.de\/news\/#\/schema\/person\/image\/","url":"https:\/\/secure.gravatar.com\/avatar\/365783e1f60d378ef793fb7c5bb3ef04?s=96&d=mm&r=g","contentUrl":"https:\/\/secure.gravatar.com\/avatar\/365783e1f60d378ef793fb7c5bb3ef04?s=96&d=mm&r=g","caption":"dietel"},"logo":{"@id":"https:\/\/www.barsch-alarm.de\/news\/#\/schema\/person\/image\/"},"sameAs":["http:\/\/www.barsch-alarm.de\/member.php?5-dietel"],"url":"https:\/\/www.barsch-alarm.de\/news\/author\/dietel\/"}]}},"_links":{"self":[{"href":"https:\/\/www.barsch-alarm.de\/news\/wp-json\/wp\/v2\/posts\/25632"}],"collection":[{"href":"https:\/\/www.barsch-alarm.de\/news\/wp-json\/wp\/v2\/posts"}],"about":[{"href":"https:\/\/www.barsch-alarm.de\/news\/wp-json\/wp\/v2\/types\/post"}],"author":[{"embeddable":true,"href":"https:\/\/www.barsch-alarm.de\/news\/wp-json\/wp\/v2\/users\/5"}],"replies":[{"embeddable":true,"href":"https:\/\/www.barsch-alarm.de\/news\/wp-json\/wp\/v2\/comments?post=25632"}],"version-history":[{"count":6,"href":"https:\/\/www.barsch-alarm.de\/news\/wp-json\/wp\/v2\/posts\/25632\/revisions"}],"predecessor-version":[{"id":25715,"href":"https:\/\/www.barsch-alarm.de\/news\/wp-json\/wp\/v2\/posts\/25632\/revisions\/25715"}],"wp:featuredmedia":[{"embeddable":true,"href":"https:\/\/www.barsch-alarm.de\/news\/wp-json\/wp\/v2\/media\/25639"}],"wp:attachment":[{"href":"https:\/\/www.barsch-alarm.de\/news\/wp-json\/wp\/v2\/media?parent=25632"}],"wp:term":[{"taxonomy":"category","embeddable":true,"href":"https:\/\/www.barsch-alarm.de\/news\/wp-json\/wp\/v2\/categories?post=25632"},{"taxonomy":"post_tag","embeddable":true,"href":"https:\/\/www.barsch-alarm.de\/news\/wp-json\/wp\/v2\/tags?post=25632"}],"curies":[{"name":"wp","href":"https:\/\/api.w.org\/{rel}","templated":true}]}}