{"id":23001,"date":"2018-03-07T10:20:24","date_gmt":"2018-03-07T08:20:24","guid":{"rendered":"https:\/\/www.barsch-alarm.de\/news\/?p=11051"},"modified":"2020-04-05T00:15:30","modified_gmt":"2020-04-04T22:15:30","slug":"expride-mh-mehr-wels-als-barschrute","status":"publish","type":"post","link":"https:\/\/www.barsch-alarm.de\/news\/expride-mh-mehr-wels-als-barschrute\/","title":{"rendered":"Expride MH &#8211; mehr Wels- als Barschrute!"},"content":{"rendered":"<p>Braunes Wasser &#8211; Wels-Alarm. So sieht&#8217;s grad aus in Mequinenza. Ich angler derzeit lieber unten als oben, weil&#8216; oben richtig schlecht laufen soll. Das werden wir sicher irgendwann mal selber antesten. Aber jetzt gilt es erstmal, die Anglei am unteren Stausee weiterzuentwickeln. Ich fische hier viel mit leichtem Ger\u00e4t auf Barsch und Zander. Fangen tue ich aber nur Waller. Hier ein paar Bilder vom ersten Tag:<\/p>\n<p>&nbsp;<\/p>\n<p><img loading=\"lazy\" class=\"aligncenter size-full wp-image-11055\" src=\"https:\/\/www.barsch-alarm.de\/news\/wp-content\/uploads\/prostaff\/2018\/03\/IMG-20180305-WA0000.jpg\" alt=\"\" width=\"774\" height=\"1032\" \/> <img loading=\"lazy\" class=\"aligncenter size-full wp-image-11056\" src=\"https:\/\/www.barsch-alarm.de\/news\/wp-content\/uploads\/prostaff\/2018\/03\/IMG-20180305-WA0003.jpg\" alt=\"\" width=\"774\" height=\"1032\" \/> <img loading=\"lazy\" class=\"aligncenter size-full wp-image-11052\" src=\"https:\/\/www.barsch-alarm.de\/news\/wp-content\/uploads\/prostaff\/2018\/03\/IMG-20180304-WA0000.jpg\" alt=\"\" width=\"774\" height=\"1032\" \/> <img loading=\"lazy\" class=\"aligncenter size-full wp-image-11053\" src=\"https:\/\/www.barsch-alarm.de\/news\/wp-content\/uploads\/prostaff\/2018\/03\/IMG-20180304-WA0001.jpg\" alt=\"\" width=\"774\" height=\"1032\" \/><\/p>\n","protected":false},"excerpt":{"rendered":"<p>Braunes Wasser &#8211; Wels-Alarm. So sieht&#8217;s grad aus in Mequinenza. Ich angler derzeit lieber unten als oben, weil&#8216; oben richtig schlecht laufen soll. Das werden wir sicher irgendwann mal selber antesten. Aber jetzt gilt es erstmal, die Anglei am unteren Stausee weiterzuentwickeln. Ich fische hier viel mit leichtem Ger\u00e4t auf Barsch und Zander. Fangen tue &hellip; <\/p>\n<p class=\"link-more\"><a href=\"https:\/\/www.barsch-alarm.de\/news\/expride-mh-mehr-wels-als-barschrute\/\" class=\"more-link\">Read more\u2026<\/a><\/p>\n","protected":false},"author":5,"featured_media":11054,"comment_status":"open","ping_status":"open","sticky":false,"template":"","format":"standard","meta":[],"categories":[2388,2393],"tags":[2552],"featured_image_urls":{"full":"","thumbnail":"","medium":"","medium_large":"","large":"","1536x1536":"","2048x2048":"","thxpress-featured-image":"","400x250-crop":""},"post_excerpt_stackable":"<p>Braunes Wasser &#8211; Wels-Alarm. So sieht&#8217;s grad aus in Mequinenza. Ich angler derzeit lieber unten als oben, weil&#8216; oben richtig schlecht laufen soll. Das werden wir sicher irgendwann mal selber antesten. Aber jetzt gilt es erstmal, die Anglei am unteren Stausee weiterzuentwickeln. Ich fische hier viel mit leichtem Ger\u00e4t auf Barsch und Zander. Fangen tue ich aber nur Waller. Hier ein paar Bilder vom ersten Tag: &nbsp;<\/p>\n","category_list":"<a href=\"https:\/\/www.barsch-alarm.de\/news\/category\/prostaff-shimano\/\" rel=\"category tag\">Prostaff-Shimano<\/a>, <a href=\"https:\/\/www.barsch-alarm.de\/news\/category\/ruten\/\" rel=\"category tag\">Ruten<\/a>","author_info":{"name":"dietel","url":"https:\/\/www.barsch-alarm.de\/news\/author\/dietel\/"},"comments_num":"0 Kommentare","featured_image_urls_v2":{"full":"","thumbnail":"","medium":"","medium_large":"","large":"","1536x1536":"","2048x2048":"","thxpress-featured-image":"","400x250-crop":""},"post_excerpt_stackable_v2":"<p>Braunes Wasser &#8211; Wels-Alarm. So sieht&#8217;s grad aus in Mequinenza. Ich angler derzeit lieber unten als oben, weil&#8216; oben richtig schlecht laufen soll. Das werden wir sicher irgendwann mal selber antesten. Aber jetzt gilt es erstmal, die Anglei am unteren Stausee weiterzuentwickeln. Ich fische hier viel mit leichtem Ger\u00e4t auf Barsch und Zander. Fangen tue ich aber nur Waller. Hier ein paar Bilder vom ersten Tag: &nbsp;<\/p>\n","category_list_v2":"<a href=\"https:\/\/www.barsch-alarm.de\/news\/category\/prostaff-shimano\/\" rel=\"category tag\">Prostaff-Shimano<\/a>, <a href=\"https:\/\/www.barsch-alarm.de\/news\/category\/ruten\/\" rel=\"category tag\">Ruten<\/a>","author_info_v2":{"name":"dietel","url":"https:\/\/www.barsch-alarm.de\/news\/author\/dietel\/"},"comments_num_v2":"0 Kommentare","yoast_head":"<!-- This site is optimized with the Yoast SEO plugin v19.11 - https:\/\/yoast.com\/wordpress\/plugins\/seo\/ -->\n<title>Expride MH - mehr Wels- als Barschrute! | Barsch-Alarm<\/title>\n<meta name=\"robots\" content=\"index, follow, max-snippet:-1, max-image-preview:large, max-video-preview:-1\" \/>\n<link rel=\"canonical\" href=\"https:\/\/www.barsch-alarm.de\/news\/expride-mh-mehr-wels-als-barschrute\/\" \/>\n<meta name=\"twitter:label1\" content=\"Verfasst von\" \/>\n\t<meta name=\"twitter:data1\" content=\"dietel\" \/>\n<script type=\"application\/ld+json\" class=\"yoast-schema-graph\">{\"@context\":\"https:\/\/schema.org\",\"@graph\":[{\"@type\":\"Article\",\"@id\":\"https:\/\/www.barsch-alarm.de\/news\/expride-mh-mehr-wels-als-barschrute\/#article\",\"isPartOf\":{\"@id\":\"https:\/\/www.barsch-alarm.de\/news\/expride-mh-mehr-wels-als-barschrute\/\"},\"author\":{\"name\":\"dietel\",\"@id\":\"https:\/\/www.barsch-alarm.de\/news\/#\/schema\/person\/625ad6937f19daaa4355ae4dcce349f7\"},\"headline\":\"Expride MH &#8211; mehr Wels- als Barschrute!\",\"datePublished\":\"2018-03-07T08:20:24+00:00\",\"dateModified\":\"2020-04-04T22:15:30+00:00\",\"mainEntityOfPage\":{\"@id\":\"https:\/\/www.barsch-alarm.de\/news\/expride-mh-mehr-wels-als-barschrute\/\"},\"wordCount\":75,\"commentCount\":0,\"publisher\":{\"@id\":\"https:\/\/www.barsch-alarm.de\/news\/#\/schema\/person\/625ad6937f19daaa4355ae4dcce349f7\"},\"keywords\":[\"prostaff\"],\"articleSection\":[\"Prostaff-Shimano\",\"Ruten\"],\"inLanguage\":\"de\",\"potentialAction\":[{\"@type\":\"CommentAction\",\"name\":\"Comment\",\"target\":[\"https:\/\/www.barsch-alarm.de\/news\/expride-mh-mehr-wels-als-barschrute\/#respond\"]}]},{\"@type\":\"WebPage\",\"@id\":\"https:\/\/www.barsch-alarm.de\/news\/expride-mh-mehr-wels-als-barschrute\/\",\"url\":\"https:\/\/www.barsch-alarm.de\/news\/expride-mh-mehr-wels-als-barschrute\/\",\"name\":\"Expride MH - mehr Wels- als Barschrute! | Barsch-Alarm\",\"isPartOf\":{\"@id\":\"https:\/\/www.barsch-alarm.de\/news\/#website\"},\"datePublished\":\"2018-03-07T08:20:24+00:00\",\"dateModified\":\"2020-04-04T22:15:30+00:00\",\"breadcrumb\":{\"@id\":\"https:\/\/www.barsch-alarm.de\/news\/expride-mh-mehr-wels-als-barschrute\/#breadcrumb\"},\"inLanguage\":\"de\",\"potentialAction\":[{\"@type\":\"ReadAction\",\"target\":[\"https:\/\/www.barsch-alarm.de\/news\/expride-mh-mehr-wels-als-barschrute\/\"]}]},{\"@type\":\"BreadcrumbList\",\"@id\":\"https:\/\/www.barsch-alarm.de\/news\/expride-mh-mehr-wels-als-barschrute\/#breadcrumb\",\"itemListElement\":[{\"@type\":\"ListItem\",\"position\":1,\"name\":\"Startseite\",\"item\":\"https:\/\/www.barsch-alarm.de\/news\/\"},{\"@type\":\"ListItem\",\"position\":2,\"name\":\"Expride MH &#8211; mehr Wels- als Barschrute!\"}]},{\"@type\":\"WebSite\",\"@id\":\"https:\/\/www.barsch-alarm.de\/news\/#website\",\"url\":\"https:\/\/www.barsch-alarm.de\/news\/\",\"name\":\"Barsch-Alarm\",\"description\":\"das gr\u00f6\u00dfte Angelforum f\u00fcr Spinnangler\",\"publisher\":{\"@id\":\"https:\/\/www.barsch-alarm.de\/news\/#\/schema\/person\/625ad6937f19daaa4355ae4dcce349f7\"},\"potentialAction\":[{\"@type\":\"SearchAction\",\"target\":{\"@type\":\"EntryPoint\",\"urlTemplate\":\"https:\/\/www.barsch-alarm.de\/news\/?s={search_term_string}\"},\"query-input\":\"required name=search_term_string\"}],\"inLanguage\":\"de\"},{\"@type\":[\"Person\",\"Organization\"],\"@id\":\"https:\/\/www.barsch-alarm.de\/news\/#\/schema\/person\/625ad6937f19daaa4355ae4dcce349f7\",\"name\":\"dietel\",\"image\":{\"@type\":\"ImageObject\",\"inLanguage\":\"de\",\"@id\":\"https:\/\/www.barsch-alarm.de\/news\/#\/schema\/person\/image\/\",\"url\":\"https:\/\/secure.gravatar.com\/avatar\/365783e1f60d378ef793fb7c5bb3ef04?s=96&d=mm&r=g\",\"contentUrl\":\"https:\/\/secure.gravatar.com\/avatar\/365783e1f60d378ef793fb7c5bb3ef04?s=96&d=mm&r=g\",\"caption\":\"dietel\"},\"logo\":{\"@id\":\"https:\/\/www.barsch-alarm.de\/news\/#\/schema\/person\/image\/\"},\"sameAs\":[\"http:\/\/www.barsch-alarm.de\/member.php?5-dietel\"],\"url\":\"https:\/\/www.barsch-alarm.de\/news\/author\/dietel\/\"}]}<\/script>\n<!-- \/ Yoast SEO plugin. -->","yoast_head_json":{"title":"Expride MH - mehr Wels- als Barschrute! | Barsch-Alarm","robots":{"index":"index","follow":"follow","max-snippet":"max-snippet:-1","max-image-preview":"max-image-preview:large","max-video-preview":"max-video-preview:-1"},"canonical":"https:\/\/www.barsch-alarm.de\/news\/expride-mh-mehr-wels-als-barschrute\/","twitter_misc":{"Verfasst von":"dietel"},"schema":{"@context":"https:\/\/schema.org","@graph":[{"@type":"Article","@id":"https:\/\/www.barsch-alarm.de\/news\/expride-mh-mehr-wels-als-barschrute\/#article","isPartOf":{"@id":"https:\/\/www.barsch-alarm.de\/news\/expride-mh-mehr-wels-als-barschrute\/"},"author":{"name":"dietel","@id":"https:\/\/www.barsch-alarm.de\/news\/#\/schema\/person\/625ad6937f19daaa4355ae4dcce349f7"},"headline":"Expride MH &#8211; mehr Wels- als Barschrute!","datePublished":"2018-03-07T08:20:24+00:00","dateModified":"2020-04-04T22:15:30+00:00","mainEntityOfPage":{"@id":"https:\/\/www.barsch-alarm.de\/news\/expride-mh-mehr-wels-als-barschrute\/"},"wordCount":75,"commentCount":0,"publisher":{"@id":"https:\/\/www.barsch-alarm.de\/news\/#\/schema\/person\/625ad6937f19daaa4355ae4dcce349f7"},"keywords":["prostaff"],"articleSection":["Prostaff-Shimano","Ruten"],"inLanguage":"de","potentialAction":[{"@type":"CommentAction","name":"Comment","target":["https:\/\/www.barsch-alarm.de\/news\/expride-mh-mehr-wels-als-barschrute\/#respond"]}]},{"@type":"WebPage","@id":"https:\/\/www.barsch-alarm.de\/news\/expride-mh-mehr-wels-als-barschrute\/","url":"https:\/\/www.barsch-alarm.de\/news\/expride-mh-mehr-wels-als-barschrute\/","name":"Expride MH - mehr Wels- als Barschrute! | Barsch-Alarm","isPartOf":{"@id":"https:\/\/www.barsch-alarm.de\/news\/#website"},"datePublished":"2018-03-07T08:20:24+00:00","dateModified":"2020-04-04T22:15:30+00:00","breadcrumb":{"@id":"https:\/\/www.barsch-alarm.de\/news\/expride-mh-mehr-wels-als-barschrute\/#breadcrumb"},"inLanguage":"de","potentialAction":[{"@type":"ReadAction","target":["https:\/\/www.barsch-alarm.de\/news\/expride-mh-mehr-wels-als-barschrute\/"]}]},{"@type":"BreadcrumbList","@id":"https:\/\/www.barsch-alarm.de\/news\/expride-mh-mehr-wels-als-barschrute\/#breadcrumb","itemListElement":[{"@type":"ListItem","position":1,"name":"Startseite","item":"https:\/\/www.barsch-alarm.de\/news\/"},{"@type":"ListItem","position":2,"name":"Expride MH &#8211; mehr Wels- als Barschrute!"}]},{"@type":"WebSite","@id":"https:\/\/www.barsch-alarm.de\/news\/#website","url":"https:\/\/www.barsch-alarm.de\/news\/","name":"Barsch-Alarm","description":"das gr\u00f6\u00dfte Angelforum f\u00fcr Spinnangler","publisher":{"@id":"https:\/\/www.barsch-alarm.de\/news\/#\/schema\/person\/625ad6937f19daaa4355ae4dcce349f7"},"potentialAction":[{"@type":"SearchAction","target":{"@type":"EntryPoint","urlTemplate":"https:\/\/www.barsch-alarm.de\/news\/?s={search_term_string}"},"query-input":"required name=search_term_string"}],"inLanguage":"de"},{"@type":["Person","Organization"],"@id":"https:\/\/www.barsch-alarm.de\/news\/#\/schema\/person\/625ad6937f19daaa4355ae4dcce349f7","name":"dietel","image":{"@type":"ImageObject","inLanguage":"de","@id":"https:\/\/www.barsch-alarm.de\/news\/#\/schema\/person\/image\/","url":"https:\/\/secure.gravatar.com\/avatar\/365783e1f60d378ef793fb7c5bb3ef04?s=96&d=mm&r=g","contentUrl":"https:\/\/secure.gravatar.com\/avatar\/365783e1f60d378ef793fb7c5bb3ef04?s=96&d=mm&r=g","caption":"dietel"},"logo":{"@id":"https:\/\/www.barsch-alarm.de\/news\/#\/schema\/person\/image\/"},"sameAs":["http:\/\/www.barsch-alarm.de\/member.php?5-dietel"],"url":"https:\/\/www.barsch-alarm.de\/news\/author\/dietel\/"}]}},"_links":{"self":[{"href":"https:\/\/www.barsch-alarm.de\/news\/wp-json\/wp\/v2\/posts\/23001"}],"collection":[{"href":"https:\/\/www.barsch-alarm.de\/news\/wp-json\/wp\/v2\/posts"}],"about":[{"href":"https:\/\/www.barsch-alarm.de\/news\/wp-json\/wp\/v2\/types\/post"}],"author":[{"embeddable":true,"href":"https:\/\/www.barsch-alarm.de\/news\/wp-json\/wp\/v2\/users\/5"}],"replies":[{"embeddable":true,"href":"https:\/\/www.barsch-alarm.de\/news\/wp-json\/wp\/v2\/comments?post=23001"}],"version-history":[{"count":1,"href":"https:\/\/www.barsch-alarm.de\/news\/wp-json\/wp\/v2\/posts\/23001\/revisions"}],"predecessor-version":[{"id":23614,"href":"https:\/\/www.barsch-alarm.de\/news\/wp-json\/wp\/v2\/posts\/23001\/revisions\/23614"}],"wp:featuredmedia":[{"embeddable":true,"href":"https:\/\/www.barsch-alarm.de\/news\/wp-json\/"}],"wp:attachment":[{"href":"https:\/\/www.barsch-alarm.de\/news\/wp-json\/wp\/v2\/media?parent=23001"}],"wp:term":[{"taxonomy":"category","embeddable":true,"href":"https:\/\/www.barsch-alarm.de\/news\/wp-json\/wp\/v2\/categories?post=23001"},{"taxonomy":"post_tag","embeddable":true,"href":"https:\/\/www.barsch-alarm.de\/news\/wp-json\/wp\/v2\/tags?post=23001"}],"curies":[{"name":"wp","href":"https:\/\/api.w.org\/{rel}","templated":true}]}}