{"id":22984,"date":"2017-11-13T12:22:36","date_gmt":"2017-11-13T10:22:36","guid":{"rendered":"https:\/\/www.barsch-alarm.de\/news\/?p=10563"},"modified":"2020-04-05T00:15:31","modified_gmt":"2020-04-04T22:15:31","slug":"harter-spanien-auftakt","status":"publish","type":"post","link":"https:\/\/www.barsch-alarm.de\/news\/harter-spanien-auftakt\/","title":{"rendered":"Harter Spanien-Auftakt&#8230;"},"content":{"rendered":"<p>Gestern morgen war ich fleissig. Habe meine Ruten aufgebaut und die K\u00f6derboxen best\u00fcckt. Soweit ich das \u00fcberblicken kann, hab ich gut gepackt und nichts vergessen. Ist aber ja auch fast nix mehr daheim&#8230;<\/p>\n<p><img loading=\"lazy\" class=\"aligncenter size-full wp-image-10577\" src=\"https:\/\/www.barsch-alarm.de\/news\/wp-content\/uploads\/prostaff\/2017\/11\/ruten.gif\" alt=\"\" width=\"800\" height=\"600\" \/><\/p>\n<p><img loading=\"lazy\" class=\"aligncenter size-full wp-image-10576\" src=\"https:\/\/www.barsch-alarm.de\/news\/wp-content\/uploads\/prostaff\/2017\/11\/rollen.gif\" alt=\"\" width=\"800\" height=\"600\" \/><\/p>\n<p>Und dann wollte ich mit meinen Schweizer G\u00e4sten ein bisschen fischen. Vom Boot unm\u00f6glich. Sturm. Also Uferangeln.<\/p>\n<p><img loading=\"lazy\" class=\"aligncenter size-full wp-image-10575\" src=\"https:\/\/www.barsch-alarm.de\/news\/wp-content\/uploads\/prostaff\/2017\/11\/laufen.gif\" alt=\"\" width=\"800\" height=\"600\" \/><\/p>\n<p>Wir haben viel versucht. Ich hatte exakt 4 Aktionen: 1. Fehlbiss. Schwanz ab. 2. Brutalo Einschlag vor den F\u00fc\u00dfen. Vollrun. Schnurcut. Alles innerhalb von 5 Sekunden. (Waller am Barschger\u00e4t&#8230;). 3. Einen kleinen Zander gefangen beim Werfen gegen Windst\u00e4rke 7. 4. Einen kleinen Barsch erwischt.<\/p>\n<p><img loading=\"lazy\" class=\"aligncenter size-full wp-image-10595\" src=\"https:\/\/www.barsch-alarm.de\/news\/wp-content\/uploads\/prostaff\/2017\/11\/zanderli.gif\" alt=\"\" width=\"800\" height=\"1040\" \/><\/p>\n<p>ABER: Kulisse auch bei Wind geil. Kleiner Sonnenbrand i November. Viel Spa\u00df mit den Schweizern.<\/p>\n<p><img loading=\"lazy\" class=\"aligncenter size-full wp-image-10573\" src=\"https:\/\/www.barsch-alarm.de\/news\/wp-content\/uploads\/prostaff\/2017\/11\/baum.gif\" alt=\"\" width=\"800\" height=\"1067\" \/> <img loading=\"lazy\" class=\"aligncenter size-full wp-image-10574\" src=\"https:\/\/www.barsch-alarm.de\/news\/wp-content\/uploads\/prostaff\/2017\/11\/landschaft-1.gif\" alt=\"\" width=\"800\" height=\"600\" \/> <img loading=\"lazy\" class=\"aligncenter size-full wp-image-10572\" src=\"https:\/\/www.barsch-alarm.de\/news\/wp-content\/uploads\/prostaff\/2017\/11\/angeln.gif\" alt=\"\" width=\"800\" height=\"600\" \/><\/p>\n<p>Und ein sch\u00f6nes Bild in meiner Stammkneipe geschossen, in der ich jetzt das ganze Jahr abh\u00e4nge&#8230;<\/p>\n<p><img loading=\"lazy\" class=\"aligncenter size-full wp-image-10578\" src=\"https:\/\/www.barsch-alarm.de\/news\/wp-content\/uploads\/prostaff\/2017\/11\/wembley-barsch.gif\" alt=\"\" width=\"800\" height=\"600\" \/><\/p>\n<p>Heute? Windst\u00e4rke 6 bis 5. Boot oder Ufer? Man wird sehen&#8230;<\/p>\n","protected":false},"excerpt":{"rendered":"<p>Gestern morgen war ich fleissig. Habe meine Ruten aufgebaut und die K\u00f6derboxen best\u00fcckt. Soweit ich das \u00fcberblicken kann, hab ich gut gepackt und nichts vergessen. Ist aber ja auch fast nix mehr daheim&#8230; Und dann wollte ich mit meinen Schweizer G\u00e4sten ein bisschen fischen. Vom Boot unm\u00f6glich. Sturm. Also Uferangeln. Wir haben viel versucht. Ich &hellip; <\/p>\n<p class=\"link-more\"><a href=\"https:\/\/www.barsch-alarm.de\/news\/harter-spanien-auftakt\/\" class=\"more-link\">Read more\u2026<\/a><\/p>\n","protected":false},"author":5,"featured_media":10578,"comment_status":"open","ping_status":"open","sticky":false,"template":"","format":"standard","meta":[],"categories":[1,2388],"tags":[2552],"featured_image_urls":{"full":["https:\/\/www.barsch-alarm.de\/news\/wp-content\/uploads\/2016\/04\/wurzel1.jpg",1200,1560,false],"thumbnail":["https:\/\/www.barsch-alarm.de\/news\/wp-content\/uploads\/2016\/04\/wurzel1-188x245.jpg",188,245,true],"medium":["https:\/\/www.barsch-alarm.de\/news\/wp-content\/uploads\/2016\/04\/wurzel1-188x245.jpg",188,245,true],"medium_large":["https:\/\/www.barsch-alarm.de\/news\/wp-content\/uploads\/2016\/04\/wurzel1-768x998.jpg",768,998,true],"large":["https:\/\/www.barsch-alarm.de\/news\/wp-content\/uploads\/2016\/04\/wurzel1-392x509.jpg",270,350,true],"1536x1536":["https:\/\/www.barsch-alarm.de\/news\/wp-content\/uploads\/2016\/04\/wurzel1.jpg",1182,1536,false],"2048x2048":["https:\/\/www.barsch-alarm.de\/news\/wp-content\/uploads\/2016\/04\/wurzel1.jpg",1200,1560,false],"thxpress-featured-image":["https:\/\/www.barsch-alarm.de\/news\/wp-content\/uploads\/2016\/04\/wurzel1.jpg",923,1200,false],"400x250-crop":["https:\/\/www.barsch-alarm.de\/news\/wp-content\/uploads\/2016\/04\/wurzel1.jpg",192,250,false]},"post_excerpt_stackable":"<p>Gestern morgen war ich fleissig. Habe meine Ruten aufgebaut und die K\u00f6derboxen best\u00fcckt. Soweit ich das \u00fcberblicken kann, hab ich gut gepackt und nichts vergessen. Ist aber ja auch fast nix mehr daheim&#8230; Und dann wollte ich mit meinen Schweizer G\u00e4sten ein bisschen fischen. Vom Boot unm\u00f6glich. Sturm. Also Uferangeln. Wir haben viel versucht. Ich hatte exakt 4 Aktionen: 1. Fehlbiss. Schwanz ab. 2. Brutalo Einschlag vor den F\u00fc\u00dfen. Vollrun. Schnurcut. Alles innerhalb von 5 Sekunden. (Waller am Barschger\u00e4t&#8230;). 3. Einen kleinen Zander gefangen beim Werfen gegen Windst\u00e4rke 7. 4. Einen kleinen Barsch erwischt. ABER: Kulisse auch bei Wind geil.&hellip;<\/p>\n","category_list":"<a href=\"https:\/\/www.barsch-alarm.de\/news\/category\/news\/\" rel=\"category tag\">News<\/a>, <a href=\"https:\/\/www.barsch-alarm.de\/news\/category\/prostaff-shimano\/\" rel=\"category tag\">Prostaff-Shimano<\/a>","author_info":{"name":"dietel","url":"https:\/\/www.barsch-alarm.de\/news\/author\/dietel\/"},"comments_num":"0 Kommentare","featured_image_urls_v2":{"full":["https:\/\/www.barsch-alarm.de\/news\/wp-content\/uploads\/2016\/04\/wurzel1.jpg",1200,1560,false],"thumbnail":["https:\/\/www.barsch-alarm.de\/news\/wp-content\/uploads\/2016\/04\/wurzel1-188x245.jpg",188,245,true],"medium":["https:\/\/www.barsch-alarm.de\/news\/wp-content\/uploads\/2016\/04\/wurzel1-188x245.jpg",188,245,true],"medium_large":["https:\/\/www.barsch-alarm.de\/news\/wp-content\/uploads\/2016\/04\/wurzel1-768x998.jpg",768,998,true],"large":["https:\/\/www.barsch-alarm.de\/news\/wp-content\/uploads\/2016\/04\/wurzel1-392x509.jpg",270,350,true],"1536x1536":["https:\/\/www.barsch-alarm.de\/news\/wp-content\/uploads\/2016\/04\/wurzel1.jpg",1182,1536,false],"2048x2048":["https:\/\/www.barsch-alarm.de\/news\/wp-content\/uploads\/2016\/04\/wurzel1.jpg",1200,1560,false],"thxpress-featured-image":["https:\/\/www.barsch-alarm.de\/news\/wp-content\/uploads\/2016\/04\/wurzel1.jpg",923,1200,false],"400x250-crop":["https:\/\/www.barsch-alarm.de\/news\/wp-content\/uploads\/2016\/04\/wurzel1.jpg",192,250,false]},"post_excerpt_stackable_v2":"<p>Gestern morgen war ich fleissig. Habe meine Ruten aufgebaut und die K\u00f6derboxen best\u00fcckt. Soweit ich das \u00fcberblicken kann, hab ich gut gepackt und nichts vergessen. Ist aber ja auch fast nix mehr daheim&#8230; Und dann wollte ich mit meinen Schweizer G\u00e4sten ein bisschen fischen. Vom Boot unm\u00f6glich. Sturm. Also Uferangeln. Wir haben viel versucht. Ich hatte exakt 4 Aktionen: 1. Fehlbiss. Schwanz ab. 2. Brutalo Einschlag vor den F\u00fc\u00dfen. Vollrun. Schnurcut. Alles innerhalb von 5 Sekunden. (Waller am Barschger\u00e4t&#8230;). 3. Einen kleinen Zander gefangen beim Werfen gegen Windst\u00e4rke 7. 4. Einen kleinen Barsch erwischt. ABER: Kulisse auch bei Wind geil.&hellip;<\/p>\n","category_list_v2":"<a href=\"https:\/\/www.barsch-alarm.de\/news\/category\/news\/\" rel=\"category tag\">News<\/a>, <a href=\"https:\/\/www.barsch-alarm.de\/news\/category\/prostaff-shimano\/\" rel=\"category tag\">Prostaff-Shimano<\/a>","author_info_v2":{"name":"dietel","url":"https:\/\/www.barsch-alarm.de\/news\/author\/dietel\/"},"comments_num_v2":"0 Kommentare","yoast_head":"<!-- This site is optimized with the Yoast SEO plugin v19.11 - https:\/\/yoast.com\/wordpress\/plugins\/seo\/ -->\n<title>Harter Spanien-Auftakt... | Barsch-Alarm<\/title>\n<meta name=\"robots\" content=\"index, follow, max-snippet:-1, max-image-preview:large, max-video-preview:-1\" \/>\n<link rel=\"canonical\" href=\"https:\/\/www.barsch-alarm.de\/news\/harter-spanien-auftakt\/\" \/>\n<meta name=\"twitter:label1\" content=\"Verfasst von\" \/>\n\t<meta name=\"twitter:data1\" content=\"dietel\" \/>\n\t<meta name=\"twitter:label2\" content=\"Gesch\u00e4tzte Lesezeit\" \/>\n\t<meta name=\"twitter:data2\" content=\"1\u00a0Minute\" \/>\n<script type=\"application\/ld+json\" class=\"yoast-schema-graph\">{\"@context\":\"https:\/\/schema.org\",\"@graph\":[{\"@type\":\"Article\",\"@id\":\"https:\/\/www.barsch-alarm.de\/news\/harter-spanien-auftakt\/#article\",\"isPartOf\":{\"@id\":\"https:\/\/www.barsch-alarm.de\/news\/harter-spanien-auftakt\/\"},\"author\":{\"name\":\"dietel\",\"@id\":\"https:\/\/www.barsch-alarm.de\/news\/#\/schema\/person\/625ad6937f19daaa4355ae4dcce349f7\"},\"headline\":\"Harter Spanien-Auftakt&#8230;\",\"datePublished\":\"2017-11-13T10:22:36+00:00\",\"dateModified\":\"2020-04-04T22:15:31+00:00\",\"mainEntityOfPage\":{\"@id\":\"https:\/\/www.barsch-alarm.de\/news\/harter-spanien-auftakt\/\"},\"wordCount\":139,\"commentCount\":0,\"publisher\":{\"@id\":\"https:\/\/www.barsch-alarm.de\/news\/#\/schema\/person\/625ad6937f19daaa4355ae4dcce349f7\"},\"keywords\":[\"prostaff\"],\"articleSection\":[\"News\",\"Prostaff-Shimano\"],\"inLanguage\":\"de\",\"potentialAction\":[{\"@type\":\"CommentAction\",\"name\":\"Comment\",\"target\":[\"https:\/\/www.barsch-alarm.de\/news\/harter-spanien-auftakt\/#respond\"]}]},{\"@type\":\"WebPage\",\"@id\":\"https:\/\/www.barsch-alarm.de\/news\/harter-spanien-auftakt\/\",\"url\":\"https:\/\/www.barsch-alarm.de\/news\/harter-spanien-auftakt\/\",\"name\":\"Harter Spanien-Auftakt... | Barsch-Alarm\",\"isPartOf\":{\"@id\":\"https:\/\/www.barsch-alarm.de\/news\/#website\"},\"datePublished\":\"2017-11-13T10:22:36+00:00\",\"dateModified\":\"2020-04-04T22:15:31+00:00\",\"breadcrumb\":{\"@id\":\"https:\/\/www.barsch-alarm.de\/news\/harter-spanien-auftakt\/#breadcrumb\"},\"inLanguage\":\"de\",\"potentialAction\":[{\"@type\":\"ReadAction\",\"target\":[\"https:\/\/www.barsch-alarm.de\/news\/harter-spanien-auftakt\/\"]}]},{\"@type\":\"BreadcrumbList\",\"@id\":\"https:\/\/www.barsch-alarm.de\/news\/harter-spanien-auftakt\/#breadcrumb\",\"itemListElement\":[{\"@type\":\"ListItem\",\"position\":1,\"name\":\"Startseite\",\"item\":\"https:\/\/www.barsch-alarm.de\/news\/\"},{\"@type\":\"ListItem\",\"position\":2,\"name\":\"Harter Spanien-Auftakt&#8230;\"}]},{\"@type\":\"WebSite\",\"@id\":\"https:\/\/www.barsch-alarm.de\/news\/#website\",\"url\":\"https:\/\/www.barsch-alarm.de\/news\/\",\"name\":\"Barsch-Alarm\",\"description\":\"das gr\u00f6\u00dfte Angelforum f\u00fcr Spinnangler\",\"publisher\":{\"@id\":\"https:\/\/www.barsch-alarm.de\/news\/#\/schema\/person\/625ad6937f19daaa4355ae4dcce349f7\"},\"potentialAction\":[{\"@type\":\"SearchAction\",\"target\":{\"@type\":\"EntryPoint\",\"urlTemplate\":\"https:\/\/www.barsch-alarm.de\/news\/?s={search_term_string}\"},\"query-input\":\"required name=search_term_string\"}],\"inLanguage\":\"de\"},{\"@type\":[\"Person\",\"Organization\"],\"@id\":\"https:\/\/www.barsch-alarm.de\/news\/#\/schema\/person\/625ad6937f19daaa4355ae4dcce349f7\",\"name\":\"dietel\",\"image\":{\"@type\":\"ImageObject\",\"inLanguage\":\"de\",\"@id\":\"https:\/\/www.barsch-alarm.de\/news\/#\/schema\/person\/image\/\",\"url\":\"https:\/\/secure.gravatar.com\/avatar\/365783e1f60d378ef793fb7c5bb3ef04?s=96&d=mm&r=g\",\"contentUrl\":\"https:\/\/secure.gravatar.com\/avatar\/365783e1f60d378ef793fb7c5bb3ef04?s=96&d=mm&r=g\",\"caption\":\"dietel\"},\"logo\":{\"@id\":\"https:\/\/www.barsch-alarm.de\/news\/#\/schema\/person\/image\/\"},\"sameAs\":[\"http:\/\/www.barsch-alarm.de\/member.php?5-dietel\"],\"url\":\"https:\/\/www.barsch-alarm.de\/news\/author\/dietel\/\"}]}<\/script>\n<!-- \/ Yoast SEO plugin. -->","yoast_head_json":{"title":"Harter Spanien-Auftakt... | Barsch-Alarm","robots":{"index":"index","follow":"follow","max-snippet":"max-snippet:-1","max-image-preview":"max-image-preview:large","max-video-preview":"max-video-preview:-1"},"canonical":"https:\/\/www.barsch-alarm.de\/news\/harter-spanien-auftakt\/","twitter_misc":{"Verfasst von":"dietel","Gesch\u00e4tzte Lesezeit":"1\u00a0Minute"},"schema":{"@context":"https:\/\/schema.org","@graph":[{"@type":"Article","@id":"https:\/\/www.barsch-alarm.de\/news\/harter-spanien-auftakt\/#article","isPartOf":{"@id":"https:\/\/www.barsch-alarm.de\/news\/harter-spanien-auftakt\/"},"author":{"name":"dietel","@id":"https:\/\/www.barsch-alarm.de\/news\/#\/schema\/person\/625ad6937f19daaa4355ae4dcce349f7"},"headline":"Harter Spanien-Auftakt&#8230;","datePublished":"2017-11-13T10:22:36+00:00","dateModified":"2020-04-04T22:15:31+00:00","mainEntityOfPage":{"@id":"https:\/\/www.barsch-alarm.de\/news\/harter-spanien-auftakt\/"},"wordCount":139,"commentCount":0,"publisher":{"@id":"https:\/\/www.barsch-alarm.de\/news\/#\/schema\/person\/625ad6937f19daaa4355ae4dcce349f7"},"keywords":["prostaff"],"articleSection":["News","Prostaff-Shimano"],"inLanguage":"de","potentialAction":[{"@type":"CommentAction","name":"Comment","target":["https:\/\/www.barsch-alarm.de\/news\/harter-spanien-auftakt\/#respond"]}]},{"@type":"WebPage","@id":"https:\/\/www.barsch-alarm.de\/news\/harter-spanien-auftakt\/","url":"https:\/\/www.barsch-alarm.de\/news\/harter-spanien-auftakt\/","name":"Harter Spanien-Auftakt... | Barsch-Alarm","isPartOf":{"@id":"https:\/\/www.barsch-alarm.de\/news\/#website"},"datePublished":"2017-11-13T10:22:36+00:00","dateModified":"2020-04-04T22:15:31+00:00","breadcrumb":{"@id":"https:\/\/www.barsch-alarm.de\/news\/harter-spanien-auftakt\/#breadcrumb"},"inLanguage":"de","potentialAction":[{"@type":"ReadAction","target":["https:\/\/www.barsch-alarm.de\/news\/harter-spanien-auftakt\/"]}]},{"@type":"BreadcrumbList","@id":"https:\/\/www.barsch-alarm.de\/news\/harter-spanien-auftakt\/#breadcrumb","itemListElement":[{"@type":"ListItem","position":1,"name":"Startseite","item":"https:\/\/www.barsch-alarm.de\/news\/"},{"@type":"ListItem","position":2,"name":"Harter Spanien-Auftakt&#8230;"}]},{"@type":"WebSite","@id":"https:\/\/www.barsch-alarm.de\/news\/#website","url":"https:\/\/www.barsch-alarm.de\/news\/","name":"Barsch-Alarm","description":"das gr\u00f6\u00dfte Angelforum f\u00fcr Spinnangler","publisher":{"@id":"https:\/\/www.barsch-alarm.de\/news\/#\/schema\/person\/625ad6937f19daaa4355ae4dcce349f7"},"potentialAction":[{"@type":"SearchAction","target":{"@type":"EntryPoint","urlTemplate":"https:\/\/www.barsch-alarm.de\/news\/?s={search_term_string}"},"query-input":"required name=search_term_string"}],"inLanguage":"de"},{"@type":["Person","Organization"],"@id":"https:\/\/www.barsch-alarm.de\/news\/#\/schema\/person\/625ad6937f19daaa4355ae4dcce349f7","name":"dietel","image":{"@type":"ImageObject","inLanguage":"de","@id":"https:\/\/www.barsch-alarm.de\/news\/#\/schema\/person\/image\/","url":"https:\/\/secure.gravatar.com\/avatar\/365783e1f60d378ef793fb7c5bb3ef04?s=96&d=mm&r=g","contentUrl":"https:\/\/secure.gravatar.com\/avatar\/365783e1f60d378ef793fb7c5bb3ef04?s=96&d=mm&r=g","caption":"dietel"},"logo":{"@id":"https:\/\/www.barsch-alarm.de\/news\/#\/schema\/person\/image\/"},"sameAs":["http:\/\/www.barsch-alarm.de\/member.php?5-dietel"],"url":"https:\/\/www.barsch-alarm.de\/news\/author\/dietel\/"}]}},"_links":{"self":[{"href":"https:\/\/www.barsch-alarm.de\/news\/wp-json\/wp\/v2\/posts\/22984"}],"collection":[{"href":"https:\/\/www.barsch-alarm.de\/news\/wp-json\/wp\/v2\/posts"}],"about":[{"href":"https:\/\/www.barsch-alarm.de\/news\/wp-json\/wp\/v2\/types\/post"}],"author":[{"embeddable":true,"href":"https:\/\/www.barsch-alarm.de\/news\/wp-json\/wp\/v2\/users\/5"}],"replies":[{"embeddable":true,"href":"https:\/\/www.barsch-alarm.de\/news\/wp-json\/wp\/v2\/comments?post=22984"}],"version-history":[{"count":1,"href":"https:\/\/www.barsch-alarm.de\/news\/wp-json\/wp\/v2\/posts\/22984\/revisions"}],"predecessor-version":[{"id":23647,"href":"https:\/\/www.barsch-alarm.de\/news\/wp-json\/wp\/v2\/posts\/22984\/revisions\/23647"}],"wp:featuredmedia":[{"embeddable":true,"href":"https:\/\/www.barsch-alarm.de\/news\/wp-json\/wp\/v2\/media\/10578"}],"wp:attachment":[{"href":"https:\/\/www.barsch-alarm.de\/news\/wp-json\/wp\/v2\/media?parent=22984"}],"wp:term":[{"taxonomy":"category","embeddable":true,"href":"https:\/\/www.barsch-alarm.de\/news\/wp-json\/wp\/v2\/categories?post=22984"},{"taxonomy":"post_tag","embeddable":true,"href":"https:\/\/www.barsch-alarm.de\/news\/wp-json\/wp\/v2\/tags?post=22984"}],"curies":[{"name":"wp","href":"https:\/\/api.w.org\/{rel}","templated":true}]}}