{"id":22942,"date":"2016-12-05T11:18:13","date_gmt":"2016-12-05T09:18:13","guid":{"rendered":"https:\/\/www.barsch-alarm.de\/news\/?p=8558"},"modified":"2020-04-05T00:15:36","modified_gmt":"2020-04-04T22:15:36","slug":"dietel-holt-den-grand-slam","status":"publish","type":"post","link":"https:\/\/www.barsch-alarm.de\/news\/dietel-holt-den-grand-slam\/","title":{"rendered":"Dietel holt den Grand Slam!"},"content":{"rendered":"<p>Krasse \u00dcberschrift, was? Leider bringt mir der Ebro-Grand Slam weder Millionen aufs Konto noch Werbevertr\u00e4ge mit Schweizer Uhrenherstellern oder Champus-Produzenten. Daf\u00fcr habe ich aber viele Szenen eines abgefahrenen Angeltages im Kopf, an dem ich einen Karpfen, einen Wels, ein paar Zander, ein paar Barsche und einen Scharzbarsch gefangen habe. Alles auf Kunstk\u00f6der. Sowas kann einem nur hier am Ebro passieren, wo die Karpfen voll auf Krebse eingeschossen sind.<\/p>\n<p>Einer der ersten Fische an diesem Tag war dann auch ein fetter Schuppenkarpfen, der direkt an einer Steilwand auf einen Rubberjig gebissen hat.<\/p>\n<div style=\"width: 426px;\" class=\"wp-video\"><!--[if lt IE 9]><script>document.createElement('video');<\/script><![endif]-->\n<video class=\"wp-video-shortcode\" id=\"video-22942-1\" width=\"426\" height=\"240\" preload=\"metadata\" controls=\"controls\"><source type=\"video\/mp4\" src=\"https:\/\/www.barsch-alarm.de\/news\/wp-content\/uploads\/prostaff\/2016\/12\/karpfen-komprimiert.mp4?_=1\" \/><a href=\"https:\/\/www.barsch-alarm.de\/news\/wp-content\/uploads\/prostaff\/2016\/12\/karpfen-komprimiert.mp4\">https:\/\/www.barsch-alarm.de\/news\/wp-content\/uploads\/prostaff\/2016\/12\/karpfen-komprimiert.mp4<\/a><\/video><\/div>\n<p>&nbsp;<\/p>\n<p>Dann kam ein kleiner Schwarzbarsch.<\/p>\n<p><img loading=\"lazy\" class=\"aligncenter size-full wp-image-8560\" src=\"https:\/\/www.barsch-alarm.de\/news\/wp-content\/uploads\/prostaff\/2016\/12\/gs-blackbass.jpg\" alt=\"gs-blackbass\" width=\"1200\" height=\"900\" \/><\/p>\n<p>Dann habe ich in ca. 10 Minuten den Grand Slam voll gemacht mit Waller, Barsch und Zander.<\/p>\n<p><img loading=\"lazy\" class=\"aligncenter size-full wp-image-8562\" src=\"https:\/\/www.barsch-alarm.de\/news\/wp-content\/uploads\/prostaff\/2016\/12\/gs-zander.jpg\" alt=\"gs-zander\" width=\"1200\" height=\"1600\" \/> <img loading=\"lazy\" class=\"aligncenter size-full wp-image-8561\" src=\"https:\/\/www.barsch-alarm.de\/news\/wp-content\/uploads\/prostaff\/2016\/12\/gs-waller.jpg\" alt=\"gs-waller\" width=\"1200\" height=\"1600\" \/> <img loading=\"lazy\" class=\"aligncenter size-full wp-image-8559\" src=\"https:\/\/www.barsch-alarm.de\/news\/wp-content\/uploads\/prostaff\/2016\/12\/gs-barsch.jpg\" alt=\"gs-barsch\" width=\"1200\" height=\"900\" \/><\/p>\n<p>Abgefahren, oder? Habt ihr sowas schon mal erlebt?<\/p>\n<p>Bis bald!<\/p>\n<p>Johannes<\/p>\n","protected":false},"excerpt":{"rendered":"<p>Krasse \u00dcberschrift, was? Leider bringt mir der Ebro-Grand Slam weder Millionen aufs Konto noch Werbevertr\u00e4ge mit Schweizer Uhrenherstellern oder Champus-Produzenten. Daf\u00fcr habe ich aber viele Szenen eines abgefahrenen Angeltages im Kopf, an dem ich einen Karpfen, einen Wels, ein paar Zander, ein paar Barsche und einen Scharzbarsch gefangen habe. Alles auf Kunstk\u00f6der. Sowas kann einem &hellip; <\/p>\n<p class=\"link-more\"><a href=\"https:\/\/www.barsch-alarm.de\/news\/dietel-holt-den-grand-slam\/\" class=\"more-link\">Read more\u2026<\/a><\/p>\n","protected":false},"author":5,"featured_media":8561,"comment_status":"open","ping_status":"open","sticky":false,"template":"","format":"standard","meta":[],"categories":[3,1,2388],"tags":[2153,1153,263,831,155,2152],"featured_image_urls":{"full":"","thumbnail":"","medium":"","medium_large":"","large":"","1536x1536":"","2048x2048":"","thxpress-featured-image":"","400x250-crop":""},"post_excerpt_stackable":"<p>Krasse \u00dcberschrift, was? Leider bringt mir der Ebro-Grand Slam weder Millionen aufs Konto noch Werbevertr\u00e4ge mit Schweizer Uhrenherstellern oder Champus-Produzenten. Daf\u00fcr habe ich aber viele Szenen eines abgefahrenen Angeltages im Kopf, an dem ich einen Karpfen, einen Wels, ein paar Zander, ein paar Barsche und einen Scharzbarsch gefangen habe. Alles auf Kunstk\u00f6der. Sowas kann einem nur hier am Ebro passieren, wo die Karpfen voll auf Krebse eingeschossen sind. Einer der ersten Fische an diesem Tag war dann auch ein fetter Schuppenkarpfen, der direkt an einer Steilwand auf einen Rubberjig gebissen hat. https:\/\/www.barsch-alarm.de\/news\/wp-content\/uploads\/prostaff\/2016\/12\/karpfen-komprimiert.mp4 &nbsp; Dann kam ein kleiner Schwarzbarsch. Dann habe&hellip;<\/p>\n","category_list":"<a href=\"https:\/\/www.barsch-alarm.de\/news\/category\/barsch\/\" rel=\"category tag\">Barsch<\/a>, <a href=\"https:\/\/www.barsch-alarm.de\/news\/category\/news\/\" rel=\"category tag\">News<\/a>, <a href=\"https:\/\/www.barsch-alarm.de\/news\/category\/prostaff-shimano\/\" rel=\"category tag\">Prostaff-Shimano<\/a>","author_info":{"name":"dietel","url":"https:\/\/www.barsch-alarm.de\/news\/author\/dietel\/"},"comments_num":"4 Kommentare","featured_image_urls_v2":{"full":"","thumbnail":"","medium":"","medium_large":"","large":"","1536x1536":"","2048x2048":"","thxpress-featured-image":"","400x250-crop":""},"post_excerpt_stackable_v2":"<p>Krasse \u00dcberschrift, was? Leider bringt mir der Ebro-Grand Slam weder Millionen aufs Konto noch Werbevertr\u00e4ge mit Schweizer Uhrenherstellern oder Champus-Produzenten. Daf\u00fcr habe ich aber viele Szenen eines abgefahrenen Angeltages im Kopf, an dem ich einen Karpfen, einen Wels, ein paar Zander, ein paar Barsche und einen Scharzbarsch gefangen habe. Alles auf Kunstk\u00f6der. Sowas kann einem nur hier am Ebro passieren, wo die Karpfen voll auf Krebse eingeschossen sind. Einer der ersten Fische an diesem Tag war dann auch ein fetter Schuppenkarpfen, der direkt an einer Steilwand auf einen Rubberjig gebissen hat. https:\/\/www.barsch-alarm.de\/news\/wp-content\/uploads\/prostaff\/2016\/12\/karpfen-komprimiert.mp4 &nbsp; Dann kam ein kleiner Schwarzbarsch. Dann habe&hellip;<\/p>\n","category_list_v2":"<a href=\"https:\/\/www.barsch-alarm.de\/news\/category\/barsch\/\" rel=\"category tag\">Barsch<\/a>, <a href=\"https:\/\/www.barsch-alarm.de\/news\/category\/news\/\" rel=\"category tag\">News<\/a>, <a href=\"https:\/\/www.barsch-alarm.de\/news\/category\/prostaff-shimano\/\" rel=\"category tag\">Prostaff-Shimano<\/a>","author_info_v2":{"name":"dietel","url":"https:\/\/www.barsch-alarm.de\/news\/author\/dietel\/"},"comments_num_v2":"4 Kommentare","yoast_head":"<!-- This site is optimized with the Yoast SEO plugin v19.11 - https:\/\/yoast.com\/wordpress\/plugins\/seo\/ -->\n<title>Dietel holt den Grand Slam! | Barsch-Alarm<\/title>\n<meta name=\"robots\" content=\"index, follow, max-snippet:-1, max-image-preview:large, max-video-preview:-1\" \/>\n<link rel=\"canonical\" href=\"https:\/\/www.barsch-alarm.de\/news\/dietel-holt-den-grand-slam\/\" \/>\n<meta name=\"twitter:label1\" content=\"Verfasst von\" \/>\n\t<meta name=\"twitter:data1\" content=\"dietel\" \/>\n\t<meta name=\"twitter:label2\" content=\"Gesch\u00e4tzte Lesezeit\" \/>\n\t<meta name=\"twitter:data2\" content=\"1\u00a0Minute\" \/>\n<script type=\"application\/ld+json\" class=\"yoast-schema-graph\">{\"@context\":\"https:\/\/schema.org\",\"@graph\":[{\"@type\":\"Article\",\"@id\":\"https:\/\/www.barsch-alarm.de\/news\/dietel-holt-den-grand-slam\/#article\",\"isPartOf\":{\"@id\":\"https:\/\/www.barsch-alarm.de\/news\/dietel-holt-den-grand-slam\/\"},\"author\":{\"name\":\"dietel\",\"@id\":\"https:\/\/www.barsch-alarm.de\/news\/#\/schema\/person\/625ad6937f19daaa4355ae4dcce349f7\"},\"headline\":\"Dietel holt den Grand Slam!\",\"datePublished\":\"2016-12-05T09:18:13+00:00\",\"dateModified\":\"2020-04-04T22:15:36+00:00\",\"mainEntityOfPage\":{\"@id\":\"https:\/\/www.barsch-alarm.de\/news\/dietel-holt-den-grand-slam\/\"},\"wordCount\":147,\"commentCount\":4,\"publisher\":{\"@id\":\"https:\/\/www.barsch-alarm.de\/news\/#\/schema\/person\/625ad6937f19daaa4355ae4dcce349f7\"},\"keywords\":[\"Barsch\",\"Ebro\",\"Karpfen\",\"Schwarzbarsch\",\"Waller\",\"Zander\"],\"articleSection\":[\"Barsch\",\"News\",\"Prostaff-Shimano\"],\"inLanguage\":\"de\",\"potentialAction\":[{\"@type\":\"CommentAction\",\"name\":\"Comment\",\"target\":[\"https:\/\/www.barsch-alarm.de\/news\/dietel-holt-den-grand-slam\/#respond\"]}]},{\"@type\":\"WebPage\",\"@id\":\"https:\/\/www.barsch-alarm.de\/news\/dietel-holt-den-grand-slam\/\",\"url\":\"https:\/\/www.barsch-alarm.de\/news\/dietel-holt-den-grand-slam\/\",\"name\":\"Dietel holt den Grand Slam! | Barsch-Alarm\",\"isPartOf\":{\"@id\":\"https:\/\/www.barsch-alarm.de\/news\/#website\"},\"datePublished\":\"2016-12-05T09:18:13+00:00\",\"dateModified\":\"2020-04-04T22:15:36+00:00\",\"breadcrumb\":{\"@id\":\"https:\/\/www.barsch-alarm.de\/news\/dietel-holt-den-grand-slam\/#breadcrumb\"},\"inLanguage\":\"de\",\"potentialAction\":[{\"@type\":\"ReadAction\",\"target\":[\"https:\/\/www.barsch-alarm.de\/news\/dietel-holt-den-grand-slam\/\"]}]},{\"@type\":\"BreadcrumbList\",\"@id\":\"https:\/\/www.barsch-alarm.de\/news\/dietel-holt-den-grand-slam\/#breadcrumb\",\"itemListElement\":[{\"@type\":\"ListItem\",\"position\":1,\"name\":\"Startseite\",\"item\":\"https:\/\/www.barsch-alarm.de\/news\/\"},{\"@type\":\"ListItem\",\"position\":2,\"name\":\"Dietel holt den Grand Slam!\"}]},{\"@type\":\"WebSite\",\"@id\":\"https:\/\/www.barsch-alarm.de\/news\/#website\",\"url\":\"https:\/\/www.barsch-alarm.de\/news\/\",\"name\":\"Barsch-Alarm\",\"description\":\"das gr\u00f6\u00dfte Angelforum f\u00fcr Spinnangler\",\"publisher\":{\"@id\":\"https:\/\/www.barsch-alarm.de\/news\/#\/schema\/person\/625ad6937f19daaa4355ae4dcce349f7\"},\"potentialAction\":[{\"@type\":\"SearchAction\",\"target\":{\"@type\":\"EntryPoint\",\"urlTemplate\":\"https:\/\/www.barsch-alarm.de\/news\/?s={search_term_string}\"},\"query-input\":\"required name=search_term_string\"}],\"inLanguage\":\"de\"},{\"@type\":[\"Person\",\"Organization\"],\"@id\":\"https:\/\/www.barsch-alarm.de\/news\/#\/schema\/person\/625ad6937f19daaa4355ae4dcce349f7\",\"name\":\"dietel\",\"image\":{\"@type\":\"ImageObject\",\"inLanguage\":\"de\",\"@id\":\"https:\/\/www.barsch-alarm.de\/news\/#\/schema\/person\/image\/\",\"url\":\"https:\/\/secure.gravatar.com\/avatar\/365783e1f60d378ef793fb7c5bb3ef04?s=96&d=mm&r=g\",\"contentUrl\":\"https:\/\/secure.gravatar.com\/avatar\/365783e1f60d378ef793fb7c5bb3ef04?s=96&d=mm&r=g\",\"caption\":\"dietel\"},\"logo\":{\"@id\":\"https:\/\/www.barsch-alarm.de\/news\/#\/schema\/person\/image\/\"},\"sameAs\":[\"http:\/\/www.barsch-alarm.de\/member.php?5-dietel\"],\"url\":\"https:\/\/www.barsch-alarm.de\/news\/author\/dietel\/\"}]}<\/script>\n<!-- \/ Yoast SEO plugin. -->","yoast_head_json":{"title":"Dietel holt den Grand Slam! | Barsch-Alarm","robots":{"index":"index","follow":"follow","max-snippet":"max-snippet:-1","max-image-preview":"max-image-preview:large","max-video-preview":"max-video-preview:-1"},"canonical":"https:\/\/www.barsch-alarm.de\/news\/dietel-holt-den-grand-slam\/","twitter_misc":{"Verfasst von":"dietel","Gesch\u00e4tzte Lesezeit":"1\u00a0Minute"},"schema":{"@context":"https:\/\/schema.org","@graph":[{"@type":"Article","@id":"https:\/\/www.barsch-alarm.de\/news\/dietel-holt-den-grand-slam\/#article","isPartOf":{"@id":"https:\/\/www.barsch-alarm.de\/news\/dietel-holt-den-grand-slam\/"},"author":{"name":"dietel","@id":"https:\/\/www.barsch-alarm.de\/news\/#\/schema\/person\/625ad6937f19daaa4355ae4dcce349f7"},"headline":"Dietel holt den Grand Slam!","datePublished":"2016-12-05T09:18:13+00:00","dateModified":"2020-04-04T22:15:36+00:00","mainEntityOfPage":{"@id":"https:\/\/www.barsch-alarm.de\/news\/dietel-holt-den-grand-slam\/"},"wordCount":147,"commentCount":4,"publisher":{"@id":"https:\/\/www.barsch-alarm.de\/news\/#\/schema\/person\/625ad6937f19daaa4355ae4dcce349f7"},"keywords":["Barsch","Ebro","Karpfen","Schwarzbarsch","Waller","Zander"],"articleSection":["Barsch","News","Prostaff-Shimano"],"inLanguage":"de","potentialAction":[{"@type":"CommentAction","name":"Comment","target":["https:\/\/www.barsch-alarm.de\/news\/dietel-holt-den-grand-slam\/#respond"]}]},{"@type":"WebPage","@id":"https:\/\/www.barsch-alarm.de\/news\/dietel-holt-den-grand-slam\/","url":"https:\/\/www.barsch-alarm.de\/news\/dietel-holt-den-grand-slam\/","name":"Dietel holt den Grand Slam! | Barsch-Alarm","isPartOf":{"@id":"https:\/\/www.barsch-alarm.de\/news\/#website"},"datePublished":"2016-12-05T09:18:13+00:00","dateModified":"2020-04-04T22:15:36+00:00","breadcrumb":{"@id":"https:\/\/www.barsch-alarm.de\/news\/dietel-holt-den-grand-slam\/#breadcrumb"},"inLanguage":"de","potentialAction":[{"@type":"ReadAction","target":["https:\/\/www.barsch-alarm.de\/news\/dietel-holt-den-grand-slam\/"]}]},{"@type":"BreadcrumbList","@id":"https:\/\/www.barsch-alarm.de\/news\/dietel-holt-den-grand-slam\/#breadcrumb","itemListElement":[{"@type":"ListItem","position":1,"name":"Startseite","item":"https:\/\/www.barsch-alarm.de\/news\/"},{"@type":"ListItem","position":2,"name":"Dietel holt den Grand Slam!"}]},{"@type":"WebSite","@id":"https:\/\/www.barsch-alarm.de\/news\/#website","url":"https:\/\/www.barsch-alarm.de\/news\/","name":"Barsch-Alarm","description":"das gr\u00f6\u00dfte Angelforum f\u00fcr Spinnangler","publisher":{"@id":"https:\/\/www.barsch-alarm.de\/news\/#\/schema\/person\/625ad6937f19daaa4355ae4dcce349f7"},"potentialAction":[{"@type":"SearchAction","target":{"@type":"EntryPoint","urlTemplate":"https:\/\/www.barsch-alarm.de\/news\/?s={search_term_string}"},"query-input":"required name=search_term_string"}],"inLanguage":"de"},{"@type":["Person","Organization"],"@id":"https:\/\/www.barsch-alarm.de\/news\/#\/schema\/person\/625ad6937f19daaa4355ae4dcce349f7","name":"dietel","image":{"@type":"ImageObject","inLanguage":"de","@id":"https:\/\/www.barsch-alarm.de\/news\/#\/schema\/person\/image\/","url":"https:\/\/secure.gravatar.com\/avatar\/365783e1f60d378ef793fb7c5bb3ef04?s=96&d=mm&r=g","contentUrl":"https:\/\/secure.gravatar.com\/avatar\/365783e1f60d378ef793fb7c5bb3ef04?s=96&d=mm&r=g","caption":"dietel"},"logo":{"@id":"https:\/\/www.barsch-alarm.de\/news\/#\/schema\/person\/image\/"},"sameAs":["http:\/\/www.barsch-alarm.de\/member.php?5-dietel"],"url":"https:\/\/www.barsch-alarm.de\/news\/author\/dietel\/"}]}},"_links":{"self":[{"href":"https:\/\/www.barsch-alarm.de\/news\/wp-json\/wp\/v2\/posts\/22942"}],"collection":[{"href":"https:\/\/www.barsch-alarm.de\/news\/wp-json\/wp\/v2\/posts"}],"about":[{"href":"https:\/\/www.barsch-alarm.de\/news\/wp-json\/wp\/v2\/types\/post"}],"author":[{"embeddable":true,"href":"https:\/\/www.barsch-alarm.de\/news\/wp-json\/wp\/v2\/users\/5"}],"replies":[{"embeddable":true,"href":"https:\/\/www.barsch-alarm.de\/news\/wp-json\/wp\/v2\/comments?post=22942"}],"version-history":[{"count":1,"href":"https:\/\/www.barsch-alarm.de\/news\/wp-json\/wp\/v2\/posts\/22942\/revisions"}],"predecessor-version":[{"id":23777,"href":"https:\/\/www.barsch-alarm.de\/news\/wp-json\/wp\/v2\/posts\/22942\/revisions\/23777"}],"wp:featuredmedia":[{"embeddable":true,"href":"https:\/\/www.barsch-alarm.de\/news\/wp-json\/"}],"wp:attachment":[{"href":"https:\/\/www.barsch-alarm.de\/news\/wp-json\/wp\/v2\/media?parent=22942"}],"wp:term":[{"taxonomy":"category","embeddable":true,"href":"https:\/\/www.barsch-alarm.de\/news\/wp-json\/wp\/v2\/categories?post=22942"},{"taxonomy":"post_tag","embeddable":true,"href":"https:\/\/www.barsch-alarm.de\/news\/wp-json\/wp\/v2\/tags?post=22942"}],"curies":[{"name":"wp","href":"https:\/\/api.w.org\/{rel}","templated":true}]}}