{"id":22938,"date":"2016-10-26T07:24:34","date_gmt":"2016-10-26T05:24:34","guid":{"rendered":"https:\/\/www.barsch-alarm.de\/news\/?p=8289"},"modified":"2020-04-05T00:15:52","modified_gmt":"2020-04-04T22:15:52","slug":"x-rappen-auf-der-spree","status":"publish","type":"post","link":"https:\/\/www.barsch-alarm.de\/news\/x-rappen-auf-der-spree\/","title":{"rendered":"X-Rappen auf der Spree"},"content":{"rendered":"<p>Ich hatte es ja angek\u00fcndigt: Mit dem unfreundlichen Wetter beginnt die Intensivzeit. Ich liebe es. Heute hier. Morgen da. Und fast \u00fcberall bei\u00dft es. Am h\u00e4ufigsten bin ich aber auf der Spree. Kurze Anfahrt. Willige Barsche. Reale Angelbedingungen. Mal f\u00e4ngt man nen\u00a0 Gro\u00dfen,&#8230;<\/p>\n<figure id=\"attachment_8291\" aria-describedby=\"caption-attachment-8291\" style=\"width: 800px\" class=\"wp-caption aligncenter\"><img loading=\"lazy\" class=\"size-full wp-image-8291\" src=\"https:\/\/www.barsch-alarm.de\/news\/wp-content\/uploads\/prostaff\/2016\/10\/x-rap-moppel.jpg\" alt=\"&quot;Gro\u00df&quot; ist immer relativ zum Gew\u00e4sser.\" width=\"800\" height=\"1075\" \/><figcaption id=\"caption-attachment-8291\" class=\"wp-caption-text\">&#8222;Gro\u00df&#8220; ist immer relativ zum Gew\u00e4sser.<\/figcaption><\/figure>\n<p>&#8230;und viel \u00f6fter die Kleinen.<\/p>\n<figure id=\"attachment_8290\" aria-describedby=\"caption-attachment-8290\" style=\"width: 800px\" class=\"wp-caption aligncenter\"><img loading=\"lazy\" class=\"size-full wp-image-8290\" src=\"https:\/\/www.barsch-alarm.de\/news\/wp-content\/uploads\/prostaff\/2016\/10\/minibarsch.jpg\" alt=\"&quot;Klein&quot; bleibt klein - gew\u00e4sserunabh\u00e4ngig.\" width=\"800\" height=\"1108\" \/><figcaption id=\"caption-attachment-8290\" class=\"wp-caption-text\">&#8222;Klein&#8220; bleibt klein &#8211; gew\u00e4sserunabh\u00e4ngig.<\/figcaption><\/figure>\n<p>Ist aber ja auch egal. Man muss nehmen, was da ist. Und wenn man sich drauf einstellt, machen auch die kleinen Barsche Spa\u00df. Angeln ist ja auch mehr als Fische fangen. Ich habe Spa\u00df am Werfen, bin voll dabei beim Twitchen, tauche in den Wobbler und sehe die angreifenden Barsch-Horden durch dessen Augen.<\/p>\n<p>Mitarbeiter des Monats ist der X Rap in 8 cm. Durch die Farbcodes muss man sich durchprobieren. Manchmal fressen sie Barsche, manchmal Stinte, manchmal Lauben.<\/p>\n<figure id=\"attachment_8294\" aria-describedby=\"caption-attachment-8294\" style=\"width: 800px\" class=\"wp-caption aligncenter\"><img loading=\"lazy\" class=\"wp-image-8294 size-full\" src=\"https:\/\/www.barsch-alarm.de\/news\/wp-content\/uploads\/prostaff\/2016\/10\/x-rap-S.jpg\" alt=\"x-rap-s\" width=\"800\" height=\"263\" \/><figcaption id=\"caption-attachment-8294\" class=\"wp-caption-text\">Der X Rap in der Farbe S. Klasse. \u00dcbrigens zwicke ich die Widerhaken an &#8211; wenn ich den Enddrilling nicht durch einen Einzelhaken austausche. Aber so ein Federdrilling ist halt schon eine Waffe&#8230;<\/figcaption><\/figure>\n<p>Und wer flei\u00dfig angelt, bekommt auch immer mal ne \u00dcberraschung ans Band. Gestern wars ein Rapfen.<\/p>\n<p><img loading=\"lazy\" class=\"aligncenter size-full wp-image-8293\" src=\"https:\/\/www.barsch-alarm.de\/news\/wp-content\/uploads\/prostaff\/2016\/10\/x-rap-rapfen-fight.jpg\" alt=\"x-rap-rapfen-fight\" width=\"1200\" height=\"872\" \/><\/p>\n<p>Der hat den K\u00f6der zwar nicht voll erwischt, aber trotzdem war&#8217;s ein krasser Biss.<\/p>\n<p><img loading=\"lazy\" class=\"aligncenter size-full wp-image-8292\" src=\"https:\/\/www.barsch-alarm.de\/news\/wp-content\/uploads\/prostaff\/2016\/10\/x-rap-rapfen.jpg\" alt=\"x-rap-rapfen\" width=\"1200\" height=\"910\" \/><\/p>\n<p>Heute kein Barsch. Keine Spree. Aber aufs Wasser geht&#8217;s nat\u00fcrlich trotzdem! Ich hab schon echt nen fiesen Job abgegriffen :-D<\/p>\n<p>Man liest sich!<\/p>\n<p>Johannes<\/p>\n","protected":false},"excerpt":{"rendered":"<p>Ich hatte es ja angek\u00fcndigt: Mit dem unfreundlichen Wetter beginnt die Intensivzeit. Ich liebe es. Heute hier. Morgen da. Und fast \u00fcberall bei\u00dft es. Am h\u00e4ufigsten bin ich aber auf der Spree. Kurze Anfahrt. Willige Barsche. Reale Angelbedingungen. Mal f\u00e4ngt man nen\u00a0 Gro\u00dfen,&#8230; &#8230;und viel \u00f6fter die Kleinen. Ist aber ja auch egal. Man muss &hellip; <\/p>\n<p class=\"link-more\"><a href=\"https:\/\/www.barsch-alarm.de\/news\/x-rappen-auf-der-spree\/\" class=\"more-link\">Read more\u2026<\/a><\/p>\n","protected":false},"author":5,"featured_media":8292,"comment_status":"open","ping_status":"open","sticky":false,"template":"","format":"standard","meta":[],"categories":[2396,2388],"tags":[2153,356,45,465],"featured_image_urls":{"full":"","thumbnail":"","medium":"","medium_large":"","large":"","1536x1536":"","2048x2048":"","thxpress-featured-image":"","400x250-crop":""},"post_excerpt_stackable":"<p>Ich hatte es ja angek\u00fcndigt: Mit dem unfreundlichen Wetter beginnt die Intensivzeit. Ich liebe es. Heute hier. Morgen da. Und fast \u00fcberall bei\u00dft es. Am h\u00e4ufigsten bin ich aber auf der Spree. Kurze Anfahrt. Willige Barsche. Reale Angelbedingungen. Mal f\u00e4ngt man nen\u00a0 Gro\u00dfen,&#8230; &#8222;Gro\u00df&#8220; ist immer relativ zum Gew\u00e4sser. &#8230;und viel \u00f6fter die Kleinen. &#8222;Klein&#8220; bleibt klein &#8211; gew\u00e4sserunabh\u00e4ngig. Ist aber ja auch egal. Man muss nehmen, was da ist. Und wenn man sich drauf einstellt, machen auch die kleinen Barsche Spa\u00df. Angeln ist ja auch mehr als Fische fangen. Ich habe Spa\u00df am Werfen, bin voll dabei beim Twitchen,&hellip;<\/p>\n","category_list":"<a href=\"https:\/\/www.barsch-alarm.de\/news\/category\/koeder\/\" rel=\"category tag\">K\u00f6der<\/a>, <a href=\"https:\/\/www.barsch-alarm.de\/news\/category\/prostaff-shimano\/\" rel=\"category tag\">Prostaff-Shimano<\/a>","author_info":{"name":"dietel","url":"https:\/\/www.barsch-alarm.de\/news\/author\/dietel\/"},"comments_num":"0 Kommentare","featured_image_urls_v2":{"full":"","thumbnail":"","medium":"","medium_large":"","large":"","1536x1536":"","2048x2048":"","thxpress-featured-image":"","400x250-crop":""},"post_excerpt_stackable_v2":"<p>Ich hatte es ja angek\u00fcndigt: Mit dem unfreundlichen Wetter beginnt die Intensivzeit. Ich liebe es. Heute hier. Morgen da. Und fast \u00fcberall bei\u00dft es. Am h\u00e4ufigsten bin ich aber auf der Spree. Kurze Anfahrt. Willige Barsche. Reale Angelbedingungen. Mal f\u00e4ngt man nen\u00a0 Gro\u00dfen,&#8230; &#8222;Gro\u00df&#8220; ist immer relativ zum Gew\u00e4sser. &#8230;und viel \u00f6fter die Kleinen. &#8222;Klein&#8220; bleibt klein &#8211; gew\u00e4sserunabh\u00e4ngig. Ist aber ja auch egal. Man muss nehmen, was da ist. Und wenn man sich drauf einstellt, machen auch die kleinen Barsche Spa\u00df. Angeln ist ja auch mehr als Fische fangen. Ich habe Spa\u00df am Werfen, bin voll dabei beim Twitchen,&hellip;<\/p>\n","category_list_v2":"<a href=\"https:\/\/www.barsch-alarm.de\/news\/category\/koeder\/\" rel=\"category tag\">K\u00f6der<\/a>, <a href=\"https:\/\/www.barsch-alarm.de\/news\/category\/prostaff-shimano\/\" rel=\"category tag\">Prostaff-Shimano<\/a>","author_info_v2":{"name":"dietel","url":"https:\/\/www.barsch-alarm.de\/news\/author\/dietel\/"},"comments_num_v2":"0 Kommentare","yoast_head":"<!-- This site is optimized with the Yoast SEO plugin v19.11 - https:\/\/yoast.com\/wordpress\/plugins\/seo\/ -->\n<title>X-Rappen auf der Spree | Barsch-Alarm<\/title>\n<meta name=\"robots\" content=\"index, follow, max-snippet:-1, max-image-preview:large, max-video-preview:-1\" \/>\n<link rel=\"canonical\" href=\"https:\/\/www.barsch-alarm.de\/news\/x-rappen-auf-der-spree\/\" \/>\n<meta name=\"twitter:label1\" content=\"Verfasst von\" \/>\n\t<meta name=\"twitter:data1\" content=\"dietel\" \/>\n\t<meta name=\"twitter:label2\" content=\"Gesch\u00e4tzte Lesezeit\" \/>\n\t<meta name=\"twitter:data2\" content=\"1\u00a0Minute\" \/>\n<script type=\"application\/ld+json\" class=\"yoast-schema-graph\">{\"@context\":\"https:\/\/schema.org\",\"@graph\":[{\"@type\":\"Article\",\"@id\":\"https:\/\/www.barsch-alarm.de\/news\/x-rappen-auf-der-spree\/#article\",\"isPartOf\":{\"@id\":\"https:\/\/www.barsch-alarm.de\/news\/x-rappen-auf-der-spree\/\"},\"author\":{\"name\":\"dietel\",\"@id\":\"https:\/\/www.barsch-alarm.de\/news\/#\/schema\/person\/625ad6937f19daaa4355ae4dcce349f7\"},\"headline\":\"X-Rappen auf der Spree\",\"datePublished\":\"2016-10-26T05:24:34+00:00\",\"dateModified\":\"2020-04-04T22:15:52+00:00\",\"mainEntityOfPage\":{\"@id\":\"https:\/\/www.barsch-alarm.de\/news\/x-rappen-auf-der-spree\/\"},\"wordCount\":259,\"commentCount\":0,\"publisher\":{\"@id\":\"https:\/\/www.barsch-alarm.de\/news\/#\/schema\/person\/625ad6937f19daaa4355ae4dcce349f7\"},\"keywords\":[\"Barsch\",\"Rapfen\",\"Spree\",\"X-Rap\"],\"articleSection\":[\"K\u00f6der\",\"Prostaff-Shimano\"],\"inLanguage\":\"de\",\"potentialAction\":[{\"@type\":\"CommentAction\",\"name\":\"Comment\",\"target\":[\"https:\/\/www.barsch-alarm.de\/news\/x-rappen-auf-der-spree\/#respond\"]}]},{\"@type\":\"WebPage\",\"@id\":\"https:\/\/www.barsch-alarm.de\/news\/x-rappen-auf-der-spree\/\",\"url\":\"https:\/\/www.barsch-alarm.de\/news\/x-rappen-auf-der-spree\/\",\"name\":\"X-Rappen auf der Spree | Barsch-Alarm\",\"isPartOf\":{\"@id\":\"https:\/\/www.barsch-alarm.de\/news\/#website\"},\"datePublished\":\"2016-10-26T05:24:34+00:00\",\"dateModified\":\"2020-04-04T22:15:52+00:00\",\"breadcrumb\":{\"@id\":\"https:\/\/www.barsch-alarm.de\/news\/x-rappen-auf-der-spree\/#breadcrumb\"},\"inLanguage\":\"de\",\"potentialAction\":[{\"@type\":\"ReadAction\",\"target\":[\"https:\/\/www.barsch-alarm.de\/news\/x-rappen-auf-der-spree\/\"]}]},{\"@type\":\"BreadcrumbList\",\"@id\":\"https:\/\/www.barsch-alarm.de\/news\/x-rappen-auf-der-spree\/#breadcrumb\",\"itemListElement\":[{\"@type\":\"ListItem\",\"position\":1,\"name\":\"Startseite\",\"item\":\"https:\/\/www.barsch-alarm.de\/news\/\"},{\"@type\":\"ListItem\",\"position\":2,\"name\":\"X-Rappen auf der Spree\"}]},{\"@type\":\"WebSite\",\"@id\":\"https:\/\/www.barsch-alarm.de\/news\/#website\",\"url\":\"https:\/\/www.barsch-alarm.de\/news\/\",\"name\":\"Barsch-Alarm\",\"description\":\"das gr\u00f6\u00dfte Angelforum f\u00fcr Spinnangler\",\"publisher\":{\"@id\":\"https:\/\/www.barsch-alarm.de\/news\/#\/schema\/person\/625ad6937f19daaa4355ae4dcce349f7\"},\"potentialAction\":[{\"@type\":\"SearchAction\",\"target\":{\"@type\":\"EntryPoint\",\"urlTemplate\":\"https:\/\/www.barsch-alarm.de\/news\/?s={search_term_string}\"},\"query-input\":\"required name=search_term_string\"}],\"inLanguage\":\"de\"},{\"@type\":[\"Person\",\"Organization\"],\"@id\":\"https:\/\/www.barsch-alarm.de\/news\/#\/schema\/person\/625ad6937f19daaa4355ae4dcce349f7\",\"name\":\"dietel\",\"image\":{\"@type\":\"ImageObject\",\"inLanguage\":\"de\",\"@id\":\"https:\/\/www.barsch-alarm.de\/news\/#\/schema\/person\/image\/\",\"url\":\"https:\/\/secure.gravatar.com\/avatar\/365783e1f60d378ef793fb7c5bb3ef04?s=96&d=mm&r=g\",\"contentUrl\":\"https:\/\/secure.gravatar.com\/avatar\/365783e1f60d378ef793fb7c5bb3ef04?s=96&d=mm&r=g\",\"caption\":\"dietel\"},\"logo\":{\"@id\":\"https:\/\/www.barsch-alarm.de\/news\/#\/schema\/person\/image\/\"},\"sameAs\":[\"http:\/\/www.barsch-alarm.de\/member.php?5-dietel\"],\"url\":\"https:\/\/www.barsch-alarm.de\/news\/author\/dietel\/\"}]}<\/script>\n<!-- \/ Yoast SEO plugin. -->","yoast_head_json":{"title":"X-Rappen auf der Spree | Barsch-Alarm","robots":{"index":"index","follow":"follow","max-snippet":"max-snippet:-1","max-image-preview":"max-image-preview:large","max-video-preview":"max-video-preview:-1"},"canonical":"https:\/\/www.barsch-alarm.de\/news\/x-rappen-auf-der-spree\/","twitter_misc":{"Verfasst von":"dietel","Gesch\u00e4tzte Lesezeit":"1\u00a0Minute"},"schema":{"@context":"https:\/\/schema.org","@graph":[{"@type":"Article","@id":"https:\/\/www.barsch-alarm.de\/news\/x-rappen-auf-der-spree\/#article","isPartOf":{"@id":"https:\/\/www.barsch-alarm.de\/news\/x-rappen-auf-der-spree\/"},"author":{"name":"dietel","@id":"https:\/\/www.barsch-alarm.de\/news\/#\/schema\/person\/625ad6937f19daaa4355ae4dcce349f7"},"headline":"X-Rappen auf der Spree","datePublished":"2016-10-26T05:24:34+00:00","dateModified":"2020-04-04T22:15:52+00:00","mainEntityOfPage":{"@id":"https:\/\/www.barsch-alarm.de\/news\/x-rappen-auf-der-spree\/"},"wordCount":259,"commentCount":0,"publisher":{"@id":"https:\/\/www.barsch-alarm.de\/news\/#\/schema\/person\/625ad6937f19daaa4355ae4dcce349f7"},"keywords":["Barsch","Rapfen","Spree","X-Rap"],"articleSection":["K\u00f6der","Prostaff-Shimano"],"inLanguage":"de","potentialAction":[{"@type":"CommentAction","name":"Comment","target":["https:\/\/www.barsch-alarm.de\/news\/x-rappen-auf-der-spree\/#respond"]}]},{"@type":"WebPage","@id":"https:\/\/www.barsch-alarm.de\/news\/x-rappen-auf-der-spree\/","url":"https:\/\/www.barsch-alarm.de\/news\/x-rappen-auf-der-spree\/","name":"X-Rappen auf der Spree | Barsch-Alarm","isPartOf":{"@id":"https:\/\/www.barsch-alarm.de\/news\/#website"},"datePublished":"2016-10-26T05:24:34+00:00","dateModified":"2020-04-04T22:15:52+00:00","breadcrumb":{"@id":"https:\/\/www.barsch-alarm.de\/news\/x-rappen-auf-der-spree\/#breadcrumb"},"inLanguage":"de","potentialAction":[{"@type":"ReadAction","target":["https:\/\/www.barsch-alarm.de\/news\/x-rappen-auf-der-spree\/"]}]},{"@type":"BreadcrumbList","@id":"https:\/\/www.barsch-alarm.de\/news\/x-rappen-auf-der-spree\/#breadcrumb","itemListElement":[{"@type":"ListItem","position":1,"name":"Startseite","item":"https:\/\/www.barsch-alarm.de\/news\/"},{"@type":"ListItem","position":2,"name":"X-Rappen auf der Spree"}]},{"@type":"WebSite","@id":"https:\/\/www.barsch-alarm.de\/news\/#website","url":"https:\/\/www.barsch-alarm.de\/news\/","name":"Barsch-Alarm","description":"das gr\u00f6\u00dfte Angelforum f\u00fcr Spinnangler","publisher":{"@id":"https:\/\/www.barsch-alarm.de\/news\/#\/schema\/person\/625ad6937f19daaa4355ae4dcce349f7"},"potentialAction":[{"@type":"SearchAction","target":{"@type":"EntryPoint","urlTemplate":"https:\/\/www.barsch-alarm.de\/news\/?s={search_term_string}"},"query-input":"required name=search_term_string"}],"inLanguage":"de"},{"@type":["Person","Organization"],"@id":"https:\/\/www.barsch-alarm.de\/news\/#\/schema\/person\/625ad6937f19daaa4355ae4dcce349f7","name":"dietel","image":{"@type":"ImageObject","inLanguage":"de","@id":"https:\/\/www.barsch-alarm.de\/news\/#\/schema\/person\/image\/","url":"https:\/\/secure.gravatar.com\/avatar\/365783e1f60d378ef793fb7c5bb3ef04?s=96&d=mm&r=g","contentUrl":"https:\/\/secure.gravatar.com\/avatar\/365783e1f60d378ef793fb7c5bb3ef04?s=96&d=mm&r=g","caption":"dietel"},"logo":{"@id":"https:\/\/www.barsch-alarm.de\/news\/#\/schema\/person\/image\/"},"sameAs":["http:\/\/www.barsch-alarm.de\/member.php?5-dietel"],"url":"https:\/\/www.barsch-alarm.de\/news\/author\/dietel\/"}]}},"_links":{"self":[{"href":"https:\/\/www.barsch-alarm.de\/news\/wp-json\/wp\/v2\/posts\/22938"}],"collection":[{"href":"https:\/\/www.barsch-alarm.de\/news\/wp-json\/wp\/v2\/posts"}],"about":[{"href":"https:\/\/www.barsch-alarm.de\/news\/wp-json\/wp\/v2\/types\/post"}],"author":[{"embeddable":true,"href":"https:\/\/www.barsch-alarm.de\/news\/wp-json\/wp\/v2\/users\/5"}],"replies":[{"embeddable":true,"href":"https:\/\/www.barsch-alarm.de\/news\/wp-json\/wp\/v2\/comments?post=22938"}],"version-history":[{"count":1,"href":"https:\/\/www.barsch-alarm.de\/news\/wp-json\/wp\/v2\/posts\/22938\/revisions"}],"predecessor-version":[{"id":23796,"href":"https:\/\/www.barsch-alarm.de\/news\/wp-json\/wp\/v2\/posts\/22938\/revisions\/23796"}],"wp:featuredmedia":[{"embeddable":true,"href":"https:\/\/www.barsch-alarm.de\/news\/wp-json\/"}],"wp:attachment":[{"href":"https:\/\/www.barsch-alarm.de\/news\/wp-json\/wp\/v2\/media?parent=22938"}],"wp:term":[{"taxonomy":"category","embeddable":true,"href":"https:\/\/www.barsch-alarm.de\/news\/wp-json\/wp\/v2\/categories?post=22938"},{"taxonomy":"post_tag","embeddable":true,"href":"https:\/\/www.barsch-alarm.de\/news\/wp-json\/wp\/v2\/tags?post=22938"}],"curies":[{"name":"wp","href":"https:\/\/api.w.org\/{rel}","templated":true}]}}