{"id":22706,"date":"2014-01-12T15:18:41","date_gmt":"2014-01-12T13:18:41","guid":{"rendered":"https:\/\/www.barsch-alarm.de\/news\/?p=56"},"modified":"2020-04-05T00:16:40","modified_gmt":"2020-04-04T22:16:40","slug":"barsch-alarm-relaunch-tour-galerie","status":"publish","type":"post","link":"https:\/\/www.barsch-alarm.de\/news\/barsch-alarm-relaunch-tour-galerie\/","title":{"rendered":"Barsch-Alarm-Relaunch-Tour-Foto-Parade"},"content":{"rendered":"<p>Zusammen mit Veit und Jochen war ich im Oktober mal f\u00fcr ein paar Tage auf dem Peenestrom unterwegs, um den Barsch-Alarm-Relaunch mit einer z\u00fcnftigen Barsch-Tour abzufeiern. Ich bin einen Tag l\u00e4nger geblieben als meine Kollegen. Das hat sich gelohnt. Die dicken Barsche habe ich alle am Montag gefangen &#8211; als Jochen &amp; Veit schon wieder auf Arbeit waren&#8230;<\/p>\n<p>&nbsp;<\/p>\n<p><a href=\"https:\/\/www.barsch-alarm.de\/news\/wp-content\/uploads\/prostaff\/2014\/01\/abend_ruhig.jpg\"><img loading=\"lazy\" class=\"alignnone size-medium wp-image-57\" alt=\"abend_ruhig\" src=\"https:\/\/www.barsch-alarm.de\/news\/wp-content\/uploads\/prostaff\/2014\/01\/abend_ruhig-300x225.jpg\" width=\"300\" height=\"225\" \/><\/a> <a href=\"https:\/\/www.barsch-alarm.de\/news\/wp-content\/uploads\/prostaff\/2014\/01\/arschwackybarsch.jpg\"><img loading=\"lazy\" class=\"alignnone size-medium wp-image-58\" alt=\"arschwackybarsch\" src=\"https:\/\/www.barsch-alarm.de\/news\/wp-content\/uploads\/prostaff\/2014\/01\/arschwackybarsch-300x225.jpg\" width=\"300\" height=\"225\" \/><\/a> <a href=\"https:\/\/www.barsch-alarm.de\/news\/wp-content\/uploads\/prostaff\/2014\/01\/barsch_swim.jpg\"><img loading=\"lazy\" class=\"alignnone size-medium wp-image-59\" alt=\"barsch_swim\" src=\"https:\/\/www.barsch-alarm.de\/news\/wp-content\/uploads\/prostaff\/2014\/01\/barsch_swim-300x225.jpg\" width=\"300\" height=\"225\" \/><\/a> <a href=\"https:\/\/www.barsch-alarm.de\/news\/wp-content\/uploads\/prostaff\/2014\/01\/daemmer_jochen.jpg\"><img loading=\"lazy\" class=\"alignnone size-medium wp-image-60\" alt=\"daemmer_jochen\" src=\"https:\/\/www.barsch-alarm.de\/news\/wp-content\/uploads\/prostaff\/2014\/01\/daemmer_jochen-300x225.jpg\" width=\"300\" height=\"225\" \/><\/a> <a href=\"https:\/\/www.barsch-alarm.de\/news\/wp-content\/uploads\/prostaff\/2014\/01\/dickbarsch.jpg\"><img loading=\"lazy\" class=\"alignnone size-medium wp-image-61\" alt=\"dickbarsch\" src=\"https:\/\/www.barsch-alarm.de\/news\/wp-content\/uploads\/prostaff\/2014\/01\/dickbarsch-300x225.jpg\" width=\"300\" height=\"225\" \/><\/a> <a href=\"https:\/\/www.barsch-alarm.de\/news\/wp-content\/uploads\/prostaff\/2014\/01\/dickbarschklemme.jpg\"><img loading=\"lazy\" class=\"alignnone size-medium wp-image-62\" alt=\"dickbarschklemme\" src=\"https:\/\/www.barsch-alarm.de\/news\/wp-content\/uploads\/prostaff\/2014\/01\/dickbarschklemme-300x225.jpg\" width=\"300\" height=\"225\" \/><\/a> <a href=\"https:\/\/www.barsch-alarm.de\/news\/wp-content\/uploads\/prostaff\/2014\/01\/hannesbarsch1.jpg\"><img loading=\"lazy\" class=\"alignnone size-medium wp-image-63\" alt=\"hannesbarsch1\" src=\"https:\/\/www.barsch-alarm.de\/news\/wp-content\/uploads\/prostaff\/2014\/01\/hannesbarsch1-225x300.jpg\" width=\"225\" height=\"300\" \/><\/a> <a href=\"https:\/\/www.barsch-alarm.de\/news\/wp-content\/uploads\/prostaff\/2014\/01\/hannesbarsch2.jpg\"><img loading=\"lazy\" class=\"alignnone size-medium wp-image-64\" alt=\"hannesbarsch2\" src=\"https:\/\/www.barsch-alarm.de\/news\/wp-content\/uploads\/prostaff\/2014\/01\/hannesbarsch2-300x225.jpg\" width=\"300\" height=\"225\" \/><\/a> <a href=\"https:\/\/www.barsch-alarm.de\/news\/wp-content\/uploads\/prostaff\/2014\/01\/hannesbarsch3.jpg\"><img loading=\"lazy\" class=\"alignnone size-medium wp-image-65\" alt=\"hannesbarsch3\" src=\"https:\/\/www.barsch-alarm.de\/news\/wp-content\/uploads\/prostaff\/2014\/01\/hannesbarsch3-225x300.jpg\" width=\"225\" height=\"300\" \/><\/a> <a href=\"https:\/\/www.barsch-alarm.de\/news\/wp-content\/uploads\/prostaff\/2014\/01\/hannesbarsch4.jpg\"><img loading=\"lazy\" class=\"alignnone size-medium wp-image-66\" alt=\"hannesbarsch4\" src=\"https:\/\/www.barsch-alarm.de\/news\/wp-content\/uploads\/prostaff\/2014\/01\/hannesbarsch4-300x225.jpg\" width=\"300\" height=\"225\" \/><\/a> <a href=\"https:\/\/www.barsch-alarm.de\/news\/wp-content\/uploads\/prostaff\/2014\/01\/hannesbarsch5.jpg\"><img loading=\"lazy\" class=\"alignnone size-medium wp-image-67\" alt=\"hannesbarsch5\" src=\"https:\/\/www.barsch-alarm.de\/news\/wp-content\/uploads\/prostaff\/2014\/01\/hannesbarsch5-225x300.jpg\" width=\"225\" height=\"300\" \/><\/a> <a href=\"https:\/\/www.barsch-alarm.de\/news\/wp-content\/uploads\/prostaff\/2014\/01\/hannesbarsch6.jpg\"><img loading=\"lazy\" class=\"alignnone size-medium wp-image-68\" alt=\"hannesbarsch6\" src=\"https:\/\/www.barsch-alarm.de\/news\/wp-content\/uploads\/prostaff\/2014\/01\/hannesbarsch6-225x300.jpg\" width=\"225\" height=\"300\" \/><\/a> <a href=\"https:\/\/www.barsch-alarm.de\/news\/wp-content\/uploads\/prostaff\/2014\/01\/hannesbarsch7.jpg\"><img loading=\"lazy\" class=\"alignnone size-medium wp-image-69\" alt=\"hannesbarsch7\" src=\"https:\/\/www.barsch-alarm.de\/news\/wp-content\/uploads\/prostaff\/2014\/01\/hannesbarsch7-300x225.jpg\" width=\"300\" height=\"225\" \/><\/a> <a href=\"https:\/\/www.barsch-alarm.de\/news\/wp-content\/uploads\/prostaff\/2014\/01\/hannespunker.jpg\"><img loading=\"lazy\" class=\"alignnone size-medium wp-image-70\" alt=\"hannespunker\" src=\"https:\/\/www.barsch-alarm.de\/news\/wp-content\/uploads\/prostaff\/2014\/01\/hannespunker-225x300.jpg\" width=\"225\" height=\"300\" \/><\/a> <a href=\"https:\/\/www.barsch-alarm.de\/news\/wp-content\/uploads\/prostaff\/2014\/01\/jochen_daemmer_barsch.jpg\"><img loading=\"lazy\" class=\"alignnone size-medium wp-image-71\" alt=\"jochen_daemmer_barsch\" src=\"https:\/\/www.barsch-alarm.de\/news\/wp-content\/uploads\/prostaff\/2014\/01\/jochen_daemmer_barsch-300x225.jpg\" width=\"300\" height=\"225\" \/><\/a> <a href=\"https:\/\/www.barsch-alarm.de\/news\/wp-content\/uploads\/prostaff\/2014\/01\/koeder_im_wind.jpg\"><img loading=\"lazy\" class=\"alignnone size-medium wp-image-72\" alt=\"koeder_im_wind\" src=\"https:\/\/www.barsch-alarm.de\/news\/wp-content\/uploads\/prostaff\/2014\/01\/koeder_im_wind-300x214.jpg\" width=\"300\" height=\"214\" \/><\/a> <a href=\"https:\/\/www.barsch-alarm.de\/news\/wp-content\/uploads\/prostaff\/2014\/01\/montagmorgenstimung.jpg\"><img loading=\"lazy\" class=\"alignnone size-medium wp-image-73\" alt=\"montagmorgenstimung\" src=\"https:\/\/www.barsch-alarm.de\/news\/wp-content\/uploads\/prostaff\/2014\/01\/montagmorgenstimung-300x225.jpg\" width=\"300\" height=\"225\" \/><\/a> <a href=\"https:\/\/www.barsch-alarm.de\/news\/wp-content\/uploads\/prostaff\/2014\/01\/schoenwetterbarsch.jpg\"><img loading=\"lazy\" class=\"alignnone size-medium wp-image-74\" alt=\"schoenwetterbarsch\" src=\"https:\/\/www.barsch-alarm.de\/news\/wp-content\/uploads\/prostaff\/2014\/01\/schoenwetterbarsch-300x225.jpg\" width=\"300\" height=\"225\" \/><\/a> <a href=\"https:\/\/www.barsch-alarm.de\/news\/wp-content\/uploads\/prostaff\/2014\/01\/smiling_veit.jpg\"><img loading=\"lazy\" class=\"alignnone size-medium wp-image-75\" alt=\"smiling_veit\" src=\"https:\/\/www.barsch-alarm.de\/news\/wp-content\/uploads\/prostaff\/2014\/01\/smiling_veit-300x225.jpg\" width=\"300\" height=\"225\" \/><\/a> <a href=\"https:\/\/www.barsch-alarm.de\/news\/wp-content\/uploads\/prostaff\/2014\/01\/stradic_blue.jpg\"><img loading=\"lazy\" class=\"alignnone size-medium wp-image-76\" alt=\"stradic_blue\" src=\"https:\/\/www.barsch-alarm.de\/news\/wp-content\/uploads\/prostaff\/2014\/01\/stradic_blue-300x225.jpg\" width=\"300\" height=\"225\" \/><\/a><\/p>\n","protected":false},"excerpt":{"rendered":"<p>Zusammen mit Veit und Jochen war ich im Oktober mal f\u00fcr ein paar Tage auf dem Peenestrom unterwegs, um den Barsch-Alarm-Relaunch mit einer z\u00fcnftigen Barsch-Tour abzufeiern. Ich bin einen Tag l\u00e4nger geblieben als meine Kollegen. Das hat sich gelohnt. Die dicken Barsche habe ich alle am Montag gefangen &#8211; als Jochen &amp; Veit schon wieder &hellip; <\/p>\n<p class=\"link-more\"><a href=\"https:\/\/www.barsch-alarm.de\/news\/barsch-alarm-relaunch-tour-galerie\/\" class=\"more-link\">Read more\u2026<\/a><\/p>\n","protected":false},"author":5,"featured_media":0,"comment_status":"open","ping_status":"open","sticky":false,"template":"","format":"gallery","meta":[],"categories":[3,2388],"tags":[],"featured_image_urls":{"full":"","thumbnail":"","medium":"","medium_large":"","large":"","1536x1536":"","2048x2048":"","thxpress-featured-image":"","400x250-crop":""},"post_excerpt_stackable":"<p>Zusammen mit Veit und Jochen war ich im Oktober mal f\u00fcr ein paar Tage auf dem Peenestrom unterwegs, um den Barsch-Alarm-Relaunch mit einer z\u00fcnftigen Barsch-Tour abzufeiern. Ich bin einen Tag l\u00e4nger geblieben als meine Kollegen. Das hat sich gelohnt. Die dicken Barsche habe ich alle am Montag gefangen &#8211; als Jochen &amp; Veit schon wieder auf Arbeit waren&#8230; &nbsp;<\/p>\n","category_list":"<a href=\"https:\/\/www.barsch-alarm.de\/news\/category\/barsch\/\" rel=\"category tag\">Barsch<\/a>, <a href=\"https:\/\/www.barsch-alarm.de\/news\/category\/prostaff-shimano\/\" rel=\"category tag\">Prostaff-Shimano<\/a>","author_info":{"name":"dietel","url":"https:\/\/www.barsch-alarm.de\/news\/author\/dietel\/"},"comments_num":"0 Kommentare","featured_image_urls_v2":{"full":"","thumbnail":"","medium":"","medium_large":"","large":"","1536x1536":"","2048x2048":"","thxpress-featured-image":"","400x250-crop":""},"post_excerpt_stackable_v2":"<p>Zusammen mit Veit und Jochen war ich im Oktober mal f\u00fcr ein paar Tage auf dem Peenestrom unterwegs, um den Barsch-Alarm-Relaunch mit einer z\u00fcnftigen Barsch-Tour abzufeiern. Ich bin einen Tag l\u00e4nger geblieben als meine Kollegen. Das hat sich gelohnt. Die dicken Barsche habe ich alle am Montag gefangen &#8211; als Jochen &amp; Veit schon wieder auf Arbeit waren&#8230; &nbsp;<\/p>\n","category_list_v2":"<a href=\"https:\/\/www.barsch-alarm.de\/news\/category\/barsch\/\" rel=\"category tag\">Barsch<\/a>, <a href=\"https:\/\/www.barsch-alarm.de\/news\/category\/prostaff-shimano\/\" rel=\"category tag\">Prostaff-Shimano<\/a>","author_info_v2":{"name":"dietel","url":"https:\/\/www.barsch-alarm.de\/news\/author\/dietel\/"},"comments_num_v2":"0 Kommentare","yoast_head":"<!-- This site is optimized with the Yoast SEO plugin v19.11 - https:\/\/yoast.com\/wordpress\/plugins\/seo\/ -->\n<title>Barsch-Alarm-Relaunch-Tour-Foto-Parade | Barsch-Alarm<\/title>\n<meta name=\"robots\" content=\"index, follow, max-snippet:-1, max-image-preview:large, max-video-preview:-1\" \/>\n<link rel=\"canonical\" href=\"https:\/\/www.barsch-alarm.de\/news\/barsch-alarm-relaunch-tour-galerie\/\" \/>\n<meta name=\"twitter:label1\" content=\"Verfasst von\" \/>\n\t<meta name=\"twitter:data1\" content=\"dietel\" \/>\n<script type=\"application\/ld+json\" class=\"yoast-schema-graph\">{\"@context\":\"https:\/\/schema.org\",\"@graph\":[{\"@type\":\"Article\",\"@id\":\"https:\/\/www.barsch-alarm.de\/news\/barsch-alarm-relaunch-tour-galerie\/#article\",\"isPartOf\":{\"@id\":\"https:\/\/www.barsch-alarm.de\/news\/barsch-alarm-relaunch-tour-galerie\/\"},\"author\":{\"name\":\"dietel\",\"@id\":\"https:\/\/www.barsch-alarm.de\/news\/#\/schema\/person\/625ad6937f19daaa4355ae4dcce349f7\"},\"headline\":\"Barsch-Alarm-Relaunch-Tour-Foto-Parade\",\"datePublished\":\"2014-01-12T13:18:41+00:00\",\"dateModified\":\"2020-04-04T22:16:40+00:00\",\"mainEntityOfPage\":{\"@id\":\"https:\/\/www.barsch-alarm.de\/news\/barsch-alarm-relaunch-tour-galerie\/\"},\"wordCount\":63,\"commentCount\":0,\"publisher\":{\"@id\":\"https:\/\/www.barsch-alarm.de\/news\/#\/schema\/person\/625ad6937f19daaa4355ae4dcce349f7\"},\"articleSection\":[\"Barsch\",\"Prostaff-Shimano\"],\"inLanguage\":\"de\",\"potentialAction\":[{\"@type\":\"CommentAction\",\"name\":\"Comment\",\"target\":[\"https:\/\/www.barsch-alarm.de\/news\/barsch-alarm-relaunch-tour-galerie\/#respond\"]}]},{\"@type\":\"WebPage\",\"@id\":\"https:\/\/www.barsch-alarm.de\/news\/barsch-alarm-relaunch-tour-galerie\/\",\"url\":\"https:\/\/www.barsch-alarm.de\/news\/barsch-alarm-relaunch-tour-galerie\/\",\"name\":\"Barsch-Alarm-Relaunch-Tour-Foto-Parade | Barsch-Alarm\",\"isPartOf\":{\"@id\":\"https:\/\/www.barsch-alarm.de\/news\/#website\"},\"datePublished\":\"2014-01-12T13:18:41+00:00\",\"dateModified\":\"2020-04-04T22:16:40+00:00\",\"breadcrumb\":{\"@id\":\"https:\/\/www.barsch-alarm.de\/news\/barsch-alarm-relaunch-tour-galerie\/#breadcrumb\"},\"inLanguage\":\"de\",\"potentialAction\":[{\"@type\":\"ReadAction\",\"target\":[\"https:\/\/www.barsch-alarm.de\/news\/barsch-alarm-relaunch-tour-galerie\/\"]}]},{\"@type\":\"BreadcrumbList\",\"@id\":\"https:\/\/www.barsch-alarm.de\/news\/barsch-alarm-relaunch-tour-galerie\/#breadcrumb\",\"itemListElement\":[{\"@type\":\"ListItem\",\"position\":1,\"name\":\"Startseite\",\"item\":\"https:\/\/www.barsch-alarm.de\/news\/\"},{\"@type\":\"ListItem\",\"position\":2,\"name\":\"Barsch-Alarm-Relaunch-Tour-Foto-Parade\"}]},{\"@type\":\"WebSite\",\"@id\":\"https:\/\/www.barsch-alarm.de\/news\/#website\",\"url\":\"https:\/\/www.barsch-alarm.de\/news\/\",\"name\":\"Barsch-Alarm\",\"description\":\"das gr\u00f6\u00dfte Angelforum f\u00fcr Spinnangler\",\"publisher\":{\"@id\":\"https:\/\/www.barsch-alarm.de\/news\/#\/schema\/person\/625ad6937f19daaa4355ae4dcce349f7\"},\"potentialAction\":[{\"@type\":\"SearchAction\",\"target\":{\"@type\":\"EntryPoint\",\"urlTemplate\":\"https:\/\/www.barsch-alarm.de\/news\/?s={search_term_string}\"},\"query-input\":\"required name=search_term_string\"}],\"inLanguage\":\"de\"},{\"@type\":[\"Person\",\"Organization\"],\"@id\":\"https:\/\/www.barsch-alarm.de\/news\/#\/schema\/person\/625ad6937f19daaa4355ae4dcce349f7\",\"name\":\"dietel\",\"image\":{\"@type\":\"ImageObject\",\"inLanguage\":\"de\",\"@id\":\"https:\/\/www.barsch-alarm.de\/news\/#\/schema\/person\/image\/\",\"url\":\"https:\/\/secure.gravatar.com\/avatar\/365783e1f60d378ef793fb7c5bb3ef04?s=96&d=mm&r=g\",\"contentUrl\":\"https:\/\/secure.gravatar.com\/avatar\/365783e1f60d378ef793fb7c5bb3ef04?s=96&d=mm&r=g\",\"caption\":\"dietel\"},\"logo\":{\"@id\":\"https:\/\/www.barsch-alarm.de\/news\/#\/schema\/person\/image\/\"},\"sameAs\":[\"http:\/\/www.barsch-alarm.de\/member.php?5-dietel\"],\"url\":\"https:\/\/www.barsch-alarm.de\/news\/author\/dietel\/\"}]}<\/script>\n<!-- \/ Yoast SEO plugin. -->","yoast_head_json":{"title":"Barsch-Alarm-Relaunch-Tour-Foto-Parade | Barsch-Alarm","robots":{"index":"index","follow":"follow","max-snippet":"max-snippet:-1","max-image-preview":"max-image-preview:large","max-video-preview":"max-video-preview:-1"},"canonical":"https:\/\/www.barsch-alarm.de\/news\/barsch-alarm-relaunch-tour-galerie\/","twitter_misc":{"Verfasst von":"dietel"},"schema":{"@context":"https:\/\/schema.org","@graph":[{"@type":"Article","@id":"https:\/\/www.barsch-alarm.de\/news\/barsch-alarm-relaunch-tour-galerie\/#article","isPartOf":{"@id":"https:\/\/www.barsch-alarm.de\/news\/barsch-alarm-relaunch-tour-galerie\/"},"author":{"name":"dietel","@id":"https:\/\/www.barsch-alarm.de\/news\/#\/schema\/person\/625ad6937f19daaa4355ae4dcce349f7"},"headline":"Barsch-Alarm-Relaunch-Tour-Foto-Parade","datePublished":"2014-01-12T13:18:41+00:00","dateModified":"2020-04-04T22:16:40+00:00","mainEntityOfPage":{"@id":"https:\/\/www.barsch-alarm.de\/news\/barsch-alarm-relaunch-tour-galerie\/"},"wordCount":63,"commentCount":0,"publisher":{"@id":"https:\/\/www.barsch-alarm.de\/news\/#\/schema\/person\/625ad6937f19daaa4355ae4dcce349f7"},"articleSection":["Barsch","Prostaff-Shimano"],"inLanguage":"de","potentialAction":[{"@type":"CommentAction","name":"Comment","target":["https:\/\/www.barsch-alarm.de\/news\/barsch-alarm-relaunch-tour-galerie\/#respond"]}]},{"@type":"WebPage","@id":"https:\/\/www.barsch-alarm.de\/news\/barsch-alarm-relaunch-tour-galerie\/","url":"https:\/\/www.barsch-alarm.de\/news\/barsch-alarm-relaunch-tour-galerie\/","name":"Barsch-Alarm-Relaunch-Tour-Foto-Parade | Barsch-Alarm","isPartOf":{"@id":"https:\/\/www.barsch-alarm.de\/news\/#website"},"datePublished":"2014-01-12T13:18:41+00:00","dateModified":"2020-04-04T22:16:40+00:00","breadcrumb":{"@id":"https:\/\/www.barsch-alarm.de\/news\/barsch-alarm-relaunch-tour-galerie\/#breadcrumb"},"inLanguage":"de","potentialAction":[{"@type":"ReadAction","target":["https:\/\/www.barsch-alarm.de\/news\/barsch-alarm-relaunch-tour-galerie\/"]}]},{"@type":"BreadcrumbList","@id":"https:\/\/www.barsch-alarm.de\/news\/barsch-alarm-relaunch-tour-galerie\/#breadcrumb","itemListElement":[{"@type":"ListItem","position":1,"name":"Startseite","item":"https:\/\/www.barsch-alarm.de\/news\/"},{"@type":"ListItem","position":2,"name":"Barsch-Alarm-Relaunch-Tour-Foto-Parade"}]},{"@type":"WebSite","@id":"https:\/\/www.barsch-alarm.de\/news\/#website","url":"https:\/\/www.barsch-alarm.de\/news\/","name":"Barsch-Alarm","description":"das gr\u00f6\u00dfte Angelforum f\u00fcr Spinnangler","publisher":{"@id":"https:\/\/www.barsch-alarm.de\/news\/#\/schema\/person\/625ad6937f19daaa4355ae4dcce349f7"},"potentialAction":[{"@type":"SearchAction","target":{"@type":"EntryPoint","urlTemplate":"https:\/\/www.barsch-alarm.de\/news\/?s={search_term_string}"},"query-input":"required name=search_term_string"}],"inLanguage":"de"},{"@type":["Person","Organization"],"@id":"https:\/\/www.barsch-alarm.de\/news\/#\/schema\/person\/625ad6937f19daaa4355ae4dcce349f7","name":"dietel","image":{"@type":"ImageObject","inLanguage":"de","@id":"https:\/\/www.barsch-alarm.de\/news\/#\/schema\/person\/image\/","url":"https:\/\/secure.gravatar.com\/avatar\/365783e1f60d378ef793fb7c5bb3ef04?s=96&d=mm&r=g","contentUrl":"https:\/\/secure.gravatar.com\/avatar\/365783e1f60d378ef793fb7c5bb3ef04?s=96&d=mm&r=g","caption":"dietel"},"logo":{"@id":"https:\/\/www.barsch-alarm.de\/news\/#\/schema\/person\/image\/"},"sameAs":["http:\/\/www.barsch-alarm.de\/member.php?5-dietel"],"url":"https:\/\/www.barsch-alarm.de\/news\/author\/dietel\/"}]}},"_links":{"self":[{"href":"https:\/\/www.barsch-alarm.de\/news\/wp-json\/wp\/v2\/posts\/22706"}],"collection":[{"href":"https:\/\/www.barsch-alarm.de\/news\/wp-json\/wp\/v2\/posts"}],"about":[{"href":"https:\/\/www.barsch-alarm.de\/news\/wp-json\/wp\/v2\/types\/post"}],"author":[{"embeddable":true,"href":"https:\/\/www.barsch-alarm.de\/news\/wp-json\/wp\/v2\/users\/5"}],"replies":[{"embeddable":true,"href":"https:\/\/www.barsch-alarm.de\/news\/wp-json\/wp\/v2\/comments?post=22706"}],"version-history":[{"count":1,"href":"https:\/\/www.barsch-alarm.de\/news\/wp-json\/wp\/v2\/posts\/22706\/revisions"}],"predecessor-version":[{"id":24299,"href":"https:\/\/www.barsch-alarm.de\/news\/wp-json\/wp\/v2\/posts\/22706\/revisions\/24299"}],"wp:attachment":[{"href":"https:\/\/www.barsch-alarm.de\/news\/wp-json\/wp\/v2\/media?parent=22706"}],"wp:term":[{"taxonomy":"category","embeddable":true,"href":"https:\/\/www.barsch-alarm.de\/news\/wp-json\/wp\/v2\/categories?post=22706"},{"taxonomy":"post_tag","embeddable":true,"href":"https:\/\/www.barsch-alarm.de\/news\/wp-json\/wp\/v2\/tags?post=22706"}],"curies":[{"name":"wp","href":"https:\/\/api.w.org\/{rel}","templated":true}]}}