{"id":22534,"date":"2017-11-11T08:08:14","date_gmt":"2017-11-11T06:08:14","guid":{"rendered":"https:\/\/www.barsch-alarm.de\/news\/?p=10542"},"modified":"2020-04-05T00:15:31","modified_gmt":"2020-04-04T22:15:31","slug":"auszeit-in-spanien","status":"publish","type":"post","link":"https:\/\/www.barsch-alarm.de\/news\/auszeit-in-spanien\/","title":{"rendered":"Auszeit in Spanien"},"content":{"rendered":"<p>Mal eine Woche nur Chillen und Angeln nach dem ganzen Arbeitsstress im Sommer &#8211; danach stand meinen Kumpels Ronny, Christian, Karlheinz und mir der Sinn. Was liegt da n\u00e4her als an den Ebro zu d\u00fcsen zum anderen Kumpel, dem Stegherr J\u00fcrgen. In einer Woche kann man viel erleben und noch mehr sehen. Z.B. haben wir uns den oberen Stausee bei superniedrigem Wasserstand angeschaut und die trockengelegten Pl\u00e4tze inspizieren k\u00f6nnen, an denen wir im Fr\u00fchjahr regelm\u00e4\u00dfig Fische fangen.<\/p>\n<p><img loading=\"lazy\" class=\"aligncenter size-full wp-image-10548\" src=\"https:\/\/www.barsch-alarm.de\/news\/wp-content\/uploads\/prostaff\/2017\/11\/IMG-20171016-WA0071.jpg\" alt=\"\" width=\"1280\" height=\"960\" \/> <img loading=\"lazy\" class=\"aligncenter size-full wp-image-10546\" src=\"https:\/\/www.barsch-alarm.de\/news\/wp-content\/uploads\/prostaff\/2017\/11\/IMG-20171016-WA0069.jpg\" alt=\"\" width=\"1280\" height=\"960\" \/><\/p>\n<p>Geangelt haben wir nat\u00fcrlich auch. Es wurden Zander gestreamert, Ufer-Waller gefangen und auch ein paar Maschinen bezwungen. Die Bilder seht ihr evtl. im n\u00e4chsten Katalog&#8230;<\/p>\n<p><img loading=\"lazy\" class=\"aligncenter size-full wp-image-10544\" src=\"https:\/\/www.barsch-alarm.de\/news\/wp-content\/uploads\/prostaff\/2017\/11\/IMG-20171016-WA0065.jpg\" alt=\"\" width=\"960\" height=\"1280\" \/> <img loading=\"lazy\" class=\"aligncenter size-full wp-image-10543\" src=\"https:\/\/www.barsch-alarm.de\/news\/wp-content\/uploads\/prostaff\/2017\/11\/IMG-20171016-WA0064.jpg\" alt=\"\" width=\"960\" height=\"1280\" \/><\/p>\n<p>Herrlich war&#8217;s!<\/p>\n<p><img loading=\"lazy\" class=\"aligncenter size-full wp-image-10545\" src=\"https:\/\/www.barsch-alarm.de\/news\/wp-content\/uploads\/prostaff\/2017\/11\/IMG-20171016-WA0067.jpg\" alt=\"\" width=\"1280\" height=\"960\" \/><\/p>\n<p>Man muss da eigentlich viel \u00f6fter hin. Der Hannes macht&#8217;s richtig. Der ist jetzt ja wieder drei Wochen dort. Aber im Fr\u00fchjahr ist mein Atem l\u00e4nger. Da bin ich wieder 6 Wochen mit meinen Gudingg\u00e4sten am Ebro. Kaum daheim, w\u00e4chst schon wieder die Vorfreude aufs Fr\u00fchjahr 2018. Schaut mal in euren Terminkalender. Vielleicht ist diese Tour hier ja was f\u00fcr euch?!<\/p>\n<p><a href=\"http:\/\/spinn-angeln.de\/?page_id=463\" target=\"_blank\" rel=\"noopener noreferrer\"><strong>Gruppenreise mit Dori und Hannes<\/strong><\/a><\/p>\n<p>Servus bis zum n\u00e4chsten Mal!<br \/>\nDori<\/p>\n","protected":false},"excerpt":{"rendered":"<p>Mal eine Woche nur Chillen und Angeln nach dem ganzen Arbeitsstress im Sommer &#8211; danach stand meinen Kumpels Ronny, Christian, Karlheinz und mir der Sinn. Was liegt da n\u00e4her als an den Ebro zu d\u00fcsen zum anderen Kumpel, dem Stegherr J\u00fcrgen. In einer Woche kann man viel erleben und noch mehr sehen. Z.B. haben wir &hellip; <\/p>\n<p class=\"link-more\"><a href=\"https:\/\/www.barsch-alarm.de\/news\/auszeit-in-spanien\/\" class=\"more-link\">Read more\u2026<\/a><\/p>\n","protected":false},"author":21168,"featured_media":10546,"comment_status":"open","ping_status":"open","sticky":false,"template":"","format":"standard","meta":[],"categories":[1,2388],"tags":[2552],"featured_image_urls":{"full":["https:\/\/www.barsch-alarm.de\/news\/wp-content\/uploads\/2016\/04\/dialuna-drill.jpg",1799,2286,false],"thumbnail":["https:\/\/www.barsch-alarm.de\/news\/wp-content\/uploads\/2016\/04\/dialuna-drill-193x245.jpg",193,245,true],"medium":["https:\/\/www.barsch-alarm.de\/news\/wp-content\/uploads\/2016\/04\/dialuna-drill-193x245.jpg",193,245,true],"medium_large":["https:\/\/www.barsch-alarm.de\/news\/wp-content\/uploads\/2016\/04\/dialuna-drill-768x976.jpg",768,976,true],"large":["https:\/\/www.barsch-alarm.de\/news\/wp-content\/uploads\/2016\/04\/dialuna-drill-401x509.jpg",276,350,true],"1536x1536":["https:\/\/www.barsch-alarm.de\/news\/wp-content\/uploads\/2016\/04\/dialuna-drill.jpg",1209,1536,false],"2048x2048":["https:\/\/www.barsch-alarm.de\/news\/wp-content\/uploads\/2016\/04\/dialuna-drill.jpg",1612,2048,false],"thxpress-featured-image":["https:\/\/www.barsch-alarm.de\/news\/wp-content\/uploads\/2016\/04\/dialuna-drill.jpg",944,1200,false],"400x250-crop":["https:\/\/www.barsch-alarm.de\/news\/wp-content\/uploads\/2016\/04\/dialuna-drill.jpg",197,250,false]},"post_excerpt_stackable":"<p>Mal eine Woche nur Chillen und Angeln nach dem ganzen Arbeitsstress im Sommer &#8211; danach stand meinen Kumpels Ronny, Christian, Karlheinz und mir der Sinn. Was liegt da n\u00e4her als an den Ebro zu d\u00fcsen zum anderen Kumpel, dem Stegherr J\u00fcrgen. In einer Woche kann man viel erleben und noch mehr sehen. Z.B. haben wir uns den oberen Stausee bei superniedrigem Wasserstand angeschaut und die trockengelegten Pl\u00e4tze inspizieren k\u00f6nnen, an denen wir im Fr\u00fchjahr regelm\u00e4\u00dfig Fische fangen. Geangelt haben wir nat\u00fcrlich auch. Es wurden Zander gestreamert, Ufer-Waller gefangen und auch ein paar Maschinen bezwungen. Die Bilder seht ihr evtl. im&hellip;<\/p>\n","category_list":"<a href=\"https:\/\/www.barsch-alarm.de\/news\/category\/news\/\" rel=\"category tag\">News<\/a>, <a href=\"https:\/\/www.barsch-alarm.de\/news\/category\/prostaff-shimano\/\" rel=\"category tag\">Prostaff-Shimano<\/a>","author_info":{"name":"Dori","url":"https:\/\/www.barsch-alarm.de\/news\/author\/dori\/"},"comments_num":"0 Kommentare","featured_image_urls_v2":{"full":["https:\/\/www.barsch-alarm.de\/news\/wp-content\/uploads\/2016\/04\/dialuna-drill.jpg",1799,2286,false],"thumbnail":["https:\/\/www.barsch-alarm.de\/news\/wp-content\/uploads\/2016\/04\/dialuna-drill-193x245.jpg",193,245,true],"medium":["https:\/\/www.barsch-alarm.de\/news\/wp-content\/uploads\/2016\/04\/dialuna-drill-193x245.jpg",193,245,true],"medium_large":["https:\/\/www.barsch-alarm.de\/news\/wp-content\/uploads\/2016\/04\/dialuna-drill-768x976.jpg",768,976,true],"large":["https:\/\/www.barsch-alarm.de\/news\/wp-content\/uploads\/2016\/04\/dialuna-drill-401x509.jpg",276,350,true],"1536x1536":["https:\/\/www.barsch-alarm.de\/news\/wp-content\/uploads\/2016\/04\/dialuna-drill.jpg",1209,1536,false],"2048x2048":["https:\/\/www.barsch-alarm.de\/news\/wp-content\/uploads\/2016\/04\/dialuna-drill.jpg",1612,2048,false],"thxpress-featured-image":["https:\/\/www.barsch-alarm.de\/news\/wp-content\/uploads\/2016\/04\/dialuna-drill.jpg",944,1200,false],"400x250-crop":["https:\/\/www.barsch-alarm.de\/news\/wp-content\/uploads\/2016\/04\/dialuna-drill.jpg",197,250,false]},"post_excerpt_stackable_v2":"<p>Mal eine Woche nur Chillen und Angeln nach dem ganzen Arbeitsstress im Sommer &#8211; danach stand meinen Kumpels Ronny, Christian, Karlheinz und mir der Sinn. Was liegt da n\u00e4her als an den Ebro zu d\u00fcsen zum anderen Kumpel, dem Stegherr J\u00fcrgen. In einer Woche kann man viel erleben und noch mehr sehen. Z.B. haben wir uns den oberen Stausee bei superniedrigem Wasserstand angeschaut und die trockengelegten Pl\u00e4tze inspizieren k\u00f6nnen, an denen wir im Fr\u00fchjahr regelm\u00e4\u00dfig Fische fangen. Geangelt haben wir nat\u00fcrlich auch. Es wurden Zander gestreamert, Ufer-Waller gefangen und auch ein paar Maschinen bezwungen. Die Bilder seht ihr evtl. im&hellip;<\/p>\n","category_list_v2":"<a href=\"https:\/\/www.barsch-alarm.de\/news\/category\/news\/\" rel=\"category tag\">News<\/a>, <a href=\"https:\/\/www.barsch-alarm.de\/news\/category\/prostaff-shimano\/\" rel=\"category tag\">Prostaff-Shimano<\/a>","author_info_v2":{"name":"Dori","url":"https:\/\/www.barsch-alarm.de\/news\/author\/dori\/"},"comments_num_v2":"0 Kommentare","yoast_head":"<!-- This site is optimized with the Yoast SEO plugin v19.11 - https:\/\/yoast.com\/wordpress\/plugins\/seo\/ -->\n<title>Auszeit in Spanien | Barsch-Alarm<\/title>\n<meta name=\"robots\" content=\"index, follow, max-snippet:-1, max-image-preview:large, max-video-preview:-1\" \/>\n<link rel=\"canonical\" href=\"https:\/\/www.barsch-alarm.de\/news\/auszeit-in-spanien\/\" \/>\n<meta name=\"twitter:label1\" content=\"Verfasst von\" \/>\n\t<meta name=\"twitter:data1\" content=\"Dori\" \/>\n\t<meta name=\"twitter:label2\" content=\"Gesch\u00e4tzte Lesezeit\" \/>\n\t<meta name=\"twitter:data2\" content=\"1\u00a0Minute\" \/>\n<script type=\"application\/ld+json\" class=\"yoast-schema-graph\">{\"@context\":\"https:\/\/schema.org\",\"@graph\":[{\"@type\":\"Article\",\"@id\":\"https:\/\/www.barsch-alarm.de\/news\/auszeit-in-spanien\/#article\",\"isPartOf\":{\"@id\":\"https:\/\/www.barsch-alarm.de\/news\/auszeit-in-spanien\/\"},\"author\":{\"name\":\"Dori\",\"@id\":\"https:\/\/www.barsch-alarm.de\/news\/#\/schema\/person\/97bdee127821a9991373cb44201a31b7\"},\"headline\":\"Auszeit in Spanien\",\"datePublished\":\"2017-11-11T06:08:14+00:00\",\"dateModified\":\"2020-04-04T22:15:31+00:00\",\"mainEntityOfPage\":{\"@id\":\"https:\/\/www.barsch-alarm.de\/news\/auszeit-in-spanien\/\"},\"wordCount\":194,\"commentCount\":0,\"publisher\":{\"@id\":\"https:\/\/www.barsch-alarm.de\/news\/#\/schema\/person\/625ad6937f19daaa4355ae4dcce349f7\"},\"keywords\":[\"prostaff\"],\"articleSection\":[\"News\",\"Prostaff-Shimano\"],\"inLanguage\":\"de\",\"potentialAction\":[{\"@type\":\"CommentAction\",\"name\":\"Comment\",\"target\":[\"https:\/\/www.barsch-alarm.de\/news\/auszeit-in-spanien\/#respond\"]}]},{\"@type\":\"WebPage\",\"@id\":\"https:\/\/www.barsch-alarm.de\/news\/auszeit-in-spanien\/\",\"url\":\"https:\/\/www.barsch-alarm.de\/news\/auszeit-in-spanien\/\",\"name\":\"Auszeit in Spanien | Barsch-Alarm\",\"isPartOf\":{\"@id\":\"https:\/\/www.barsch-alarm.de\/news\/#website\"},\"datePublished\":\"2017-11-11T06:08:14+00:00\",\"dateModified\":\"2020-04-04T22:15:31+00:00\",\"breadcrumb\":{\"@id\":\"https:\/\/www.barsch-alarm.de\/news\/auszeit-in-spanien\/#breadcrumb\"},\"inLanguage\":\"de\",\"potentialAction\":[{\"@type\":\"ReadAction\",\"target\":[\"https:\/\/www.barsch-alarm.de\/news\/auszeit-in-spanien\/\"]}]},{\"@type\":\"BreadcrumbList\",\"@id\":\"https:\/\/www.barsch-alarm.de\/news\/auszeit-in-spanien\/#breadcrumb\",\"itemListElement\":[{\"@type\":\"ListItem\",\"position\":1,\"name\":\"Startseite\",\"item\":\"https:\/\/www.barsch-alarm.de\/news\/\"},{\"@type\":\"ListItem\",\"position\":2,\"name\":\"Auszeit in Spanien\"}]},{\"@type\":\"WebSite\",\"@id\":\"https:\/\/www.barsch-alarm.de\/news\/#website\",\"url\":\"https:\/\/www.barsch-alarm.de\/news\/\",\"name\":\"Barsch-Alarm\",\"description\":\"das gr\u00f6\u00dfte Angelforum f\u00fcr Spinnangler\",\"publisher\":{\"@id\":\"https:\/\/www.barsch-alarm.de\/news\/#\/schema\/person\/625ad6937f19daaa4355ae4dcce349f7\"},\"potentialAction\":[{\"@type\":\"SearchAction\",\"target\":{\"@type\":\"EntryPoint\",\"urlTemplate\":\"https:\/\/www.barsch-alarm.de\/news\/?s={search_term_string}\"},\"query-input\":\"required name=search_term_string\"}],\"inLanguage\":\"de\"},{\"@type\":[\"Person\",\"Organization\"],\"@id\":\"https:\/\/www.barsch-alarm.de\/news\/#\/schema\/person\/625ad6937f19daaa4355ae4dcce349f7\",\"name\":\"dietel\",\"image\":{\"@type\":\"ImageObject\",\"inLanguage\":\"de\",\"@id\":\"https:\/\/www.barsch-alarm.de\/news\/#\/schema\/person\/image\/\",\"url\":\"https:\/\/secure.gravatar.com\/avatar\/365783e1f60d378ef793fb7c5bb3ef04?s=96&d=mm&r=g\",\"contentUrl\":\"https:\/\/secure.gravatar.com\/avatar\/365783e1f60d378ef793fb7c5bb3ef04?s=96&d=mm&r=g\",\"caption\":\"dietel\"},\"logo\":{\"@id\":\"https:\/\/www.barsch-alarm.de\/news\/#\/schema\/person\/image\/\"},\"sameAs\":[\"http:\/\/www.barsch-alarm.de\/member.php?5-dietel\"]},{\"@type\":\"Person\",\"@id\":\"https:\/\/www.barsch-alarm.de\/news\/#\/schema\/person\/97bdee127821a9991373cb44201a31b7\",\"name\":\"Dori\",\"image\":{\"@type\":\"ImageObject\",\"inLanguage\":\"de\",\"@id\":\"https:\/\/www.barsch-alarm.de\/news\/#\/schema\/person\/image\/\",\"url\":\"https:\/\/secure.gravatar.com\/avatar\/becca5915933ca127f919c5329757bd1?s=96&d=mm&r=g\",\"contentUrl\":\"https:\/\/secure.gravatar.com\/avatar\/becca5915933ca127f919c5329757bd1?s=96&d=mm&r=g\",\"caption\":\"Dori\"},\"url\":\"https:\/\/www.barsch-alarm.de\/news\/author\/dori\/\"}]}<\/script>\n<!-- \/ Yoast SEO plugin. -->","yoast_head_json":{"title":"Auszeit in Spanien | Barsch-Alarm","robots":{"index":"index","follow":"follow","max-snippet":"max-snippet:-1","max-image-preview":"max-image-preview:large","max-video-preview":"max-video-preview:-1"},"canonical":"https:\/\/www.barsch-alarm.de\/news\/auszeit-in-spanien\/","twitter_misc":{"Verfasst von":"Dori","Gesch\u00e4tzte Lesezeit":"1\u00a0Minute"},"schema":{"@context":"https:\/\/schema.org","@graph":[{"@type":"Article","@id":"https:\/\/www.barsch-alarm.de\/news\/auszeit-in-spanien\/#article","isPartOf":{"@id":"https:\/\/www.barsch-alarm.de\/news\/auszeit-in-spanien\/"},"author":{"name":"Dori","@id":"https:\/\/www.barsch-alarm.de\/news\/#\/schema\/person\/97bdee127821a9991373cb44201a31b7"},"headline":"Auszeit in Spanien","datePublished":"2017-11-11T06:08:14+00:00","dateModified":"2020-04-04T22:15:31+00:00","mainEntityOfPage":{"@id":"https:\/\/www.barsch-alarm.de\/news\/auszeit-in-spanien\/"},"wordCount":194,"commentCount":0,"publisher":{"@id":"https:\/\/www.barsch-alarm.de\/news\/#\/schema\/person\/625ad6937f19daaa4355ae4dcce349f7"},"keywords":["prostaff"],"articleSection":["News","Prostaff-Shimano"],"inLanguage":"de","potentialAction":[{"@type":"CommentAction","name":"Comment","target":["https:\/\/www.barsch-alarm.de\/news\/auszeit-in-spanien\/#respond"]}]},{"@type":"WebPage","@id":"https:\/\/www.barsch-alarm.de\/news\/auszeit-in-spanien\/","url":"https:\/\/www.barsch-alarm.de\/news\/auszeit-in-spanien\/","name":"Auszeit in Spanien | Barsch-Alarm","isPartOf":{"@id":"https:\/\/www.barsch-alarm.de\/news\/#website"},"datePublished":"2017-11-11T06:08:14+00:00","dateModified":"2020-04-04T22:15:31+00:00","breadcrumb":{"@id":"https:\/\/www.barsch-alarm.de\/news\/auszeit-in-spanien\/#breadcrumb"},"inLanguage":"de","potentialAction":[{"@type":"ReadAction","target":["https:\/\/www.barsch-alarm.de\/news\/auszeit-in-spanien\/"]}]},{"@type":"BreadcrumbList","@id":"https:\/\/www.barsch-alarm.de\/news\/auszeit-in-spanien\/#breadcrumb","itemListElement":[{"@type":"ListItem","position":1,"name":"Startseite","item":"https:\/\/www.barsch-alarm.de\/news\/"},{"@type":"ListItem","position":2,"name":"Auszeit in Spanien"}]},{"@type":"WebSite","@id":"https:\/\/www.barsch-alarm.de\/news\/#website","url":"https:\/\/www.barsch-alarm.de\/news\/","name":"Barsch-Alarm","description":"das gr\u00f6\u00dfte Angelforum f\u00fcr Spinnangler","publisher":{"@id":"https:\/\/www.barsch-alarm.de\/news\/#\/schema\/person\/625ad6937f19daaa4355ae4dcce349f7"},"potentialAction":[{"@type":"SearchAction","target":{"@type":"EntryPoint","urlTemplate":"https:\/\/www.barsch-alarm.de\/news\/?s={search_term_string}"},"query-input":"required name=search_term_string"}],"inLanguage":"de"},{"@type":["Person","Organization"],"@id":"https:\/\/www.barsch-alarm.de\/news\/#\/schema\/person\/625ad6937f19daaa4355ae4dcce349f7","name":"dietel","image":{"@type":"ImageObject","inLanguage":"de","@id":"https:\/\/www.barsch-alarm.de\/news\/#\/schema\/person\/image\/","url":"https:\/\/secure.gravatar.com\/avatar\/365783e1f60d378ef793fb7c5bb3ef04?s=96&d=mm&r=g","contentUrl":"https:\/\/secure.gravatar.com\/avatar\/365783e1f60d378ef793fb7c5bb3ef04?s=96&d=mm&r=g","caption":"dietel"},"logo":{"@id":"https:\/\/www.barsch-alarm.de\/news\/#\/schema\/person\/image\/"},"sameAs":["http:\/\/www.barsch-alarm.de\/member.php?5-dietel"]},{"@type":"Person","@id":"https:\/\/www.barsch-alarm.de\/news\/#\/schema\/person\/97bdee127821a9991373cb44201a31b7","name":"Dori","image":{"@type":"ImageObject","inLanguage":"de","@id":"https:\/\/www.barsch-alarm.de\/news\/#\/schema\/person\/image\/","url":"https:\/\/secure.gravatar.com\/avatar\/becca5915933ca127f919c5329757bd1?s=96&d=mm&r=g","contentUrl":"https:\/\/secure.gravatar.com\/avatar\/becca5915933ca127f919c5329757bd1?s=96&d=mm&r=g","caption":"Dori"},"url":"https:\/\/www.barsch-alarm.de\/news\/author\/dori\/"}]}},"_links":{"self":[{"href":"https:\/\/www.barsch-alarm.de\/news\/wp-json\/wp\/v2\/posts\/22534"}],"collection":[{"href":"https:\/\/www.barsch-alarm.de\/news\/wp-json\/wp\/v2\/posts"}],"about":[{"href":"https:\/\/www.barsch-alarm.de\/news\/wp-json\/wp\/v2\/types\/post"}],"author":[{"embeddable":true,"href":"https:\/\/www.barsch-alarm.de\/news\/wp-json\/wp\/v2\/users\/21168"}],"replies":[{"embeddable":true,"href":"https:\/\/www.barsch-alarm.de\/news\/wp-json\/wp\/v2\/comments?post=22534"}],"version-history":[{"count":1,"href":"https:\/\/www.barsch-alarm.de\/news\/wp-json\/wp\/v2\/posts\/22534\/revisions"}],"predecessor-version":[{"id":23648,"href":"https:\/\/www.barsch-alarm.de\/news\/wp-json\/wp\/v2\/posts\/22534\/revisions\/23648"}],"wp:featuredmedia":[{"embeddable":true,"href":"https:\/\/www.barsch-alarm.de\/news\/wp-json\/wp\/v2\/media\/10546"}],"wp:attachment":[{"href":"https:\/\/www.barsch-alarm.de\/news\/wp-json\/wp\/v2\/media?parent=22534"}],"wp:term":[{"taxonomy":"category","embeddable":true,"href":"https:\/\/www.barsch-alarm.de\/news\/wp-json\/wp\/v2\/categories?post=22534"},{"taxonomy":"post_tag","embeddable":true,"href":"https:\/\/www.barsch-alarm.de\/news\/wp-json\/wp\/v2\/tags?post=22534"}],"curies":[{"name":"wp","href":"https:\/\/api.w.org\/{rel}","templated":true}]}}