{"id":1949,"date":"2004-12-20T13:46:43","date_gmt":"2004-12-20T13:46:43","guid":{"rendered":""},"modified":"2014-12-20T17:15:26","modified_gmt":"2014-12-20T16:15:26","slug":"barsch-alarm-exkursion-nach-spanien","status":"publish","type":"post","link":"https:\/\/www.barsch-alarm.de\/news\/barsch-alarm-exkursion-nach-spanien\/","title":{"rendered":"Barsch-Alarm-Exkursion nach Spanien"},"content":{"rendered":"<p><P><IMG alt=\"\" hspace=10 src=\"\/1import\/impArtclImgs\/11035468030_c_stau.jpg\" align=left border=0>Wir wissen noch nichts Genaues. Wir wissen nur, dass wir n\u00e4chstes Jahr wieder nach Spanien wollen. Und dass es uns am Caspe-Stausee sehr gut gefallen hat. Und dass wir da noch ne Rechnung mit den Zandern, mit den Schwarzbarschen und auch den Welsen offen haben. Und dass wir uns der Herausforderung auf jeden Fall stellen werden. Und das am besten kurz nach der Zanderlaichzeit Anfang\/Mitte Mai. Und dass wir Euch Genaueres im Januar verklickern k\u00f6nnen. Mehr allerdings nicht.<\/P><br \/>\n<P>Dennoch hat mich David gebeten, Euch jetzt schon einmal zu sensibilisieren. Schlie\u00dflich ist nicht jeder in der Lage, ganz spontan mal Urlaub zu nehmen. Wer aber Bock hat, mit uns den legend\u00e4ren Caspe-Stausse zu rocken, kann sich schon mal darauf einstellen, dass wir es gemeinsam angehen werden. David und ich werden dann einige Zeit vorher vor Ort sein und Euch dann guiden.<\/P><P>Geplant haben wir eine einw\u00f6chige Reise f\u00fcr ca. 10 bis 15 Mann. Unterbringung in Holzh\u00fctten und H\u00e4usern. Wir holen die Teilnehmer dann vom Flughafen in Barcelona ab. Dann geht\u2019s weiter ins Landesinnere \u2013 nach S\u00fcd-Westen. Am Caspe-Stausee stehen dann genug Boote f\u00fcr alle Teilnehmer bereit. Nat\u00fcrlich kann auch vom Ufer aus gefischt werden. Exklusive Flug m\u00f6chten wir Euch vollen Service f\u00fcr unter 500 Euro bieten. Nat\u00fcrlich schauen wir, dass das alles so g\u00fcnstig wie nur m\u00f6glich wird. Sobald wir die Konditionen mit den Anbietern vor Ort ausgedealt haben, werden wir konkret! Versprochen\u2026\u00a0\u00a0 <\/P><br \/>\n<P>Vielleicht k\u00f6nnt Ihr hier in den Kommentaren schon mal andeuten, ob da Interesse besteht, so dass wir absch\u00e4tzen k\u00f6nnen, f\u00fcr wie viele von Euch wir ein Quartier und einen Bootsplatz suchen sollen. Danke!<\/P><br \/>\n<P align=center><IMG alt=\"\" hspace=0 src=\"\/1import\/impArtclImgs\/11035468031_caspe_wels1.jpg\" align=baseline border=0><\/P><br \/>\n<P align=center><IMG alt=\"\" hspace=0 src=\"\/1import\/impArtclImgs\/11035468032_thomas_c_zander.jpg\" align=baseline border=0><\/P><br \/>\n<P align=center><IMG alt=\"\" hspace=0 src=\"\/1import\/impArtclImgs\/11035468033_hannes_c_zander2.jpg\" align=baseline border=0><\/P><br \/>\n<P align=center><IMG alt=\"\" hspace=0 src=\"\/1import\/impArtclImgs\/11035468034_erster_c_zander.jpg\" align=baseline border=0><\/P><br \/>\n<P align=center><IMG alt=\"\" hspace=0 src=\"\/1import\/impArtclImgs\/11035468035_david_zander.jpg\" align=baseline border=0><\/P><br \/>\n<P align=center><br \/>\u00a0<\/P><\/p>\n","protected":false},"excerpt":{"rendered":"<p>Wir wissen noch nichts Genaues. Wir wissen nur, dass wir n\u00e4chstes Jahr wieder nach Spanien wollen. Und dass es uns am Caspe-Stausee sehr gut gefallen hat. Und dass wir da noch ne Rechnung mit den Zandern, mit den Schwarzbarschen und auch den Welsen offen haben. Und dass wir uns der Herausforderung auf jeden Fall stellen &hellip; <\/p>\n<p class=\"link-more\"><a href=\"https:\/\/www.barsch-alarm.de\/news\/barsch-alarm-exkursion-nach-spanien\/\" class=\"more-link\">Read more\u2026<\/a><\/p>\n","protected":false},"author":5,"featured_media":1950,"comment_status":"open","ping_status":"open","sticky":false,"template":"","format":"standard","meta":[],"categories":[1],"tags":[],"featured_image_urls":{"full":["https:\/\/www.barsch-alarm.de\/news\/wp-content\/uploads\/vbimport\/11035468030_c_stau.jpg",125,94,false],"thumbnail":["https:\/\/www.barsch-alarm.de\/news\/wp-content\/uploads\/vbimport\/11035468030_c_stau.jpg",125,94,false],"medium":["https:\/\/www.barsch-alarm.de\/news\/wp-content\/uploads\/vbimport\/11035468030_c_stau.jpg",125,94,false],"medium_large":["https:\/\/www.barsch-alarm.de\/news\/wp-content\/uploads\/vbimport\/11035468030_c_stau.jpg",125,94,false],"large":["https:\/\/www.barsch-alarm.de\/news\/wp-content\/uploads\/vbimport\/11035468030_c_stau.jpg",125,94,false],"1536x1536":["https:\/\/www.barsch-alarm.de\/news\/wp-content\/uploads\/vbimport\/11035468030_c_stau.jpg",125,94,false],"2048x2048":["https:\/\/www.barsch-alarm.de\/news\/wp-content\/uploads\/vbimport\/11035468030_c_stau.jpg",125,94,false],"thxpress-featured-image":["https:\/\/www.barsch-alarm.de\/news\/wp-content\/uploads\/vbimport\/11035468030_c_stau.jpg",125,94,false],"400x250-crop":["https:\/\/www.barsch-alarm.de\/news\/wp-content\/uploads\/vbimport\/11035468030_c_stau.jpg",125,94,false]},"post_excerpt_stackable":"<p>Wir wissen noch nichts Genaues. Wir wissen nur, dass wir n\u00e4chstes Jahr wieder nach Spanien wollen. Und dass es uns am Caspe-Stausee sehr gut gefallen hat. Und dass wir da noch ne Rechnung mit den Zandern, mit den Schwarzbarschen und auch den Welsen offen haben. Und dass wir uns der Herausforderung auf jeden Fall stellen werden. Und das am besten kurz nach der Zanderlaichzeit Anfang\/Mitte Mai. Und dass wir Euch Genaueres im Januar verklickern k\u00f6nnen. Mehr allerdings nicht. Dennoch hat mich David gebeten, Euch jetzt schon einmal zu sensibilisieren. Schlie\u00dflich ist nicht jeder in der Lage, ganz spontan mal Urlaub&hellip;<\/p>\n","category_list":"<a href=\"https:\/\/www.barsch-alarm.de\/news\/category\/news\/\" rel=\"category tag\">News<\/a>","author_info":{"name":"dietel","url":"https:\/\/www.barsch-alarm.de\/news\/author\/dietel\/"},"comments_num":"21 Kommentare","featured_image_urls_v2":{"full":["https:\/\/www.barsch-alarm.de\/news\/wp-content\/uploads\/vbimport\/11035468030_c_stau.jpg",125,94,false],"thumbnail":["https:\/\/www.barsch-alarm.de\/news\/wp-content\/uploads\/vbimport\/11035468030_c_stau.jpg",125,94,false],"medium":["https:\/\/www.barsch-alarm.de\/news\/wp-content\/uploads\/vbimport\/11035468030_c_stau.jpg",125,94,false],"medium_large":["https:\/\/www.barsch-alarm.de\/news\/wp-content\/uploads\/vbimport\/11035468030_c_stau.jpg",125,94,false],"large":["https:\/\/www.barsch-alarm.de\/news\/wp-content\/uploads\/vbimport\/11035468030_c_stau.jpg",125,94,false],"1536x1536":["https:\/\/www.barsch-alarm.de\/news\/wp-content\/uploads\/vbimport\/11035468030_c_stau.jpg",125,94,false],"2048x2048":["https:\/\/www.barsch-alarm.de\/news\/wp-content\/uploads\/vbimport\/11035468030_c_stau.jpg",125,94,false],"thxpress-featured-image":["https:\/\/www.barsch-alarm.de\/news\/wp-content\/uploads\/vbimport\/11035468030_c_stau.jpg",125,94,false],"400x250-crop":["https:\/\/www.barsch-alarm.de\/news\/wp-content\/uploads\/vbimport\/11035468030_c_stau.jpg",125,94,false]},"post_excerpt_stackable_v2":"<p>Wir wissen noch nichts Genaues. Wir wissen nur, dass wir n\u00e4chstes Jahr wieder nach Spanien wollen. Und dass es uns am Caspe-Stausee sehr gut gefallen hat. Und dass wir da noch ne Rechnung mit den Zandern, mit den Schwarzbarschen und auch den Welsen offen haben. Und dass wir uns der Herausforderung auf jeden Fall stellen werden. Und das am besten kurz nach der Zanderlaichzeit Anfang\/Mitte Mai. Und dass wir Euch Genaueres im Januar verklickern k\u00f6nnen. Mehr allerdings nicht. Dennoch hat mich David gebeten, Euch jetzt schon einmal zu sensibilisieren. Schlie\u00dflich ist nicht jeder in der Lage, ganz spontan mal Urlaub&hellip;<\/p>\n","category_list_v2":"<a href=\"https:\/\/www.barsch-alarm.de\/news\/category\/news\/\" rel=\"category tag\">News<\/a>","author_info_v2":{"name":"dietel","url":"https:\/\/www.barsch-alarm.de\/news\/author\/dietel\/"},"comments_num_v2":"21 Kommentare","yoast_head":"<!-- This site is optimized with the Yoast SEO plugin v19.11 - https:\/\/yoast.com\/wordpress\/plugins\/seo\/ -->\n<title>Barsch-Alarm-Exkursion nach Spanien | Barsch-Alarm<\/title>\n<meta name=\"robots\" content=\"index, follow, max-snippet:-1, max-image-preview:large, max-video-preview:-1\" \/>\n<link rel=\"canonical\" href=\"https:\/\/www.barsch-alarm.de\/news\/barsch-alarm-exkursion-nach-spanien\/\" \/>\n<meta name=\"twitter:label1\" content=\"Verfasst von\" \/>\n\t<meta name=\"twitter:data1\" content=\"dietel\" \/>\n\t<meta name=\"twitter:label2\" content=\"Gesch\u00e4tzte Lesezeit\" \/>\n\t<meta name=\"twitter:data2\" content=\"1\u00a0Minute\" \/>\n<script type=\"application\/ld+json\" class=\"yoast-schema-graph\">{\"@context\":\"https:\/\/schema.org\",\"@graph\":[{\"@type\":\"Article\",\"@id\":\"https:\/\/www.barsch-alarm.de\/news\/barsch-alarm-exkursion-nach-spanien\/#article\",\"isPartOf\":{\"@id\":\"https:\/\/www.barsch-alarm.de\/news\/barsch-alarm-exkursion-nach-spanien\/\"},\"author\":{\"name\":\"dietel\",\"@id\":\"https:\/\/www.barsch-alarm.de\/news\/#\/schema\/person\/625ad6937f19daaa4355ae4dcce349f7\"},\"headline\":\"Barsch-Alarm-Exkursion nach Spanien\",\"datePublished\":\"2004-12-20T13:46:43+00:00\",\"dateModified\":\"2014-12-20T16:15:26+00:00\",\"mainEntityOfPage\":{\"@id\":\"https:\/\/www.barsch-alarm.de\/news\/barsch-alarm-exkursion-nach-spanien\/\"},\"wordCount\":286,\"commentCount\":21,\"publisher\":{\"@id\":\"https:\/\/www.barsch-alarm.de\/news\/#\/schema\/person\/625ad6937f19daaa4355ae4dcce349f7\"},\"articleSection\":[\"News\"],\"inLanguage\":\"de\",\"potentialAction\":[{\"@type\":\"CommentAction\",\"name\":\"Comment\",\"target\":[\"https:\/\/www.barsch-alarm.de\/news\/barsch-alarm-exkursion-nach-spanien\/#respond\"]}]},{\"@type\":\"WebPage\",\"@id\":\"https:\/\/www.barsch-alarm.de\/news\/barsch-alarm-exkursion-nach-spanien\/\",\"url\":\"https:\/\/www.barsch-alarm.de\/news\/barsch-alarm-exkursion-nach-spanien\/\",\"name\":\"Barsch-Alarm-Exkursion nach Spanien | Barsch-Alarm\",\"isPartOf\":{\"@id\":\"https:\/\/www.barsch-alarm.de\/news\/#website\"},\"datePublished\":\"2004-12-20T13:46:43+00:00\",\"dateModified\":\"2014-12-20T16:15:26+00:00\",\"breadcrumb\":{\"@id\":\"https:\/\/www.barsch-alarm.de\/news\/barsch-alarm-exkursion-nach-spanien\/#breadcrumb\"},\"inLanguage\":\"de\",\"potentialAction\":[{\"@type\":\"ReadAction\",\"target\":[\"https:\/\/www.barsch-alarm.de\/news\/barsch-alarm-exkursion-nach-spanien\/\"]}]},{\"@type\":\"BreadcrumbList\",\"@id\":\"https:\/\/www.barsch-alarm.de\/news\/barsch-alarm-exkursion-nach-spanien\/#breadcrumb\",\"itemListElement\":[{\"@type\":\"ListItem\",\"position\":1,\"name\":\"Startseite\",\"item\":\"https:\/\/www.barsch-alarm.de\/news\/\"},{\"@type\":\"ListItem\",\"position\":2,\"name\":\"Barsch-Alarm-Exkursion nach Spanien\"}]},{\"@type\":\"WebSite\",\"@id\":\"https:\/\/www.barsch-alarm.de\/news\/#website\",\"url\":\"https:\/\/www.barsch-alarm.de\/news\/\",\"name\":\"Barsch-Alarm\",\"description\":\"das gr\u00f6\u00dfte Angelforum f\u00fcr Spinnangler\",\"publisher\":{\"@id\":\"https:\/\/www.barsch-alarm.de\/news\/#\/schema\/person\/625ad6937f19daaa4355ae4dcce349f7\"},\"potentialAction\":[{\"@type\":\"SearchAction\",\"target\":{\"@type\":\"EntryPoint\",\"urlTemplate\":\"https:\/\/www.barsch-alarm.de\/news\/?s={search_term_string}\"},\"query-input\":\"required name=search_term_string\"}],\"inLanguage\":\"de\"},{\"@type\":[\"Person\",\"Organization\"],\"@id\":\"https:\/\/www.barsch-alarm.de\/news\/#\/schema\/person\/625ad6937f19daaa4355ae4dcce349f7\",\"name\":\"dietel\",\"image\":{\"@type\":\"ImageObject\",\"inLanguage\":\"de\",\"@id\":\"https:\/\/www.barsch-alarm.de\/news\/#\/schema\/person\/image\/\",\"url\":\"https:\/\/secure.gravatar.com\/avatar\/365783e1f60d378ef793fb7c5bb3ef04?s=96&d=mm&r=g\",\"contentUrl\":\"https:\/\/secure.gravatar.com\/avatar\/365783e1f60d378ef793fb7c5bb3ef04?s=96&d=mm&r=g\",\"caption\":\"dietel\"},\"logo\":{\"@id\":\"https:\/\/www.barsch-alarm.de\/news\/#\/schema\/person\/image\/\"},\"sameAs\":[\"http:\/\/www.barsch-alarm.de\/member.php?5-dietel\"],\"url\":\"https:\/\/www.barsch-alarm.de\/news\/author\/dietel\/\"}]}<\/script>\n<!-- \/ Yoast SEO plugin. -->","yoast_head_json":{"title":"Barsch-Alarm-Exkursion nach Spanien | Barsch-Alarm","robots":{"index":"index","follow":"follow","max-snippet":"max-snippet:-1","max-image-preview":"max-image-preview:large","max-video-preview":"max-video-preview:-1"},"canonical":"https:\/\/www.barsch-alarm.de\/news\/barsch-alarm-exkursion-nach-spanien\/","twitter_misc":{"Verfasst von":"dietel","Gesch\u00e4tzte Lesezeit":"1\u00a0Minute"},"schema":{"@context":"https:\/\/schema.org","@graph":[{"@type":"Article","@id":"https:\/\/www.barsch-alarm.de\/news\/barsch-alarm-exkursion-nach-spanien\/#article","isPartOf":{"@id":"https:\/\/www.barsch-alarm.de\/news\/barsch-alarm-exkursion-nach-spanien\/"},"author":{"name":"dietel","@id":"https:\/\/www.barsch-alarm.de\/news\/#\/schema\/person\/625ad6937f19daaa4355ae4dcce349f7"},"headline":"Barsch-Alarm-Exkursion nach Spanien","datePublished":"2004-12-20T13:46:43+00:00","dateModified":"2014-12-20T16:15:26+00:00","mainEntityOfPage":{"@id":"https:\/\/www.barsch-alarm.de\/news\/barsch-alarm-exkursion-nach-spanien\/"},"wordCount":286,"commentCount":21,"publisher":{"@id":"https:\/\/www.barsch-alarm.de\/news\/#\/schema\/person\/625ad6937f19daaa4355ae4dcce349f7"},"articleSection":["News"],"inLanguage":"de","potentialAction":[{"@type":"CommentAction","name":"Comment","target":["https:\/\/www.barsch-alarm.de\/news\/barsch-alarm-exkursion-nach-spanien\/#respond"]}]},{"@type":"WebPage","@id":"https:\/\/www.barsch-alarm.de\/news\/barsch-alarm-exkursion-nach-spanien\/","url":"https:\/\/www.barsch-alarm.de\/news\/barsch-alarm-exkursion-nach-spanien\/","name":"Barsch-Alarm-Exkursion nach Spanien | Barsch-Alarm","isPartOf":{"@id":"https:\/\/www.barsch-alarm.de\/news\/#website"},"datePublished":"2004-12-20T13:46:43+00:00","dateModified":"2014-12-20T16:15:26+00:00","breadcrumb":{"@id":"https:\/\/www.barsch-alarm.de\/news\/barsch-alarm-exkursion-nach-spanien\/#breadcrumb"},"inLanguage":"de","potentialAction":[{"@type":"ReadAction","target":["https:\/\/www.barsch-alarm.de\/news\/barsch-alarm-exkursion-nach-spanien\/"]}]},{"@type":"BreadcrumbList","@id":"https:\/\/www.barsch-alarm.de\/news\/barsch-alarm-exkursion-nach-spanien\/#breadcrumb","itemListElement":[{"@type":"ListItem","position":1,"name":"Startseite","item":"https:\/\/www.barsch-alarm.de\/news\/"},{"@type":"ListItem","position":2,"name":"Barsch-Alarm-Exkursion nach Spanien"}]},{"@type":"WebSite","@id":"https:\/\/www.barsch-alarm.de\/news\/#website","url":"https:\/\/www.barsch-alarm.de\/news\/","name":"Barsch-Alarm","description":"das gr\u00f6\u00dfte Angelforum f\u00fcr Spinnangler","publisher":{"@id":"https:\/\/www.barsch-alarm.de\/news\/#\/schema\/person\/625ad6937f19daaa4355ae4dcce349f7"},"potentialAction":[{"@type":"SearchAction","target":{"@type":"EntryPoint","urlTemplate":"https:\/\/www.barsch-alarm.de\/news\/?s={search_term_string}"},"query-input":"required name=search_term_string"}],"inLanguage":"de"},{"@type":["Person","Organization"],"@id":"https:\/\/www.barsch-alarm.de\/news\/#\/schema\/person\/625ad6937f19daaa4355ae4dcce349f7","name":"dietel","image":{"@type":"ImageObject","inLanguage":"de","@id":"https:\/\/www.barsch-alarm.de\/news\/#\/schema\/person\/image\/","url":"https:\/\/secure.gravatar.com\/avatar\/365783e1f60d378ef793fb7c5bb3ef04?s=96&d=mm&r=g","contentUrl":"https:\/\/secure.gravatar.com\/avatar\/365783e1f60d378ef793fb7c5bb3ef04?s=96&d=mm&r=g","caption":"dietel"},"logo":{"@id":"https:\/\/www.barsch-alarm.de\/news\/#\/schema\/person\/image\/"},"sameAs":["http:\/\/www.barsch-alarm.de\/member.php?5-dietel"],"url":"https:\/\/www.barsch-alarm.de\/news\/author\/dietel\/"}]}},"_links":{"self":[{"href":"https:\/\/www.barsch-alarm.de\/news\/wp-json\/wp\/v2\/posts\/1949"}],"collection":[{"href":"https:\/\/www.barsch-alarm.de\/news\/wp-json\/wp\/v2\/posts"}],"about":[{"href":"https:\/\/www.barsch-alarm.de\/news\/wp-json\/wp\/v2\/types\/post"}],"author":[{"embeddable":true,"href":"https:\/\/www.barsch-alarm.de\/news\/wp-json\/wp\/v2\/users\/5"}],"replies":[{"embeddable":true,"href":"https:\/\/www.barsch-alarm.de\/news\/wp-json\/wp\/v2\/comments?post=1949"}],"version-history":[{"count":1,"href":"https:\/\/www.barsch-alarm.de\/news\/wp-json\/wp\/v2\/posts\/1949\/revisions"}],"predecessor-version":[{"id":3669,"href":"https:\/\/www.barsch-alarm.de\/news\/wp-json\/wp\/v2\/posts\/1949\/revisions\/3669"}],"wp:featuredmedia":[{"embeddable":true,"href":"https:\/\/www.barsch-alarm.de\/news\/wp-json\/wp\/v2\/media\/1950"}],"wp:attachment":[{"href":"https:\/\/www.barsch-alarm.de\/news\/wp-json\/wp\/v2\/media?parent=1949"}],"wp:term":[{"taxonomy":"category","embeddable":true,"href":"https:\/\/www.barsch-alarm.de\/news\/wp-json\/wp\/v2\/categories?post=1949"},{"taxonomy":"post_tag","embeddable":true,"href":"https:\/\/www.barsch-alarm.de\/news\/wp-json\/wp\/v2\/tags?post=1949"}],"curies":[{"name":"wp","href":"https:\/\/api.w.org\/{rel}","templated":true}]}}