{"id":1872,"date":"2005-03-24T08:12:44","date_gmt":"2005-03-24T08:12:44","guid":{"rendered":""},"modified":"2014-12-20T17:15:25","modified_gmt":"2014-12-20T16:15:25","slug":"auf-der-suche-nach-den-dorschen","status":"publish","type":"post","link":"https:\/\/www.barsch-alarm.de\/news\/auf-der-suche-nach-den-dorschen\/","title":{"rendered":"Auf der Suche nach den Dorschen"},"content":{"rendered":"<p><P><IMG alt=\"\" hspace=10 src=\"\/1import\/impArtclImgs\/11116483640_pechi_fedo.jpg\" align=left border=0>Am letzten Wochenende waren wir mit Jan und Oli auf Fehmarn, um den Dorschen nachzustellen. Nachdem wir uns am Freitagabend so richtig hei\u00df gemacht haben, ging es Samstag fr\u00fch zum Hafen, um das Boot zu slippen. Schon im Hafen war klar, dass der Wind nicht auf unserer Seite war, denn der pfiff uns kr\u00e4ftig aus \u00f6stlicher Richtung um die Ohren. Wir wollten unser Gl\u00fcck aber trotzdem versuchen und steuerten deshalb die Westk\u00fcste an, um in deren Schutz zu angeln. <\/P><br \/>\n<P>Leider war das Wasser mit 2-3 Grad noch unerwartet kalt und durch den kr\u00e4ftigen Seegang angetr\u00fcbt, so dass die Angelei in den flacheren Bereichen von 4 \u2013 7 Metern keinen Erfolg versprach. Deshalb fuhren wir zur\u00fcck in den Fehmarnsund, um es dort in den tieferen L\u00f6chern und Rinnen zu versuchen. Ein erster Blick auf das Echolot lie\u00df aber nicht viel erwarten: Nur vereinzelte Echos im Mittelwasser, kein einziger Heringsschwarm und in Grundn\u00e4he war absolut tote Hose. Der starke Wind und die Wellen machten die Angelei zudem nicht gerade leicht und so blieben unsere K\u00f6der an diesem Tag v\u00f6llig unbeachtet. Wir beschlossen zur\u00fcck in den Hafen zu fahren und auf den n\u00e4chsten Tag zu setzen, da schwacher Wind aus Ost angesagt war und dann hoffentlich ein Angeln in den tieferen Bereichen der Ostk\u00fcste m\u00f6glich sein sollte.<\/P><P>Wir waren abends recht froh, endlich wieder festen Boden unter den F\u00fc\u00dfen zu haben, da die Hin- und R\u00fcckfahrt wegen der hohen Wellen ziemlich anstrengend war. Die Ostsee ist halt doch ein anderes Kaliber als ein Binnengew\u00e4sser!<br \/>In der warmen Ferienwohnung angekommen gab es dann statt der erwarteten Dorsch-Filets fertigen Kartoffel-Salat mit W\u00fcrstchen. Dazu noch ein, zwei Bierchen und der Schneidertag war halbwegs vergessen.<\/P><br \/>\n<P>Am n\u00e4chsten Morgen blickten wir dann gespannt aus dem Fenster und waren froh, dass die Wettervorhersage endlich einmal Recht behalten hat. Also ging es schnell zum Hafen und in wenigen Minuten waren wir in Richtung Ostk\u00fcste unterwegs. Wind und Wellen hielten sich in Grenzen und so schickten wir unsere K\u00f6der zum Grund. Nachdem wir uns dann in Tiefen von \u00fcber 18 Metern vorgearbeitet hatten, waren auf dem Echolot die ersten Herings- und Dorschschw\u00e4rme zu erkennen. Das sah schon mal gut aus! Es dauerte aber noch eine Weile bis Pechi den ersten sch\u00f6nen Dorsch auf einen Meerforellenblinker gefangen hat. Danach fanden auch ein paar Heringe den Weg ins Boot und wir wussten, dass wir endlich f\u00fcndig geworden sind! Wir angelten jetzt mit Pilkern bis 60 g und Heringsvorf\u00e4chern, um den K\u00f6der bei bis zu 21 Metern Wassertiefe am Grund halten zu k\u00f6nnen. Das Ergebnis waren aber nur ein paar 40er Klein-Dorsche, die wir alle wieder schwimmen lie\u00dfen. <br \/><\/P><br \/>\n<P><IMG alt=\"\" hspace=10 src=\"\/1import\/impArtclImgs\/11116483641_fedo_close.jpg\" align=right border=0>Die Ostsee-Tour mit Damian (<A href=\"http:\/\/www.Hechtfieber.de\" target=blank>www.Hechtfieber.de<\/A>) und Marius (<A href=\"http:\/\/www.Zanderfieber.de\" target=blank>www.Zanderfieber.de<\/A>) noch in guter Erinnerung setzten wir jetzt auf Vertikalk\u00f6der: <\/P><br \/>\n<P>Shad von Bass Assassin und Fin-S Fish 5\u201c am 40g-Jigkopf. Aufgrund der schlanken K\u00f6derform konnten wir die Gummis sch\u00f6n in Grundn\u00e4he f\u00fchren, wobei der langsamere F\u00fchrungsstil den Durchbruch brachte. Immer wieder drillten wir sch\u00f6ne Dorsche, die beherzt zupackten. Bei wolkenlosem Himmel genossen wir die frische Ostseeluft und konnten immerhin ca. 15 Dorsche und noch ein paar Heringe fangen. So macht Angeln Spa\u00df!<\/P><br \/>\n<P>Da uns ja noch die R\u00fcckfahrt zum Hafen und die Heimreise bevorstand, beschlossen wir gegen 15 Uhr unsere Angeln zu verstauen und fuhren zur\u00fcck zum Hafen. Als das Boot dann wieder auf dem Trailer lag und alle Sachen im Auto verstaut waren, verabschiedeten wir die beiden Richtung Berlin und traten ebenfalls die Heimfahrt an. Obwohl das Fangergebnis eher durchschnittlich war, hatten wir eine Menge Spa\u00df und es war ganz sicher nicht der letzte gemeinsame Ausflug.<\/P><br \/>\n<P align=center><IMG alt=\"\" hspace=0 src=\"\/1import\/impArtclImgs\/11116483642_andi_fedo.jpg\" align=baseline border=0><\/P><br \/>\n<P>Die Bedingungen waren am letzten Wochenende eher schwierig (ein Angelkutter mit 35 Anglern erwischte am Samstag auch nur 2 Dorsche), doch wenn sich das Wasser in den n\u00e4chsten Wochen erw\u00e4rmt, geht es an der K\u00fcste richtig rund. Die Dorsche m\u00e4sten sich nach dem Ablaichen an den Krebsen und Kleintieren und lassen sich sehr gut in Wassertiefen von 4 \u2013 10 Metern beangeln. Wir werden bis zum gemeinsamen Dorschangeln im April die Bedingungen weiterhin testen und euch auf dem Laufenden halten.<\/P><br \/>\n<P>Es sind \u00fcbrigens noch Pl\u00e4tze frei!<\/P><br \/>\n<P>Hier findet ihr die Eckdaten: <br \/><A href=\"https:\/\/www.barsch-alarm.de\/index.php?name=Forums&#038;file=viewtopic&#038;t=1141\">https:\/\/www.barsch-alarm.de\/index.php?name=Forums&#038;file=viewtopic&#038;t=1141<\/A><br \/><\/P><\/p>\n","protected":false},"excerpt":{"rendered":"<p>Am letzten Wochenende waren wir mit Jan und Oli auf Fehmarn, um den Dorschen nachzustellen. Nachdem wir uns am Freitagabend so richtig hei\u00df gemacht haben, ging es Samstag fr\u00fch zum Hafen, um das Boot zu slippen. Schon im Hafen war klar, dass der Wind nicht auf unserer Seite war, denn der pfiff uns kr\u00e4ftig aus &hellip; <\/p>\n<p class=\"link-more\"><a href=\"https:\/\/www.barsch-alarm.de\/news\/auf-der-suche-nach-den-dorschen\/\" class=\"more-link\">Read more\u2026<\/a><\/p>\n","protected":false},"author":5,"featured_media":1873,"comment_status":"open","ping_status":"open","sticky":false,"template":"","format":"standard","meta":[],"categories":[7],"tags":[],"featured_image_urls":{"full":["https:\/\/www.barsch-alarm.de\/news\/wp-content\/uploads\/vbimport\/11116483640_pechi_fedo.jpg",145,108,false],"thumbnail":["https:\/\/www.barsch-alarm.de\/news\/wp-content\/uploads\/vbimport\/11116483640_pechi_fedo.jpg",145,108,false],"medium":["https:\/\/www.barsch-alarm.de\/news\/wp-content\/uploads\/vbimport\/11116483640_pechi_fedo.jpg",145,108,false],"medium_large":["https:\/\/www.barsch-alarm.de\/news\/wp-content\/uploads\/vbimport\/11116483640_pechi_fedo.jpg",145,108,false],"large":["https:\/\/www.barsch-alarm.de\/news\/wp-content\/uploads\/vbimport\/11116483640_pechi_fedo.jpg",145,108,false],"1536x1536":["https:\/\/www.barsch-alarm.de\/news\/wp-content\/uploads\/vbimport\/11116483640_pechi_fedo.jpg",145,108,false],"2048x2048":["https:\/\/www.barsch-alarm.de\/news\/wp-content\/uploads\/vbimport\/11116483640_pechi_fedo.jpg",145,108,false],"thxpress-featured-image":["https:\/\/www.barsch-alarm.de\/news\/wp-content\/uploads\/vbimport\/11116483640_pechi_fedo.jpg",145,108,false],"400x250-crop":["https:\/\/www.barsch-alarm.de\/news\/wp-content\/uploads\/vbimport\/11116483640_pechi_fedo.jpg",145,108,false]},"post_excerpt_stackable":"<p>Am letzten Wochenende waren wir mit Jan und Oli auf Fehmarn, um den Dorschen nachzustellen. Nachdem wir uns am Freitagabend so richtig hei\u00df gemacht haben, ging es Samstag fr\u00fch zum Hafen, um das Boot zu slippen. Schon im Hafen war klar, dass der Wind nicht auf unserer Seite war, denn der pfiff uns kr\u00e4ftig aus \u00f6stlicher Richtung um die Ohren. Wir wollten unser Gl\u00fcck aber trotzdem versuchen und steuerten deshalb die Westk\u00fcste an, um in deren Schutz zu angeln. Leider war das Wasser mit 2-3 Grad noch unerwartet kalt und durch den kr\u00e4ftigen Seegang angetr\u00fcbt, so dass die Angelei in&hellip;<\/p>\n","category_list":"<a href=\"https:\/\/www.barsch-alarm.de\/news\/category\/fangberichte\/\" rel=\"category tag\">Fangberichte<\/a>","author_info":{"name":"dietel","url":"https:\/\/www.barsch-alarm.de\/news\/author\/dietel\/"},"comments_num":"10 Kommentare","featured_image_urls_v2":{"full":["https:\/\/www.barsch-alarm.de\/news\/wp-content\/uploads\/vbimport\/11116483640_pechi_fedo.jpg",145,108,false],"thumbnail":["https:\/\/www.barsch-alarm.de\/news\/wp-content\/uploads\/vbimport\/11116483640_pechi_fedo.jpg",145,108,false],"medium":["https:\/\/www.barsch-alarm.de\/news\/wp-content\/uploads\/vbimport\/11116483640_pechi_fedo.jpg",145,108,false],"medium_large":["https:\/\/www.barsch-alarm.de\/news\/wp-content\/uploads\/vbimport\/11116483640_pechi_fedo.jpg",145,108,false],"large":["https:\/\/www.barsch-alarm.de\/news\/wp-content\/uploads\/vbimport\/11116483640_pechi_fedo.jpg",145,108,false],"1536x1536":["https:\/\/www.barsch-alarm.de\/news\/wp-content\/uploads\/vbimport\/11116483640_pechi_fedo.jpg",145,108,false],"2048x2048":["https:\/\/www.barsch-alarm.de\/news\/wp-content\/uploads\/vbimport\/11116483640_pechi_fedo.jpg",145,108,false],"thxpress-featured-image":["https:\/\/www.barsch-alarm.de\/news\/wp-content\/uploads\/vbimport\/11116483640_pechi_fedo.jpg",145,108,false],"400x250-crop":["https:\/\/www.barsch-alarm.de\/news\/wp-content\/uploads\/vbimport\/11116483640_pechi_fedo.jpg",145,108,false]},"post_excerpt_stackable_v2":"<p>Am letzten Wochenende waren wir mit Jan und Oli auf Fehmarn, um den Dorschen nachzustellen. Nachdem wir uns am Freitagabend so richtig hei\u00df gemacht haben, ging es Samstag fr\u00fch zum Hafen, um das Boot zu slippen. Schon im Hafen war klar, dass der Wind nicht auf unserer Seite war, denn der pfiff uns kr\u00e4ftig aus \u00f6stlicher Richtung um die Ohren. Wir wollten unser Gl\u00fcck aber trotzdem versuchen und steuerten deshalb die Westk\u00fcste an, um in deren Schutz zu angeln. Leider war das Wasser mit 2-3 Grad noch unerwartet kalt und durch den kr\u00e4ftigen Seegang angetr\u00fcbt, so dass die Angelei in&hellip;<\/p>\n","category_list_v2":"<a href=\"https:\/\/www.barsch-alarm.de\/news\/category\/fangberichte\/\" rel=\"category tag\">Fangberichte<\/a>","author_info_v2":{"name":"dietel","url":"https:\/\/www.barsch-alarm.de\/news\/author\/dietel\/"},"comments_num_v2":"10 Kommentare","yoast_head":"<!-- This site is optimized with the Yoast SEO plugin v19.11 - https:\/\/yoast.com\/wordpress\/plugins\/seo\/ -->\n<title>Auf der Suche nach den Dorschen | Barsch-Alarm<\/title>\n<meta name=\"robots\" content=\"index, follow, max-snippet:-1, max-image-preview:large, max-video-preview:-1\" \/>\n<link rel=\"canonical\" href=\"https:\/\/www.barsch-alarm.de\/news\/auf-der-suche-nach-den-dorschen\/\" \/>\n<meta name=\"twitter:label1\" content=\"Verfasst von\" \/>\n\t<meta name=\"twitter:data1\" content=\"dietel\" \/>\n\t<meta name=\"twitter:label2\" content=\"Gesch\u00e4tzte Lesezeit\" \/>\n\t<meta name=\"twitter:data2\" content=\"4\u00a0Minuten\" \/>\n<script type=\"application\/ld+json\" class=\"yoast-schema-graph\">{\"@context\":\"https:\/\/schema.org\",\"@graph\":[{\"@type\":\"Article\",\"@id\":\"https:\/\/www.barsch-alarm.de\/news\/auf-der-suche-nach-den-dorschen\/#article\",\"isPartOf\":{\"@id\":\"https:\/\/www.barsch-alarm.de\/news\/auf-der-suche-nach-den-dorschen\/\"},\"author\":{\"name\":\"dietel\",\"@id\":\"https:\/\/www.barsch-alarm.de\/news\/#\/schema\/person\/625ad6937f19daaa4355ae4dcce349f7\"},\"headline\":\"Auf der Suche nach den Dorschen\",\"datePublished\":\"2005-03-24T08:12:44+00:00\",\"dateModified\":\"2014-12-20T16:15:25+00:00\",\"mainEntityOfPage\":{\"@id\":\"https:\/\/www.barsch-alarm.de\/news\/auf-der-suche-nach-den-dorschen\/\"},\"wordCount\":729,\"commentCount\":10,\"publisher\":{\"@id\":\"https:\/\/www.barsch-alarm.de\/news\/#\/schema\/person\/625ad6937f19daaa4355ae4dcce349f7\"},\"articleSection\":[\"Fangberichte\"],\"inLanguage\":\"de\",\"potentialAction\":[{\"@type\":\"CommentAction\",\"name\":\"Comment\",\"target\":[\"https:\/\/www.barsch-alarm.de\/news\/auf-der-suche-nach-den-dorschen\/#respond\"]}]},{\"@type\":\"WebPage\",\"@id\":\"https:\/\/www.barsch-alarm.de\/news\/auf-der-suche-nach-den-dorschen\/\",\"url\":\"https:\/\/www.barsch-alarm.de\/news\/auf-der-suche-nach-den-dorschen\/\",\"name\":\"Auf der Suche nach den Dorschen | Barsch-Alarm\",\"isPartOf\":{\"@id\":\"https:\/\/www.barsch-alarm.de\/news\/#website\"},\"datePublished\":\"2005-03-24T08:12:44+00:00\",\"dateModified\":\"2014-12-20T16:15:25+00:00\",\"breadcrumb\":{\"@id\":\"https:\/\/www.barsch-alarm.de\/news\/auf-der-suche-nach-den-dorschen\/#breadcrumb\"},\"inLanguage\":\"de\",\"potentialAction\":[{\"@type\":\"ReadAction\",\"target\":[\"https:\/\/www.barsch-alarm.de\/news\/auf-der-suche-nach-den-dorschen\/\"]}]},{\"@type\":\"BreadcrumbList\",\"@id\":\"https:\/\/www.barsch-alarm.de\/news\/auf-der-suche-nach-den-dorschen\/#breadcrumb\",\"itemListElement\":[{\"@type\":\"ListItem\",\"position\":1,\"name\":\"Startseite\",\"item\":\"https:\/\/www.barsch-alarm.de\/news\/\"},{\"@type\":\"ListItem\",\"position\":2,\"name\":\"Auf der Suche nach den Dorschen\"}]},{\"@type\":\"WebSite\",\"@id\":\"https:\/\/www.barsch-alarm.de\/news\/#website\",\"url\":\"https:\/\/www.barsch-alarm.de\/news\/\",\"name\":\"Barsch-Alarm\",\"description\":\"das gr\u00f6\u00dfte Angelforum f\u00fcr Spinnangler\",\"publisher\":{\"@id\":\"https:\/\/www.barsch-alarm.de\/news\/#\/schema\/person\/625ad6937f19daaa4355ae4dcce349f7\"},\"potentialAction\":[{\"@type\":\"SearchAction\",\"target\":{\"@type\":\"EntryPoint\",\"urlTemplate\":\"https:\/\/www.barsch-alarm.de\/news\/?s={search_term_string}\"},\"query-input\":\"required name=search_term_string\"}],\"inLanguage\":\"de\"},{\"@type\":[\"Person\",\"Organization\"],\"@id\":\"https:\/\/www.barsch-alarm.de\/news\/#\/schema\/person\/625ad6937f19daaa4355ae4dcce349f7\",\"name\":\"dietel\",\"image\":{\"@type\":\"ImageObject\",\"inLanguage\":\"de\",\"@id\":\"https:\/\/www.barsch-alarm.de\/news\/#\/schema\/person\/image\/\",\"url\":\"https:\/\/secure.gravatar.com\/avatar\/365783e1f60d378ef793fb7c5bb3ef04?s=96&d=mm&r=g\",\"contentUrl\":\"https:\/\/secure.gravatar.com\/avatar\/365783e1f60d378ef793fb7c5bb3ef04?s=96&d=mm&r=g\",\"caption\":\"dietel\"},\"logo\":{\"@id\":\"https:\/\/www.barsch-alarm.de\/news\/#\/schema\/person\/image\/\"},\"sameAs\":[\"http:\/\/www.barsch-alarm.de\/member.php?5-dietel\"],\"url\":\"https:\/\/www.barsch-alarm.de\/news\/author\/dietel\/\"}]}<\/script>\n<!-- \/ Yoast SEO plugin. -->","yoast_head_json":{"title":"Auf der Suche nach den Dorschen | Barsch-Alarm","robots":{"index":"index","follow":"follow","max-snippet":"max-snippet:-1","max-image-preview":"max-image-preview:large","max-video-preview":"max-video-preview:-1"},"canonical":"https:\/\/www.barsch-alarm.de\/news\/auf-der-suche-nach-den-dorschen\/","twitter_misc":{"Verfasst von":"dietel","Gesch\u00e4tzte Lesezeit":"4\u00a0Minuten"},"schema":{"@context":"https:\/\/schema.org","@graph":[{"@type":"Article","@id":"https:\/\/www.barsch-alarm.de\/news\/auf-der-suche-nach-den-dorschen\/#article","isPartOf":{"@id":"https:\/\/www.barsch-alarm.de\/news\/auf-der-suche-nach-den-dorschen\/"},"author":{"name":"dietel","@id":"https:\/\/www.barsch-alarm.de\/news\/#\/schema\/person\/625ad6937f19daaa4355ae4dcce349f7"},"headline":"Auf der Suche nach den Dorschen","datePublished":"2005-03-24T08:12:44+00:00","dateModified":"2014-12-20T16:15:25+00:00","mainEntityOfPage":{"@id":"https:\/\/www.barsch-alarm.de\/news\/auf-der-suche-nach-den-dorschen\/"},"wordCount":729,"commentCount":10,"publisher":{"@id":"https:\/\/www.barsch-alarm.de\/news\/#\/schema\/person\/625ad6937f19daaa4355ae4dcce349f7"},"articleSection":["Fangberichte"],"inLanguage":"de","potentialAction":[{"@type":"CommentAction","name":"Comment","target":["https:\/\/www.barsch-alarm.de\/news\/auf-der-suche-nach-den-dorschen\/#respond"]}]},{"@type":"WebPage","@id":"https:\/\/www.barsch-alarm.de\/news\/auf-der-suche-nach-den-dorschen\/","url":"https:\/\/www.barsch-alarm.de\/news\/auf-der-suche-nach-den-dorschen\/","name":"Auf der Suche nach den Dorschen | Barsch-Alarm","isPartOf":{"@id":"https:\/\/www.barsch-alarm.de\/news\/#website"},"datePublished":"2005-03-24T08:12:44+00:00","dateModified":"2014-12-20T16:15:25+00:00","breadcrumb":{"@id":"https:\/\/www.barsch-alarm.de\/news\/auf-der-suche-nach-den-dorschen\/#breadcrumb"},"inLanguage":"de","potentialAction":[{"@type":"ReadAction","target":["https:\/\/www.barsch-alarm.de\/news\/auf-der-suche-nach-den-dorschen\/"]}]},{"@type":"BreadcrumbList","@id":"https:\/\/www.barsch-alarm.de\/news\/auf-der-suche-nach-den-dorschen\/#breadcrumb","itemListElement":[{"@type":"ListItem","position":1,"name":"Startseite","item":"https:\/\/www.barsch-alarm.de\/news\/"},{"@type":"ListItem","position":2,"name":"Auf der Suche nach den Dorschen"}]},{"@type":"WebSite","@id":"https:\/\/www.barsch-alarm.de\/news\/#website","url":"https:\/\/www.barsch-alarm.de\/news\/","name":"Barsch-Alarm","description":"das gr\u00f6\u00dfte Angelforum f\u00fcr Spinnangler","publisher":{"@id":"https:\/\/www.barsch-alarm.de\/news\/#\/schema\/person\/625ad6937f19daaa4355ae4dcce349f7"},"potentialAction":[{"@type":"SearchAction","target":{"@type":"EntryPoint","urlTemplate":"https:\/\/www.barsch-alarm.de\/news\/?s={search_term_string}"},"query-input":"required name=search_term_string"}],"inLanguage":"de"},{"@type":["Person","Organization"],"@id":"https:\/\/www.barsch-alarm.de\/news\/#\/schema\/person\/625ad6937f19daaa4355ae4dcce349f7","name":"dietel","image":{"@type":"ImageObject","inLanguage":"de","@id":"https:\/\/www.barsch-alarm.de\/news\/#\/schema\/person\/image\/","url":"https:\/\/secure.gravatar.com\/avatar\/365783e1f60d378ef793fb7c5bb3ef04?s=96&d=mm&r=g","contentUrl":"https:\/\/secure.gravatar.com\/avatar\/365783e1f60d378ef793fb7c5bb3ef04?s=96&d=mm&r=g","caption":"dietel"},"logo":{"@id":"https:\/\/www.barsch-alarm.de\/news\/#\/schema\/person\/image\/"},"sameAs":["http:\/\/www.barsch-alarm.de\/member.php?5-dietel"],"url":"https:\/\/www.barsch-alarm.de\/news\/author\/dietel\/"}]}},"_links":{"self":[{"href":"https:\/\/www.barsch-alarm.de\/news\/wp-json\/wp\/v2\/posts\/1872"}],"collection":[{"href":"https:\/\/www.barsch-alarm.de\/news\/wp-json\/wp\/v2\/posts"}],"about":[{"href":"https:\/\/www.barsch-alarm.de\/news\/wp-json\/wp\/v2\/types\/post"}],"author":[{"embeddable":true,"href":"https:\/\/www.barsch-alarm.de\/news\/wp-json\/wp\/v2\/users\/5"}],"replies":[{"embeddable":true,"href":"https:\/\/www.barsch-alarm.de\/news\/wp-json\/wp\/v2\/comments?post=1872"}],"version-history":[{"count":1,"href":"https:\/\/www.barsch-alarm.de\/news\/wp-json\/wp\/v2\/posts\/1872\/revisions"}],"predecessor-version":[{"id":3630,"href":"https:\/\/www.barsch-alarm.de\/news\/wp-json\/wp\/v2\/posts\/1872\/revisions\/3630"}],"wp:featuredmedia":[{"embeddable":true,"href":"https:\/\/www.barsch-alarm.de\/news\/wp-json\/wp\/v2\/media\/1873"}],"wp:attachment":[{"href":"https:\/\/www.barsch-alarm.de\/news\/wp-json\/wp\/v2\/media?parent=1872"}],"wp:term":[{"taxonomy":"category","embeddable":true,"href":"https:\/\/www.barsch-alarm.de\/news\/wp-json\/wp\/v2\/categories?post=1872"},{"taxonomy":"post_tag","embeddable":true,"href":"https:\/\/www.barsch-alarm.de\/news\/wp-json\/wp\/v2\/tags?post=1872"}],"curies":[{"name":"wp","href":"https:\/\/api.w.org\/{rel}","templated":true}]}}