{"id":1566,"date":"2006-05-08T14:29:54","date_gmt":"2006-05-08T14:29:54","guid":{"rendered":""},"modified":"2014-12-20T17:15:07","modified_gmt":"2014-12-20T16:15:07","slug":"zweitgiges-angeln-an-der-frnkischen-saale-im-april-2006","status":"publish","type":"post","link":"https:\/\/www.barsch-alarm.de\/news\/zweitgiges-angeln-an-der-frnkischen-saale-im-april-2006\/","title":{"rendered":"Zweit\u00e4giges Angeln an der Fr\u00e4nkischen Saale im April 2006"},"content":{"rendered":"<p><img loading=\"lazy\" height=\"109\" alt=\"\" hspace=\"10\" src=\"\/1import\/impArtclImgs\/11470913940_cba_open.jpg\" width=\"145\" align=\"left\"\/>Hallo liebe Barsch-Alarmer, ich bin gerade mit Olli von der zweit&auml;tigen Forellenjagd zur&uuml;ckgekommen und zeige euch direkt ein paar Bilder davon.&nbsp;Am Freitag in aller Fr&uuml;he losgefahren, um an der Fr&auml;nkischen Saale festzustellen, dass es im Spessart in der Nacht sehr heftig geregnet hat und die Saale viel viel braunes Wasser f&uuml;hrt. <\/p>\n<p>Da rechnen wir uns nat&uuml;rlich nicht viel aus &#8211; haben aber die weite Fahrt (170 Km) auf uns genommen und wollen nicht so schnell aufgeben. Also die Spinnruten ausgepackt und losgelegt. Der April zeigt sich von seiner sch&ouml;nen Seite, so vergehen die Stunden im Nu, auch ohne Biss. Gegen 17:00 Uhr montiere ich den neu erworbenen Salmo Sting. <\/p>\n<p align=\"center\"><img loading=\"lazy\" height=\"338\" alt=\"\" src=\"\/1import\/impArtclImgs\/11470913941_cba_spinnen.jpg\" width=\"450\"\/><\/p>\n<p align=\"center\"><img loading=\"lazy\" height=\"300\" alt=\"\" src=\"\/1import\/impArtclImgs\/11470913942_cba_wobbler.jpg\" width=\"450\"\/><\/p>\n<p>Im harten Wasser kann ich doch tats&auml;chlich eine jagende Forelle ausmachen. Ein gezielter Wurf, und die Freude ist gro&szlig;, eine 30er Bachforelle kann dem Sting nicht widerstehen.<\/p>\n<p align=\"center\"><img loading=\"lazy\" height=\"338\" alt=\"\" src=\"\/1import\/impArtclImgs\/11470913943_cba_cba_bafo.jpg\" width=\"450\"\/><\/p>\n<p align=\"center\"><img loading=\"lazy\" height=\"338\" alt=\"\" src=\"\/1import\/impArtclImgs\/11470913944_cba_stil.jpg\" width=\"450\"\/><\/p>\n<p align=\"left\">Das war die richtige Motivationshilfe! Da geht doch noch was! Aber leider war es doch die einzige Forelle. Gegen 19:30 Uhr pl&ouml;tzlich ein Schlag unter der Br&uuml;cke!<\/p>\n<p align=\"center\"><img loading=\"lazy\" height=\"338\" alt=\"\" src=\"\/1import\/impArtclImgs\/11470913945_cba_fluss.jpg\" width=\"450\"\/><\/p>\n<p align=\"left\">Schnell montiere ich den Salmo Minnow SDR 7cm Trout, und gehe an den stromaufliegenden Br&uuml;ckenpfeiler. Lass den Salmo unter der Br&uuml;cke durch treiben, und hole ihn dann langsam ein! Beim ersten Spinnstop tut es einen gewaltigen Schlag an der leichten Cherrywood, ich denke schon jetzt haste endlich eine Kapitale Bachforelle, aber beim Drill merke ich bald das es ein anderer R&auml;uber ist, mit M&uuml;he und Not kann ich einen f&uuml;r das kleine Gew&auml;sser stattlichen Esox von 60 cm L&auml;nge mit dem Watkescher landen. <\/p>\n<p align=\"center\"><img loading=\"lazy\" height=\"338\" alt=\"\" src=\"\/1import\/impArtclImgs\/11470913946_cba_60er.jpg\" width=\"450\"\/><\/p>\n<p>Ich erlebte, wie sehr oft in der Angelliteratur beschrieben, einen spektakul&auml;ren Biss, beim bewussten Pausierens w&auml;hrend des Einholens. Der gute R&auml;uber hat den Wobbler komplett geschluckt!<\/p>\n<p>Anschlie&szlig;end bauen wir unser Nachtlager auf (ohne Zelt!) und hoffen auf fallendes, aufklarendes Wasser.<\/p>\n<p align=\"center\"><img loading=\"lazy\" height=\"338\" alt=\"\" src=\"\/1import\/impArtclImgs\/11470913947_cba_pennen.jpg\" width=\"450\"\/><\/p>\n<p>Um 05:00 Uhr werden wir unfreilich geweckt. Es regnet! Schnell ins Auto gefl&uuml;chtet, und gewartet. Gott sei Dank nur ein Schauer. Der sollte uns aber am zweiten Tag incl. Hagel st&auml;ndig begleiten.<\/p>\n<p>Leider wird es mit der Bei&szlig;laune der Fische nicht besser. Olli drillt kurz eine ca. 35 cm gro&szlig;e Bafo, die ebenfalls auf den Sting ging. Sie steigt aber aus. Ich habe zwei Bafo Fehlbisse ebenfalls auf den Sting.<\/p>\n<p>Olli wird es dann zu bunt und verlegt sich auf das Wurmangeln und f&auml;ngt u.a. einen herrlichen Kaulbarsch-Milchner im Hochzeitskleid.<\/p>\n<p align=\"center\"><img loading=\"lazy\" height=\"338\" alt=\"\" src=\"\/1import\/impArtclImgs\/11470913948_cba_kauli_c.jpg\" width=\"450\"\/><\/p>\n<p align=\"center\"><img loading=\"lazy\" height=\"338\" alt=\"\" src=\"\/1import\/impArtclImgs\/11470913949_cba_kauli_zeig.jpg\" width=\"450\"\/><\/p>\n<p>Bei mir geht nichts mehr, und so packen wir ein und treten den Heimweg an. Das n&auml;chste Mal werden wir doch wohl lieber den Mai abwarten.<\/p>\n","protected":false},"excerpt":{"rendered":"<p>Hallo liebe Barsch-Alarmer, ich bin gerade mit Olli von der zweit&auml;tigen Forellenjagd zur&uuml;ckgekommen und zeige euch direkt ein paar Bilder davon.&nbsp;Am Freitag in aller Fr&uuml;he losgefahren, um an der Fr&auml;nkischen Saale festzustellen, dass es im Spessart in der Nacht sehr heftig geregnet hat und die Saale viel viel braunes Wasser f&uuml;hrt. Da rechnen wir uns &hellip; <\/p>\n<p class=\"link-more\"><a href=\"https:\/\/www.barsch-alarm.de\/news\/zweitgiges-angeln-an-der-frnkischen-saale-im-april-2006\/\" class=\"more-link\">Read more\u2026<\/a><\/p>\n","protected":false},"author":5,"featured_media":1567,"comment_status":"open","ping_status":"open","sticky":false,"template":"","format":"standard","meta":[],"categories":[7],"tags":[],"featured_image_urls":{"full":["https:\/\/www.barsch-alarm.de\/news\/wp-content\/uploads\/vbimport\/11470913949_cba_kauli_zeig.jpg",450,338,false],"thumbnail":["https:\/\/www.barsch-alarm.de\/news\/wp-content\/uploads\/vbimport\/11470913949_cba_kauli_zeig-326x245.jpg",326,245,true],"medium":["https:\/\/www.barsch-alarm.de\/news\/wp-content\/uploads\/vbimport\/11470913949_cba_kauli_zeig-326x245.jpg",326,245,true],"medium_large":["https:\/\/www.barsch-alarm.de\/news\/wp-content\/uploads\/vbimport\/11470913949_cba_kauli_zeig.jpg",450,338,false],"large":["https:\/\/www.barsch-alarm.de\/news\/wp-content\/uploads\/vbimport\/11470913949_cba_kauli_zeig.jpg",450,338,false],"1536x1536":["https:\/\/www.barsch-alarm.de\/news\/wp-content\/uploads\/vbimport\/11470913949_cba_kauli_zeig.jpg",450,338,false],"2048x2048":["https:\/\/www.barsch-alarm.de\/news\/wp-content\/uploads\/vbimport\/11470913949_cba_kauli_zeig.jpg",450,338,false],"thxpress-featured-image":["https:\/\/www.barsch-alarm.de\/news\/wp-content\/uploads\/vbimport\/11470913949_cba_kauli_zeig.jpg",450,338,false],"400x250-crop":["https:\/\/www.barsch-alarm.de\/news\/wp-content\/uploads\/vbimport\/11470913949_cba_kauli_zeig.jpg",333,250,false]},"post_excerpt_stackable":"<p>Hallo liebe Barsch-Alarmer, ich bin gerade mit Olli von der zweit&auml;tigen Forellenjagd zur&uuml;ckgekommen und zeige euch direkt ein paar Bilder davon.&nbsp;Am Freitag in aller Fr&uuml;he losgefahren, um an der Fr&auml;nkischen Saale festzustellen, dass es im Spessart in der Nacht sehr heftig geregnet hat und die Saale viel viel braunes Wasser f&uuml;hrt. Da rechnen wir uns nat&uuml;rlich nicht viel aus &#8211; haben aber die weite Fahrt (170 Km) auf uns genommen und wollen nicht so schnell aufgeben. Also die Spinnruten ausgepackt und losgelegt. Der April zeigt sich von seiner sch&ouml;nen Seite, so vergehen die Stunden im Nu, auch ohne Biss. Gegen&hellip;<\/p>\n","category_list":"<a href=\"https:\/\/www.barsch-alarm.de\/news\/category\/fangberichte\/\" rel=\"category tag\">Fangberichte<\/a>","author_info":{"name":"dietel","url":"https:\/\/www.barsch-alarm.de\/news\/author\/dietel\/"},"comments_num":"8 Kommentare","featured_image_urls_v2":{"full":["https:\/\/www.barsch-alarm.de\/news\/wp-content\/uploads\/vbimport\/11470913949_cba_kauli_zeig.jpg",450,338,false],"thumbnail":["https:\/\/www.barsch-alarm.de\/news\/wp-content\/uploads\/vbimport\/11470913949_cba_kauli_zeig-326x245.jpg",326,245,true],"medium":["https:\/\/www.barsch-alarm.de\/news\/wp-content\/uploads\/vbimport\/11470913949_cba_kauli_zeig-326x245.jpg",326,245,true],"medium_large":["https:\/\/www.barsch-alarm.de\/news\/wp-content\/uploads\/vbimport\/11470913949_cba_kauli_zeig.jpg",450,338,false],"large":["https:\/\/www.barsch-alarm.de\/news\/wp-content\/uploads\/vbimport\/11470913949_cba_kauli_zeig.jpg",450,338,false],"1536x1536":["https:\/\/www.barsch-alarm.de\/news\/wp-content\/uploads\/vbimport\/11470913949_cba_kauli_zeig.jpg",450,338,false],"2048x2048":["https:\/\/www.barsch-alarm.de\/news\/wp-content\/uploads\/vbimport\/11470913949_cba_kauli_zeig.jpg",450,338,false],"thxpress-featured-image":["https:\/\/www.barsch-alarm.de\/news\/wp-content\/uploads\/vbimport\/11470913949_cba_kauli_zeig.jpg",450,338,false],"400x250-crop":["https:\/\/www.barsch-alarm.de\/news\/wp-content\/uploads\/vbimport\/11470913949_cba_kauli_zeig.jpg",333,250,false]},"post_excerpt_stackable_v2":"<p>Hallo liebe Barsch-Alarmer, ich bin gerade mit Olli von der zweit&auml;tigen Forellenjagd zur&uuml;ckgekommen und zeige euch direkt ein paar Bilder davon.&nbsp;Am Freitag in aller Fr&uuml;he losgefahren, um an der Fr&auml;nkischen Saale festzustellen, dass es im Spessart in der Nacht sehr heftig geregnet hat und die Saale viel viel braunes Wasser f&uuml;hrt. Da rechnen wir uns nat&uuml;rlich nicht viel aus &#8211; haben aber die weite Fahrt (170 Km) auf uns genommen und wollen nicht so schnell aufgeben. Also die Spinnruten ausgepackt und losgelegt. Der April zeigt sich von seiner sch&ouml;nen Seite, so vergehen die Stunden im Nu, auch ohne Biss. Gegen&hellip;<\/p>\n","category_list_v2":"<a href=\"https:\/\/www.barsch-alarm.de\/news\/category\/fangberichte\/\" rel=\"category tag\">Fangberichte<\/a>","author_info_v2":{"name":"dietel","url":"https:\/\/www.barsch-alarm.de\/news\/author\/dietel\/"},"comments_num_v2":"8 Kommentare","yoast_head":"<!-- This site is optimized with the Yoast SEO plugin v19.11 - https:\/\/yoast.com\/wordpress\/plugins\/seo\/ -->\n<title>Zweit\u00e4giges Angeln an der Fr\u00e4nkischen Saale im April 2006 | Barsch-Alarm<\/title>\n<meta name=\"robots\" content=\"index, follow, max-snippet:-1, max-image-preview:large, max-video-preview:-1\" \/>\n<link rel=\"canonical\" href=\"https:\/\/www.barsch-alarm.de\/news\/zweitgiges-angeln-an-der-frnkischen-saale-im-april-2006\/\" \/>\n<meta name=\"twitter:label1\" content=\"Verfasst von\" \/>\n\t<meta name=\"twitter:data1\" content=\"dietel\" \/>\n\t<meta name=\"twitter:label2\" content=\"Gesch\u00e4tzte Lesezeit\" \/>\n\t<meta name=\"twitter:data2\" content=\"2\u00a0Minuten\" \/>\n<script type=\"application\/ld+json\" class=\"yoast-schema-graph\">{\"@context\":\"https:\/\/schema.org\",\"@graph\":[{\"@type\":\"Article\",\"@id\":\"https:\/\/www.barsch-alarm.de\/news\/zweitgiges-angeln-an-der-frnkischen-saale-im-april-2006\/#article\",\"isPartOf\":{\"@id\":\"https:\/\/www.barsch-alarm.de\/news\/zweitgiges-angeln-an-der-frnkischen-saale-im-april-2006\/\"},\"author\":{\"name\":\"dietel\",\"@id\":\"https:\/\/www.barsch-alarm.de\/news\/#\/schema\/person\/625ad6937f19daaa4355ae4dcce349f7\"},\"headline\":\"Zweit\u00e4giges Angeln an der Fr\u00e4nkischen Saale im April 2006\",\"datePublished\":\"2006-05-08T14:29:54+00:00\",\"dateModified\":\"2014-12-20T16:15:07+00:00\",\"mainEntityOfPage\":{\"@id\":\"https:\/\/www.barsch-alarm.de\/news\/zweitgiges-angeln-an-der-frnkischen-saale-im-april-2006\/\"},\"wordCount\":464,\"commentCount\":8,\"publisher\":{\"@id\":\"https:\/\/www.barsch-alarm.de\/news\/#\/schema\/person\/625ad6937f19daaa4355ae4dcce349f7\"},\"articleSection\":[\"Fangberichte\"],\"inLanguage\":\"de\",\"potentialAction\":[{\"@type\":\"CommentAction\",\"name\":\"Comment\",\"target\":[\"https:\/\/www.barsch-alarm.de\/news\/zweitgiges-angeln-an-der-frnkischen-saale-im-april-2006\/#respond\"]}]},{\"@type\":\"WebPage\",\"@id\":\"https:\/\/www.barsch-alarm.de\/news\/zweitgiges-angeln-an-der-frnkischen-saale-im-april-2006\/\",\"url\":\"https:\/\/www.barsch-alarm.de\/news\/zweitgiges-angeln-an-der-frnkischen-saale-im-april-2006\/\",\"name\":\"Zweit\u00e4giges Angeln an der Fr\u00e4nkischen Saale im April 2006 | Barsch-Alarm\",\"isPartOf\":{\"@id\":\"https:\/\/www.barsch-alarm.de\/news\/#website\"},\"datePublished\":\"2006-05-08T14:29:54+00:00\",\"dateModified\":\"2014-12-20T16:15:07+00:00\",\"breadcrumb\":{\"@id\":\"https:\/\/www.barsch-alarm.de\/news\/zweitgiges-angeln-an-der-frnkischen-saale-im-april-2006\/#breadcrumb\"},\"inLanguage\":\"de\",\"potentialAction\":[{\"@type\":\"ReadAction\",\"target\":[\"https:\/\/www.barsch-alarm.de\/news\/zweitgiges-angeln-an-der-frnkischen-saale-im-april-2006\/\"]}]},{\"@type\":\"BreadcrumbList\",\"@id\":\"https:\/\/www.barsch-alarm.de\/news\/zweitgiges-angeln-an-der-frnkischen-saale-im-april-2006\/#breadcrumb\",\"itemListElement\":[{\"@type\":\"ListItem\",\"position\":1,\"name\":\"Startseite\",\"item\":\"https:\/\/www.barsch-alarm.de\/news\/\"},{\"@type\":\"ListItem\",\"position\":2,\"name\":\"Zweit\u00e4giges Angeln an der Fr\u00e4nkischen Saale im April 2006\"}]},{\"@type\":\"WebSite\",\"@id\":\"https:\/\/www.barsch-alarm.de\/news\/#website\",\"url\":\"https:\/\/www.barsch-alarm.de\/news\/\",\"name\":\"Barsch-Alarm\",\"description\":\"das gr\u00f6\u00dfte Angelforum f\u00fcr Spinnangler\",\"publisher\":{\"@id\":\"https:\/\/www.barsch-alarm.de\/news\/#\/schema\/person\/625ad6937f19daaa4355ae4dcce349f7\"},\"potentialAction\":[{\"@type\":\"SearchAction\",\"target\":{\"@type\":\"EntryPoint\",\"urlTemplate\":\"https:\/\/www.barsch-alarm.de\/news\/?s={search_term_string}\"},\"query-input\":\"required name=search_term_string\"}],\"inLanguage\":\"de\"},{\"@type\":[\"Person\",\"Organization\"],\"@id\":\"https:\/\/www.barsch-alarm.de\/news\/#\/schema\/person\/625ad6937f19daaa4355ae4dcce349f7\",\"name\":\"dietel\",\"image\":{\"@type\":\"ImageObject\",\"inLanguage\":\"de\",\"@id\":\"https:\/\/www.barsch-alarm.de\/news\/#\/schema\/person\/image\/\",\"url\":\"https:\/\/secure.gravatar.com\/avatar\/365783e1f60d378ef793fb7c5bb3ef04?s=96&d=mm&r=g\",\"contentUrl\":\"https:\/\/secure.gravatar.com\/avatar\/365783e1f60d378ef793fb7c5bb3ef04?s=96&d=mm&r=g\",\"caption\":\"dietel\"},\"logo\":{\"@id\":\"https:\/\/www.barsch-alarm.de\/news\/#\/schema\/person\/image\/\"},\"sameAs\":[\"http:\/\/www.barsch-alarm.de\/member.php?5-dietel\"],\"url\":\"https:\/\/www.barsch-alarm.de\/news\/author\/dietel\/\"}]}<\/script>\n<!-- \/ Yoast SEO plugin. -->","yoast_head_json":{"title":"Zweit\u00e4giges Angeln an der Fr\u00e4nkischen Saale im April 2006 | Barsch-Alarm","robots":{"index":"index","follow":"follow","max-snippet":"max-snippet:-1","max-image-preview":"max-image-preview:large","max-video-preview":"max-video-preview:-1"},"canonical":"https:\/\/www.barsch-alarm.de\/news\/zweitgiges-angeln-an-der-frnkischen-saale-im-april-2006\/","twitter_misc":{"Verfasst von":"dietel","Gesch\u00e4tzte Lesezeit":"2\u00a0Minuten"},"schema":{"@context":"https:\/\/schema.org","@graph":[{"@type":"Article","@id":"https:\/\/www.barsch-alarm.de\/news\/zweitgiges-angeln-an-der-frnkischen-saale-im-april-2006\/#article","isPartOf":{"@id":"https:\/\/www.barsch-alarm.de\/news\/zweitgiges-angeln-an-der-frnkischen-saale-im-april-2006\/"},"author":{"name":"dietel","@id":"https:\/\/www.barsch-alarm.de\/news\/#\/schema\/person\/625ad6937f19daaa4355ae4dcce349f7"},"headline":"Zweit\u00e4giges Angeln an der Fr\u00e4nkischen Saale im April 2006","datePublished":"2006-05-08T14:29:54+00:00","dateModified":"2014-12-20T16:15:07+00:00","mainEntityOfPage":{"@id":"https:\/\/www.barsch-alarm.de\/news\/zweitgiges-angeln-an-der-frnkischen-saale-im-april-2006\/"},"wordCount":464,"commentCount":8,"publisher":{"@id":"https:\/\/www.barsch-alarm.de\/news\/#\/schema\/person\/625ad6937f19daaa4355ae4dcce349f7"},"articleSection":["Fangberichte"],"inLanguage":"de","potentialAction":[{"@type":"CommentAction","name":"Comment","target":["https:\/\/www.barsch-alarm.de\/news\/zweitgiges-angeln-an-der-frnkischen-saale-im-april-2006\/#respond"]}]},{"@type":"WebPage","@id":"https:\/\/www.barsch-alarm.de\/news\/zweitgiges-angeln-an-der-frnkischen-saale-im-april-2006\/","url":"https:\/\/www.barsch-alarm.de\/news\/zweitgiges-angeln-an-der-frnkischen-saale-im-april-2006\/","name":"Zweit\u00e4giges Angeln an der Fr\u00e4nkischen Saale im April 2006 | Barsch-Alarm","isPartOf":{"@id":"https:\/\/www.barsch-alarm.de\/news\/#website"},"datePublished":"2006-05-08T14:29:54+00:00","dateModified":"2014-12-20T16:15:07+00:00","breadcrumb":{"@id":"https:\/\/www.barsch-alarm.de\/news\/zweitgiges-angeln-an-der-frnkischen-saale-im-april-2006\/#breadcrumb"},"inLanguage":"de","potentialAction":[{"@type":"ReadAction","target":["https:\/\/www.barsch-alarm.de\/news\/zweitgiges-angeln-an-der-frnkischen-saale-im-april-2006\/"]}]},{"@type":"BreadcrumbList","@id":"https:\/\/www.barsch-alarm.de\/news\/zweitgiges-angeln-an-der-frnkischen-saale-im-april-2006\/#breadcrumb","itemListElement":[{"@type":"ListItem","position":1,"name":"Startseite","item":"https:\/\/www.barsch-alarm.de\/news\/"},{"@type":"ListItem","position":2,"name":"Zweit\u00e4giges Angeln an der Fr\u00e4nkischen Saale im April 2006"}]},{"@type":"WebSite","@id":"https:\/\/www.barsch-alarm.de\/news\/#website","url":"https:\/\/www.barsch-alarm.de\/news\/","name":"Barsch-Alarm","description":"das gr\u00f6\u00dfte Angelforum f\u00fcr Spinnangler","publisher":{"@id":"https:\/\/www.barsch-alarm.de\/news\/#\/schema\/person\/625ad6937f19daaa4355ae4dcce349f7"},"potentialAction":[{"@type":"SearchAction","target":{"@type":"EntryPoint","urlTemplate":"https:\/\/www.barsch-alarm.de\/news\/?s={search_term_string}"},"query-input":"required name=search_term_string"}],"inLanguage":"de"},{"@type":["Person","Organization"],"@id":"https:\/\/www.barsch-alarm.de\/news\/#\/schema\/person\/625ad6937f19daaa4355ae4dcce349f7","name":"dietel","image":{"@type":"ImageObject","inLanguage":"de","@id":"https:\/\/www.barsch-alarm.de\/news\/#\/schema\/person\/image\/","url":"https:\/\/secure.gravatar.com\/avatar\/365783e1f60d378ef793fb7c5bb3ef04?s=96&d=mm&r=g","contentUrl":"https:\/\/secure.gravatar.com\/avatar\/365783e1f60d378ef793fb7c5bb3ef04?s=96&d=mm&r=g","caption":"dietel"},"logo":{"@id":"https:\/\/www.barsch-alarm.de\/news\/#\/schema\/person\/image\/"},"sameAs":["http:\/\/www.barsch-alarm.de\/member.php?5-dietel"],"url":"https:\/\/www.barsch-alarm.de\/news\/author\/dietel\/"}]}},"_links":{"self":[{"href":"https:\/\/www.barsch-alarm.de\/news\/wp-json\/wp\/v2\/posts\/1566"}],"collection":[{"href":"https:\/\/www.barsch-alarm.de\/news\/wp-json\/wp\/v2\/posts"}],"about":[{"href":"https:\/\/www.barsch-alarm.de\/news\/wp-json\/wp\/v2\/types\/post"}],"author":[{"embeddable":true,"href":"https:\/\/www.barsch-alarm.de\/news\/wp-json\/wp\/v2\/users\/5"}],"replies":[{"embeddable":true,"href":"https:\/\/www.barsch-alarm.de\/news\/wp-json\/wp\/v2\/comments?post=1566"}],"version-history":[{"count":1,"href":"https:\/\/www.barsch-alarm.de\/news\/wp-json\/wp\/v2\/posts\/1566\/revisions"}],"predecessor-version":[{"id":3476,"href":"https:\/\/www.barsch-alarm.de\/news\/wp-json\/wp\/v2\/posts\/1566\/revisions\/3476"}],"wp:featuredmedia":[{"embeddable":true,"href":"https:\/\/www.barsch-alarm.de\/news\/wp-json\/wp\/v2\/media\/1567"}],"wp:attachment":[{"href":"https:\/\/www.barsch-alarm.de\/news\/wp-json\/wp\/v2\/media?parent=1566"}],"wp:term":[{"taxonomy":"category","embeddable":true,"href":"https:\/\/www.barsch-alarm.de\/news\/wp-json\/wp\/v2\/categories?post=1566"},{"taxonomy":"post_tag","embeddable":true,"href":"https:\/\/www.barsch-alarm.de\/news\/wp-json\/wp\/v2\/tags?post=1566"}],"curies":[{"name":"wp","href":"https:\/\/api.w.org\/{rel}","templated":true}]}}