{"id":1564,"date":"2006-05-09T06:15:25","date_gmt":"2006-05-09T06:15:25","guid":{"rendered":""},"modified":"2014-12-20T17:15:07","modified_gmt":"2014-12-20T16:15:07","slug":"gegen-den-wind","status":"publish","type":"post","link":"https:\/\/www.barsch-alarm.de\/news\/gegen-den-wind\/","title":{"rendered":"Gegen den Wind"},"content":{"rendered":"<p><img loading=\"lazy\" height=\"109\" alt=\"\" hspace=\"10\" src=\"\/1import\/impArtclImgs\/11471481250_K-open.jpg\" width=\"145\" align=\"left\"\/>Hallo an euch alle, ich war vor ein paar Wochen mit meinen Angelkollegen 6 Tage lang an der Ostsee. Daher dachte ich, dass den ein oder anderen vielleicht interessiert, wie es in der Brandung und in den H&auml;fen so l&auml;uft. Leider kam das Bild mit dem besten Fisch irgendwie nicht direkt zur BA-Redaktion durch, so dass Ihr diesen Artikel leider etwas zu sp&auml;t zu lesen bekommt, als dass man hier von einer brandhei&szlig;en News sprechen kann. Sei&#8217;s drum:<\/p>\n<p>An den ersten Tagen sind wir in die H&auml;fen gefahren, um zu sehen, wie es mit den Heringen so l&auml;uft. Da das Wasser aber noch sehr kalt war, wollten die Heringe noch nicht so richtig. Au&szlig;er etwa 10 St&uuml;ck pro Tag lief da nicht so viel in Neustadt. Dann wollten wir es auch ma in der Brandung versuchen, denn im Herbst hatten wir sehr gute Erfolge erzielt mit einigen Dorschen. Also wollten wir dies auch dieses Jahr versuchen. <\/p>\n<p>Aber als wir in der Brandung ankamen, war es sehr windig, doch das hielt uns auch nicht vom Angeln ab. Also bauten wir unsere Dreibeine auf und machten die Ruten klar. Nach ein paar Minuten h&ouml;rte man dann auch schon die ersten 190g Krallenbleie auf dem Wasser klatschen. Nach etwa einer &frac34; Stunde war es dann soweit &#8211; nicht bei mir, sondern bei meinem Freund. <\/p>\n<p align=\"center\"><img loading=\"lazy\" height=\"338\" alt=\"\" src=\"\/1import\/impArtclImgs\/11471481251_k_kumpelscholle.jpg\" width=\"450\"\/><\/p>\n<p>Nach einem kurzen Drill kam dann eine sehr&nbsp; sch&ouml;ne Scholle von 52 cm und 1,7 kg an Land.<\/p>\n<p align=\"center\"><img loading=\"lazy\" height=\"600\" alt=\"\" src=\"\/1import\/impArtclImgs\/11471481252_k_megascholle.jpg\" width=\"450\"\/><\/p>\n<p align=\"center\"><img loading=\"lazy\" height=\"600\" alt=\"\" src=\"\/1import\/impArtclImgs\/11471481253_k_waage.jpg\" width=\"450\"\/><\/p>\n<p>Ab da an war dann erst mal H&auml;ngen im Schacht bis die D&auml;mmerung kam. Dann bekam ich auch meine ersten Bisse ,doch die waren nur Fehlbisse bis dann auch ein Fisch sich an meine Rute verirrte. Auch eine Scholle . Hmm wo bleiben den die Dorsche nur. Naja einfach ma weiter.<\/p>\n<p>Dann rappelte es wieder bei meinem Freund, der rief n&auml;mlich &ldquo;Fisch, Fisch &ldquo;. Aber im ersten Moment dachte ich das er in meiner Schnur h&auml;ngen w&uuml;rde, doch als ich dann meine Rute in die Hand nahm merkte ich ,dass wir beide Fisch an der Angel&nbsp; hatten. Als wir beide die Ruten dann drin hatten gab es eine &Uuml;berraschung. Wir beide hatten eine Doublette.<\/p>\n<p align=\"center\"><img loading=\"lazy\" height=\"338\" alt=\"\" src=\"\/1import\/impArtclImgs\/11471481254_K-psychodoubl.jpg\" width=\"450\"\/><\/p>\n<p align=\"center\"><img loading=\"lazy\" height=\"338\" alt=\"\" src=\"\/1import\/impArtclImgs\/11471481255_k_sanddoubl.jpg\" width=\"450\"\/><\/p>\n<p>Dann wurde der Wind aber so stark, das wir einpacken mussten, da die Bleie &uuml;berhaupt nich liegen blieben. Zum Abschluss noch ein kleines Bild vom Sonnenuntergang.<\/p>\n<p align=\"center\"><img loading=\"lazy\" height=\"338\" alt=\"\" src=\"\/1import\/impArtclImgs\/11471481256_k_sonnenu.jpg\" width=\"450\"\/><\/p>\n<p>So das war dann ma ein kleiner Bericht aus der Brandung. Leider kamen diesmal keine Dorsche dabei rum. <\/p>\n<p>Bis dann, Euer <\/p>\n<p>Kopyto<\/p>\n","protected":false},"excerpt":{"rendered":"<p>Hallo an euch alle, ich war vor ein paar Wochen mit meinen Angelkollegen 6 Tage lang an der Ostsee. Daher dachte ich, dass den ein oder anderen vielleicht interessiert, wie es in der Brandung und in den H&auml;fen so l&auml;uft. Leider kam das Bild mit dem besten Fisch irgendwie nicht direkt zur BA-Redaktion durch, so &hellip; <\/p>\n<p class=\"link-more\"><a href=\"https:\/\/www.barsch-alarm.de\/news\/gegen-den-wind\/\" class=\"more-link\">Read more\u2026<\/a><\/p>\n","protected":false},"author":5,"featured_media":1565,"comment_status":"open","ping_status":"open","sticky":false,"template":"","format":"standard","meta":[],"categories":[7],"tags":[],"featured_image_urls":{"full":["https:\/\/www.barsch-alarm.de\/news\/wp-content\/uploads\/vbimport\/11471481256_k_sonnenu.jpg",450,338,false],"thumbnail":["https:\/\/www.barsch-alarm.de\/news\/wp-content\/uploads\/vbimport\/11471481256_k_sonnenu-326x245.jpg",326,245,true],"medium":["https:\/\/www.barsch-alarm.de\/news\/wp-content\/uploads\/vbimport\/11471481256_k_sonnenu-326x245.jpg",326,245,true],"medium_large":["https:\/\/www.barsch-alarm.de\/news\/wp-content\/uploads\/vbimport\/11471481256_k_sonnenu.jpg",450,338,false],"large":["https:\/\/www.barsch-alarm.de\/news\/wp-content\/uploads\/vbimport\/11471481256_k_sonnenu.jpg",450,338,false],"1536x1536":["https:\/\/www.barsch-alarm.de\/news\/wp-content\/uploads\/vbimport\/11471481256_k_sonnenu.jpg",450,338,false],"2048x2048":["https:\/\/www.barsch-alarm.de\/news\/wp-content\/uploads\/vbimport\/11471481256_k_sonnenu.jpg",450,338,false],"thxpress-featured-image":["https:\/\/www.barsch-alarm.de\/news\/wp-content\/uploads\/vbimport\/11471481256_k_sonnenu.jpg",450,338,false],"400x250-crop":["https:\/\/www.barsch-alarm.de\/news\/wp-content\/uploads\/vbimport\/11471481256_k_sonnenu.jpg",333,250,false]},"post_excerpt_stackable":"<p>Hallo an euch alle, ich war vor ein paar Wochen mit meinen Angelkollegen 6 Tage lang an der Ostsee. Daher dachte ich, dass den ein oder anderen vielleicht interessiert, wie es in der Brandung und in den H&auml;fen so l&auml;uft. Leider kam das Bild mit dem besten Fisch irgendwie nicht direkt zur BA-Redaktion durch, so dass Ihr diesen Artikel leider etwas zu sp&auml;t zu lesen bekommt, als dass man hier von einer brandhei&szlig;en News sprechen kann. Sei&#8217;s drum: An den ersten Tagen sind wir in die H&auml;fen gefahren, um zu sehen, wie es mit den Heringen so l&auml;uft. Da das&hellip;<\/p>\n","category_list":"<a href=\"https:\/\/www.barsch-alarm.de\/news\/category\/fangberichte\/\" rel=\"category tag\">Fangberichte<\/a>","author_info":{"name":"dietel","url":"https:\/\/www.barsch-alarm.de\/news\/author\/dietel\/"},"comments_num":"4 Kommentare","featured_image_urls_v2":{"full":["https:\/\/www.barsch-alarm.de\/news\/wp-content\/uploads\/vbimport\/11471481256_k_sonnenu.jpg",450,338,false],"thumbnail":["https:\/\/www.barsch-alarm.de\/news\/wp-content\/uploads\/vbimport\/11471481256_k_sonnenu-326x245.jpg",326,245,true],"medium":["https:\/\/www.barsch-alarm.de\/news\/wp-content\/uploads\/vbimport\/11471481256_k_sonnenu-326x245.jpg",326,245,true],"medium_large":["https:\/\/www.barsch-alarm.de\/news\/wp-content\/uploads\/vbimport\/11471481256_k_sonnenu.jpg",450,338,false],"large":["https:\/\/www.barsch-alarm.de\/news\/wp-content\/uploads\/vbimport\/11471481256_k_sonnenu.jpg",450,338,false],"1536x1536":["https:\/\/www.barsch-alarm.de\/news\/wp-content\/uploads\/vbimport\/11471481256_k_sonnenu.jpg",450,338,false],"2048x2048":["https:\/\/www.barsch-alarm.de\/news\/wp-content\/uploads\/vbimport\/11471481256_k_sonnenu.jpg",450,338,false],"thxpress-featured-image":["https:\/\/www.barsch-alarm.de\/news\/wp-content\/uploads\/vbimport\/11471481256_k_sonnenu.jpg",450,338,false],"400x250-crop":["https:\/\/www.barsch-alarm.de\/news\/wp-content\/uploads\/vbimport\/11471481256_k_sonnenu.jpg",333,250,false]},"post_excerpt_stackable_v2":"<p>Hallo an euch alle, ich war vor ein paar Wochen mit meinen Angelkollegen 6 Tage lang an der Ostsee. Daher dachte ich, dass den ein oder anderen vielleicht interessiert, wie es in der Brandung und in den H&auml;fen so l&auml;uft. Leider kam das Bild mit dem besten Fisch irgendwie nicht direkt zur BA-Redaktion durch, so dass Ihr diesen Artikel leider etwas zu sp&auml;t zu lesen bekommt, als dass man hier von einer brandhei&szlig;en News sprechen kann. Sei&#8217;s drum: An den ersten Tagen sind wir in die H&auml;fen gefahren, um zu sehen, wie es mit den Heringen so l&auml;uft. Da das&hellip;<\/p>\n","category_list_v2":"<a href=\"https:\/\/www.barsch-alarm.de\/news\/category\/fangberichte\/\" rel=\"category tag\">Fangberichte<\/a>","author_info_v2":{"name":"dietel","url":"https:\/\/www.barsch-alarm.de\/news\/author\/dietel\/"},"comments_num_v2":"4 Kommentare","yoast_head":"<!-- This site is optimized with the Yoast SEO plugin v19.11 - https:\/\/yoast.com\/wordpress\/plugins\/seo\/ -->\n<title>Gegen den Wind | Barsch-Alarm<\/title>\n<meta name=\"robots\" content=\"index, follow, max-snippet:-1, max-image-preview:large, max-video-preview:-1\" \/>\n<link rel=\"canonical\" href=\"https:\/\/www.barsch-alarm.de\/news\/gegen-den-wind\/\" \/>\n<meta name=\"twitter:label1\" content=\"Verfasst von\" \/>\n\t<meta name=\"twitter:data1\" content=\"dietel\" \/>\n\t<meta name=\"twitter:label2\" content=\"Gesch\u00e4tzte Lesezeit\" \/>\n\t<meta name=\"twitter:data2\" content=\"2\u00a0Minuten\" \/>\n<script type=\"application\/ld+json\" class=\"yoast-schema-graph\">{\"@context\":\"https:\/\/schema.org\",\"@graph\":[{\"@type\":\"Article\",\"@id\":\"https:\/\/www.barsch-alarm.de\/news\/gegen-den-wind\/#article\",\"isPartOf\":{\"@id\":\"https:\/\/www.barsch-alarm.de\/news\/gegen-den-wind\/\"},\"author\":{\"name\":\"dietel\",\"@id\":\"https:\/\/www.barsch-alarm.de\/news\/#\/schema\/person\/625ad6937f19daaa4355ae4dcce349f7\"},\"headline\":\"Gegen den Wind\",\"datePublished\":\"2006-05-09T06:15:25+00:00\",\"dateModified\":\"2014-12-20T16:15:07+00:00\",\"mainEntityOfPage\":{\"@id\":\"https:\/\/www.barsch-alarm.de\/news\/gegen-den-wind\/\"},\"wordCount\":434,\"commentCount\":4,\"publisher\":{\"@id\":\"https:\/\/www.barsch-alarm.de\/news\/#\/schema\/person\/625ad6937f19daaa4355ae4dcce349f7\"},\"articleSection\":[\"Fangberichte\"],\"inLanguage\":\"de\",\"potentialAction\":[{\"@type\":\"CommentAction\",\"name\":\"Comment\",\"target\":[\"https:\/\/www.barsch-alarm.de\/news\/gegen-den-wind\/#respond\"]}]},{\"@type\":\"WebPage\",\"@id\":\"https:\/\/www.barsch-alarm.de\/news\/gegen-den-wind\/\",\"url\":\"https:\/\/www.barsch-alarm.de\/news\/gegen-den-wind\/\",\"name\":\"Gegen den Wind | Barsch-Alarm\",\"isPartOf\":{\"@id\":\"https:\/\/www.barsch-alarm.de\/news\/#website\"},\"datePublished\":\"2006-05-09T06:15:25+00:00\",\"dateModified\":\"2014-12-20T16:15:07+00:00\",\"breadcrumb\":{\"@id\":\"https:\/\/www.barsch-alarm.de\/news\/gegen-den-wind\/#breadcrumb\"},\"inLanguage\":\"de\",\"potentialAction\":[{\"@type\":\"ReadAction\",\"target\":[\"https:\/\/www.barsch-alarm.de\/news\/gegen-den-wind\/\"]}]},{\"@type\":\"BreadcrumbList\",\"@id\":\"https:\/\/www.barsch-alarm.de\/news\/gegen-den-wind\/#breadcrumb\",\"itemListElement\":[{\"@type\":\"ListItem\",\"position\":1,\"name\":\"Startseite\",\"item\":\"https:\/\/www.barsch-alarm.de\/news\/\"},{\"@type\":\"ListItem\",\"position\":2,\"name\":\"Gegen den Wind\"}]},{\"@type\":\"WebSite\",\"@id\":\"https:\/\/www.barsch-alarm.de\/news\/#website\",\"url\":\"https:\/\/www.barsch-alarm.de\/news\/\",\"name\":\"Barsch-Alarm\",\"description\":\"das gr\u00f6\u00dfte Angelforum f\u00fcr Spinnangler\",\"publisher\":{\"@id\":\"https:\/\/www.barsch-alarm.de\/news\/#\/schema\/person\/625ad6937f19daaa4355ae4dcce349f7\"},\"potentialAction\":[{\"@type\":\"SearchAction\",\"target\":{\"@type\":\"EntryPoint\",\"urlTemplate\":\"https:\/\/www.barsch-alarm.de\/news\/?s={search_term_string}\"},\"query-input\":\"required name=search_term_string\"}],\"inLanguage\":\"de\"},{\"@type\":[\"Person\",\"Organization\"],\"@id\":\"https:\/\/www.barsch-alarm.de\/news\/#\/schema\/person\/625ad6937f19daaa4355ae4dcce349f7\",\"name\":\"dietel\",\"image\":{\"@type\":\"ImageObject\",\"inLanguage\":\"de\",\"@id\":\"https:\/\/www.barsch-alarm.de\/news\/#\/schema\/person\/image\/\",\"url\":\"https:\/\/secure.gravatar.com\/avatar\/365783e1f60d378ef793fb7c5bb3ef04?s=96&d=mm&r=g\",\"contentUrl\":\"https:\/\/secure.gravatar.com\/avatar\/365783e1f60d378ef793fb7c5bb3ef04?s=96&d=mm&r=g\",\"caption\":\"dietel\"},\"logo\":{\"@id\":\"https:\/\/www.barsch-alarm.de\/news\/#\/schema\/person\/image\/\"},\"sameAs\":[\"http:\/\/www.barsch-alarm.de\/member.php?5-dietel\"],\"url\":\"https:\/\/www.barsch-alarm.de\/news\/author\/dietel\/\"}]}<\/script>\n<!-- \/ Yoast SEO plugin. -->","yoast_head_json":{"title":"Gegen den Wind | Barsch-Alarm","robots":{"index":"index","follow":"follow","max-snippet":"max-snippet:-1","max-image-preview":"max-image-preview:large","max-video-preview":"max-video-preview:-1"},"canonical":"https:\/\/www.barsch-alarm.de\/news\/gegen-den-wind\/","twitter_misc":{"Verfasst von":"dietel","Gesch\u00e4tzte Lesezeit":"2\u00a0Minuten"},"schema":{"@context":"https:\/\/schema.org","@graph":[{"@type":"Article","@id":"https:\/\/www.barsch-alarm.de\/news\/gegen-den-wind\/#article","isPartOf":{"@id":"https:\/\/www.barsch-alarm.de\/news\/gegen-den-wind\/"},"author":{"name":"dietel","@id":"https:\/\/www.barsch-alarm.de\/news\/#\/schema\/person\/625ad6937f19daaa4355ae4dcce349f7"},"headline":"Gegen den Wind","datePublished":"2006-05-09T06:15:25+00:00","dateModified":"2014-12-20T16:15:07+00:00","mainEntityOfPage":{"@id":"https:\/\/www.barsch-alarm.de\/news\/gegen-den-wind\/"},"wordCount":434,"commentCount":4,"publisher":{"@id":"https:\/\/www.barsch-alarm.de\/news\/#\/schema\/person\/625ad6937f19daaa4355ae4dcce349f7"},"articleSection":["Fangberichte"],"inLanguage":"de","potentialAction":[{"@type":"CommentAction","name":"Comment","target":["https:\/\/www.barsch-alarm.de\/news\/gegen-den-wind\/#respond"]}]},{"@type":"WebPage","@id":"https:\/\/www.barsch-alarm.de\/news\/gegen-den-wind\/","url":"https:\/\/www.barsch-alarm.de\/news\/gegen-den-wind\/","name":"Gegen den Wind | Barsch-Alarm","isPartOf":{"@id":"https:\/\/www.barsch-alarm.de\/news\/#website"},"datePublished":"2006-05-09T06:15:25+00:00","dateModified":"2014-12-20T16:15:07+00:00","breadcrumb":{"@id":"https:\/\/www.barsch-alarm.de\/news\/gegen-den-wind\/#breadcrumb"},"inLanguage":"de","potentialAction":[{"@type":"ReadAction","target":["https:\/\/www.barsch-alarm.de\/news\/gegen-den-wind\/"]}]},{"@type":"BreadcrumbList","@id":"https:\/\/www.barsch-alarm.de\/news\/gegen-den-wind\/#breadcrumb","itemListElement":[{"@type":"ListItem","position":1,"name":"Startseite","item":"https:\/\/www.barsch-alarm.de\/news\/"},{"@type":"ListItem","position":2,"name":"Gegen den Wind"}]},{"@type":"WebSite","@id":"https:\/\/www.barsch-alarm.de\/news\/#website","url":"https:\/\/www.barsch-alarm.de\/news\/","name":"Barsch-Alarm","description":"das gr\u00f6\u00dfte Angelforum f\u00fcr Spinnangler","publisher":{"@id":"https:\/\/www.barsch-alarm.de\/news\/#\/schema\/person\/625ad6937f19daaa4355ae4dcce349f7"},"potentialAction":[{"@type":"SearchAction","target":{"@type":"EntryPoint","urlTemplate":"https:\/\/www.barsch-alarm.de\/news\/?s={search_term_string}"},"query-input":"required name=search_term_string"}],"inLanguage":"de"},{"@type":["Person","Organization"],"@id":"https:\/\/www.barsch-alarm.de\/news\/#\/schema\/person\/625ad6937f19daaa4355ae4dcce349f7","name":"dietel","image":{"@type":"ImageObject","inLanguage":"de","@id":"https:\/\/www.barsch-alarm.de\/news\/#\/schema\/person\/image\/","url":"https:\/\/secure.gravatar.com\/avatar\/365783e1f60d378ef793fb7c5bb3ef04?s=96&d=mm&r=g","contentUrl":"https:\/\/secure.gravatar.com\/avatar\/365783e1f60d378ef793fb7c5bb3ef04?s=96&d=mm&r=g","caption":"dietel"},"logo":{"@id":"https:\/\/www.barsch-alarm.de\/news\/#\/schema\/person\/image\/"},"sameAs":["http:\/\/www.barsch-alarm.de\/member.php?5-dietel"],"url":"https:\/\/www.barsch-alarm.de\/news\/author\/dietel\/"}]}},"_links":{"self":[{"href":"https:\/\/www.barsch-alarm.de\/news\/wp-json\/wp\/v2\/posts\/1564"}],"collection":[{"href":"https:\/\/www.barsch-alarm.de\/news\/wp-json\/wp\/v2\/posts"}],"about":[{"href":"https:\/\/www.barsch-alarm.de\/news\/wp-json\/wp\/v2\/types\/post"}],"author":[{"embeddable":true,"href":"https:\/\/www.barsch-alarm.de\/news\/wp-json\/wp\/v2\/users\/5"}],"replies":[{"embeddable":true,"href":"https:\/\/www.barsch-alarm.de\/news\/wp-json\/wp\/v2\/comments?post=1564"}],"version-history":[{"count":1,"href":"https:\/\/www.barsch-alarm.de\/news\/wp-json\/wp\/v2\/posts\/1564\/revisions"}],"predecessor-version":[{"id":3475,"href":"https:\/\/www.barsch-alarm.de\/news\/wp-json\/wp\/v2\/posts\/1564\/revisions\/3475"}],"wp:featuredmedia":[{"embeddable":true,"href":"https:\/\/www.barsch-alarm.de\/news\/wp-json\/wp\/v2\/media\/1565"}],"wp:attachment":[{"href":"https:\/\/www.barsch-alarm.de\/news\/wp-json\/wp\/v2\/media?parent=1564"}],"wp:term":[{"taxonomy":"category","embeddable":true,"href":"https:\/\/www.barsch-alarm.de\/news\/wp-json\/wp\/v2\/categories?post=1564"},{"taxonomy":"post_tag","embeddable":true,"href":"https:\/\/www.barsch-alarm.de\/news\/wp-json\/wp\/v2\/tags?post=1564"}],"curies":[{"name":"wp","href":"https:\/\/api.w.org\/{rel}","templated":true}]}}