{"id":14686,"date":"2016-12-22T09:46:37","date_gmt":"2016-12-22T08:46:37","guid":{"rendered":"https:\/\/www.barsch-alarm.de\/news\/?p=14686"},"modified":"2016-12-22T19:44:24","modified_gmt":"2016-12-22T18:44:24","slug":"ba-spanien-tour-erfahrungsbericht-vom-team-nord","status":"publish","type":"post","link":"https:\/\/www.barsch-alarm.de\/news\/ba-spanien-tour-erfahrungsbericht-vom-team-nord\/","title":{"rendered":"BA-Spanien-Tour: Erfahrungsbericht vom &#8222;Team Nord&#8220;"},"content":{"rendered":"<p>Samstagmorgen 6hundert holte ich meinen Kollegen Thilo in Gl\u00fccksburg ab. Wir fuhren Richtung Hamburg\u00a0 Flughafen, wo der Flug in Richtung Barcelona f\u00fcr 10.20 Uhr vorgesehen war. P\u00fcnktlich hob der Flieger ab, so dass wir um 12.50 Uhr in Barcelona nach einem entspannten Flug und hoch motiviert landeten.<\/p>\n<p><img loading=\"lazy\" class=\"aligncenter size-full wp-image-14687\" src=\"https:\/\/www.barsch-alarm.de\/news\/wp-content\/uploads\/2016\/12\/abflug.jpg\" alt=\"abflug\" width=\"1200\" height=\"900\" srcset=\"https:\/\/www.barsch-alarm.de\/news\/wp-content\/uploads\/2016\/12\/abflug.jpg 1200w, https:\/\/www.barsch-alarm.de\/news\/wp-content\/uploads\/2016\/12\/abflug-326x245.jpg 326w, https:\/\/www.barsch-alarm.de\/news\/wp-content\/uploads\/2016\/12\/abflug-768x576.jpg 768w, https:\/\/www.barsch-alarm.de\/news\/wp-content\/uploads\/2016\/12\/abflug-678x509.jpg 678w, https:\/\/www.barsch-alarm.de\/news\/wp-content\/uploads\/2016\/12\/abflug-80x60.jpg 80w\" sizes=\"(max-width: 767px) 89vw, (max-width: 1000px) 54vw, (max-width: 1071px) 543px, 580px\" \/><\/p>\n<p>Nachdem wir erfolgreich unser Gep\u00e4ck vom Band gekonnt auf den Gep\u00e4ckwagen\u00a0 wuchteten, gingen wir zu unserem Autovermieter. Angekommen an der Fahrzeugausgabe bekamen wir nach einer Verz\u00f6gerung endlich unseren Caddy. Schnell wurde dieser beladen, Navi scharf gemacht und so ging es dann gegen 14.30 Uhr Richtung Mequinenza.<\/p>\n<p>Die Fahrt wurde nur durch einen kurzen Stop, wo wir unseren Fl\u00fcssigkeitshaushalt auff\u00fcllten, unterbrochen. Gegen 16.30 Uhr fuhren wir bestens gelaunt auf das Gel\u00e4nde von unserem Gastgeber Ebro-Urlaub. Markus, einer der beiden Gesch\u00e4ftsf\u00fchrer hie\u00df uns herzlich Willkommen. Nach mehreren Zigaretten und k\u00f6stlichem Bier wurden wir kurz in unsere Unterkunft eingewiesen.<br \/>\nNachdem wir unsere Klamotten in die Bude schleppten, waren wir uns auch schnell einig \u00fcber die Zimmereinteilung:\u00a0 Das erste Zimmer war zum Schlafen und das andere f\u00fcr Tackle und Klamotten.<\/p>\n<p>N\u00e4chster Punkt auf der ToDo war der Einkauf von Lebensmittel f\u00fcr die n\u00e4chsten Tage. Kurz Knete in die Tasche und los zum n\u00e4chsten Supermarkt. Auch hier waren wir uns schnell einig was gekauft werden muss, nur nicht Zeit verlieren\u2026;-) Einkauf ins Auto gewuchtet und ab zu MequiFish Angelkarte holen.<\/p>\n<p>Gegen 18hundert kamen wir wieder im Camp an wo wir auch gleich vom Johannes Dietel ganz \u2013 nein megafreundlich \u2013 begr\u00fc\u00dft wurden. Nach einer sehr emotionalen Begr\u00fc\u00dfung wurden wir auch gleich f\u00fcr den n\u00e4chsten Tag eingewiesen.<\/p>\n<p>Gegen 19hundert war gemeinsames Kennenlernen aller Teilnehmer vorgesehen, hierzu wurde der legend\u00e4re Angelkeller vom Gastgeber zur Verf\u00fcgung gestellt.<\/p>\n<p><img loading=\"lazy\" class=\"aligncenter size-full wp-image-14706\" src=\"https:\/\/www.barsch-alarm.de\/news\/wp-content\/uploads\/2016\/12\/party.jpg\" alt=\"party\" width=\"800\" height=\"1067\" srcset=\"https:\/\/www.barsch-alarm.de\/news\/wp-content\/uploads\/2016\/12\/party.jpg 800w, https:\/\/www.barsch-alarm.de\/news\/wp-content\/uploads\/2016\/12\/party-184x245.jpg 184w, https:\/\/www.barsch-alarm.de\/news\/wp-content\/uploads\/2016\/12\/party-768x1024.jpg 768w, https:\/\/www.barsch-alarm.de\/news\/wp-content\/uploads\/2016\/12\/party-382x509.jpg 382w\" sizes=\"(max-width: 767px) 89vw, (max-width: 1000px) 54vw, (max-width: 1071px) 543px, 580px\" \/><\/p>\n<p>Es wurden Unmengen an Fleisch und Wurst gegrillt, dieses Grillgut wurde mit k\u00f6stlichem spanischen Bier in lustiger Runde verzehrt. Unter diesen Umst\u00e4nden wurden schnell neue Freundschaften geschlossen die in den n\u00e4chsten Tagen noch intensiviert wurden. Gegen Mitternacht l\u00f6ste sich die Runde auf und alle gingen in ihre Unterk\u00fcnfte um das\u00a0 Erlebte zu verarbeiten, um dann anschlie\u00dfend in einen tiefen Schlaf zu fallen. Gegen 6.30 Uhr ging mein Wecker, raus aus der Urne, ne Bohne aufgesetzt n Tisch gedeckt und den m\u00fcden K\u00f6rper unter die Dusche gestellt.<\/p>\n<p>Mit neuer Energie aus der Dusche, Klamotten \u00fcber den K\u00f6rper gestreift und mit ner Tasse Kaffee bewaffnet raus vor die T\u00fcr und den Nikotinhaushalt aufgef\u00fcllt. Mittlerweile kroch auch Thilo aus der Urne und freute sich diebisch \u00fcber den fertigen Kaffee. Nachdem sich Thilo der K\u00f6rperhygiene widmete, konnten wir im Anschluss unser erstes Fr\u00fchst\u00fcck gegen 8.30 Uhr einnehmen.<\/p>\n<p><img loading=\"lazy\" class=\"aligncenter size-full wp-image-14697\" src=\"https:\/\/www.barsch-alarm.de\/news\/wp-content\/uploads\/2016\/12\/fruehstueck.jpg\" alt=\"fruehstueck\" width=\"800\" height=\"600\" srcset=\"https:\/\/www.barsch-alarm.de\/news\/wp-content\/uploads\/2016\/12\/fruehstueck.jpg 800w, https:\/\/www.barsch-alarm.de\/news\/wp-content\/uploads\/2016\/12\/fruehstueck-326x245.jpg 326w, https:\/\/www.barsch-alarm.de\/news\/wp-content\/uploads\/2016\/12\/fruehstueck-768x576.jpg 768w, https:\/\/www.barsch-alarm.de\/news\/wp-content\/uploads\/2016\/12\/fruehstueck-678x509.jpg 678w, https:\/\/www.barsch-alarm.de\/news\/wp-content\/uploads\/2016\/12\/fruehstueck-80x60.jpg 80w\" sizes=\"(max-width: 767px) 89vw, (max-width: 1000px) 54vw, (max-width: 1071px) 543px, 580px\" \/><\/p>\n<p>Um 9hundert stand dann der Johannes vor unserer T\u00fcr um uns abzuholen. Unser erster Angeltag stand uns nun bevor und das gleich mit dem Barsch-Papst, der Pro unter den Anglern\u2026 9.30 Uhr war das Boot gelenzt, Tackle an Bord und los ging es. Mit Benzin gefluteten 80 PS Au\u00dfenborder wurde der Hebel auf den Tisch gelegt.<\/p>\n<p><img loading=\"lazy\" class=\"aligncenter size-full wp-image-14701\" src=\"https:\/\/www.barsch-alarm.de\/news\/wp-content\/uploads\/2016\/12\/hebel.jpg\" alt=\"hebel\" width=\"800\" height=\"1067\" srcset=\"https:\/\/www.barsch-alarm.de\/news\/wp-content\/uploads\/2016\/12\/hebel.jpg 800w, https:\/\/www.barsch-alarm.de\/news\/wp-content\/uploads\/2016\/12\/hebel-184x245.jpg 184w, https:\/\/www.barsch-alarm.de\/news\/wp-content\/uploads\/2016\/12\/hebel-768x1024.jpg 768w, https:\/\/www.barsch-alarm.de\/news\/wp-content\/uploads\/2016\/12\/hebel-382x509.jpg 382w\" sizes=\"(max-width: 767px) 89vw, (max-width: 1000px) 54vw, (max-width: 1071px) 543px, 580px\" \/><\/p>\n<p>Angekommen am ersten Spot zeigte uns der Johannes wie Barsche in Spanien rauben. Sicherlich kein ungewohntes Bild f\u00fcr den erfahrenen Angler wurden wir eines Besseren belehrt. Das Wasser kochte, Lauben sprangen aus dem Wasser in einem Durchmesser von \u00fcber 6 Meter, was ein Schauspiel&#8230; Noch leicht gel\u00e4hmt wurden die Ruten geladen und auch gleich in den Laubenteppich geworfen. Ich wei\u00df jetzt nicht wer der erste war der schrie, FISCH, sicher war nur, das nach kurzer Zeit alle Ruten krumm waren und die ersten spanischen Barsche im Boot waren.<\/p>\n<p><img loading=\"lazy\" class=\"aligncenter size-full wp-image-14688\" src=\"https:\/\/www.barsch-alarm.de\/news\/wp-content\/uploads\/2016\/12\/auftakt.jpg\" alt=\"auftakt\" width=\"1200\" height=\"900\" srcset=\"https:\/\/www.barsch-alarm.de\/news\/wp-content\/uploads\/2016\/12\/auftakt.jpg 1200w, https:\/\/www.barsch-alarm.de\/news\/wp-content\/uploads\/2016\/12\/auftakt-326x245.jpg 326w, https:\/\/www.barsch-alarm.de\/news\/wp-content\/uploads\/2016\/12\/auftakt-768x576.jpg 768w, https:\/\/www.barsch-alarm.de\/news\/wp-content\/uploads\/2016\/12\/auftakt-678x509.jpg 678w, https:\/\/www.barsch-alarm.de\/news\/wp-content\/uploads\/2016\/12\/auftakt-80x60.jpg 80w\" sizes=\"(max-width: 767px) 89vw, (max-width: 1000px) 54vw, (max-width: 1071px) 543px, 580px\" \/><\/p>\n<p>Voller Adrenalin und nach mehreren Drills guter Barsche ging es zum n\u00e4chsten Spot. Angekommen an diesem wurden auch gleich wieder die Gummis in den oberen Stausee gefeuert. Auch hier wurden wieder unglaubliche Barsche gefangen gefolgt von sch\u00f6nen Zandern. Die Einschl\u00e4ge gingen wie ein Stromschlag durch den K\u00f6rper, unglaublich geil, einfach nur gut.<\/p>\n<p><img loading=\"lazy\" class=\"aligncenter size-full wp-image-14712\" src=\"https:\/\/www.barsch-alarm.de\/news\/wp-content\/uploads\/2016\/12\/thilo-zander.jpg\" alt=\"thilo-zander\" width=\"1200\" height=\"900\" srcset=\"https:\/\/www.barsch-alarm.de\/news\/wp-content\/uploads\/2016\/12\/thilo-zander.jpg 1200w, https:\/\/www.barsch-alarm.de\/news\/wp-content\/uploads\/2016\/12\/thilo-zander-326x245.jpg 326w, https:\/\/www.barsch-alarm.de\/news\/wp-content\/uploads\/2016\/12\/thilo-zander-768x576.jpg 768w, https:\/\/www.barsch-alarm.de\/news\/wp-content\/uploads\/2016\/12\/thilo-zander-678x509.jpg 678w, https:\/\/www.barsch-alarm.de\/news\/wp-content\/uploads\/2016\/12\/thilo-zander-80x60.jpg 80w\" sizes=\"(max-width: 767px) 89vw, (max-width: 1000px) 54vw, (max-width: 1071px) 543px, 580px\" \/> <img loading=\"lazy\" class=\"aligncenter size-full wp-image-14694\" src=\"https:\/\/www.barsch-alarm.de\/news\/wp-content\/uploads\/2016\/12\/doppelbarsch.jpg\" alt=\"doppelbarsch\" width=\"1200\" height=\"754\" srcset=\"https:\/\/www.barsch-alarm.de\/news\/wp-content\/uploads\/2016\/12\/doppelbarsch.jpg 1200w, https:\/\/www.barsch-alarm.de\/news\/wp-content\/uploads\/2016\/12\/doppelbarsch-326x205.jpg 326w, https:\/\/www.barsch-alarm.de\/news\/wp-content\/uploads\/2016\/12\/doppelbarsch-768x483.jpg 768w, https:\/\/www.barsch-alarm.de\/news\/wp-content\/uploads\/2016\/12\/doppelbarsch-678x426.jpg 678w\" sizes=\"(max-width: 767px) 89vw, (max-width: 1000px) 54vw, (max-width: 1071px) 543px, 580px\" \/><\/p>\n<p>Vor jedem Angeltag wurde zwischen mir und Thilo ein Battle ausgesprochen; welches von uns hoch konzentriert, mit aller List und Kreativit\u00e4t ausgefischt werden sollte. Der erste Angeltag neigte sich dem Ende und Thilo wollte die erste Niederlage wirklich akzeptieren Und fischte die letzten Minuten was das Zeug hielt. Leider konnte er es nicht mehr verhindern und gratulierte mir nicht wirklich ernsthaft, aber er gab mir sportlich die Hand.<\/p>\n<p>Angekommen im Camp nach einem unglaublich geilen Angeltag wurde erstmal\u00a0 eines von diesem k\u00f6stlichen spanischen Bier getrunken. Nach kurzer R\u00fccksprache mit allen Teilnehmern sollte der heutige Abend im Wembley gefeiert werden. Nichtsahnend vom Verlauf des Abends machten wir uns frisch und auf den Weg ins Wembley. Angekommen in diesen urigen Bar wurden die Erlebnisse vom ersten Tag bei viel Bier und leckerem Essen ausgetauscht. Gegen 23.00 Uhr stellten beschlossen wir,\u00a0 uns ins Camp aufzumachen, um unsere illustre Runde fortzuf\u00fchren. Hier stellte das Team Baden-Baden die Schwaben-Lokation zur Verf\u00fcgung. Das Team Baden-Baden setzt sich wie folgt zusammen: der Ralf (fortan Rolf genannt), der Manu und der Philipp. Drei sensationell geile Typen die unsere Sprache sprechen \u2013 in einem anderen Slang zwar, aber gut&#8230; Jedenfalls waren die drei unheimlich gute Gastgeber und stellten alles an vorhandenen Getr\u00e4nken zur Verf\u00fcgung. Ralf hat selbst seinen aus dem Badener Land exportieren Rotwein im 5liter Tetrapack auf den Tisch gestellt. Gegen 00.30 Uhr l\u00f6ste sich die Runde, ein unvergesslicher, sch\u00f6ner, lustiger, harmonischer und dennoch harter Abend ging zu Ende, an dem so manch ein Beteiligter Probleme hatte, das ihm zugeteilte Appartement\u00a0 zu erreichen.<\/p>\n<p>Wie am Morgen zuvor ging mein Wecker wieder um 6.30 Uhr und erstaunlicherweise kam ich gut aus dem Bett. Bohne aufgesetzt, K\u00f6rper unter die Dusche geschleppt, Klamotten an und mit Bohne raus vor die T\u00fcr und eine durchgezogen. Der Duft von Freiheit&#8230; Gegen 7.15 Uhr kam ein nicht ausgeschlafener Thilo aus der Urne und griff sich erstmal\u00a0 einen Becher um diesen mit ner Bohne zu f\u00fcllen. Nach kurzem Smalltalk ging es an den Fr\u00fchst\u00fccktisch, wo wir heute den Johannes als Gast\u00a0 hatten. Nach einem deftigen Fr\u00fchst\u00fcck,\u00a0 Johannes wollte seine Eier Natur gebraten, fuhren wir zu Mequifish um die Tageskarten zu holen. Schnell noch ein paar K\u00f6der gekauft, die Ruten scharf gemacht und los zum ersten Spot.<\/p>\n<p>An diesem tag war Johannes der erste, der den FISCH-Schrei von sich gab. Barsch. Mitte 40.<\/p>\n<p><img loading=\"lazy\" class=\"aligncenter size-full wp-image-14699\" src=\"https:\/\/www.barsch-alarm.de\/news\/wp-content\/uploads\/2016\/12\/hannes-barsch.jpg\" alt=\"hannes-barsch\" width=\"1200\" height=\"900\" srcset=\"https:\/\/www.barsch-alarm.de\/news\/wp-content\/uploads\/2016\/12\/hannes-barsch.jpg 1200w, https:\/\/www.barsch-alarm.de\/news\/wp-content\/uploads\/2016\/12\/hannes-barsch-326x245.jpg 326w, https:\/\/www.barsch-alarm.de\/news\/wp-content\/uploads\/2016\/12\/hannes-barsch-768x576.jpg 768w, https:\/\/www.barsch-alarm.de\/news\/wp-content\/uploads\/2016\/12\/hannes-barsch-678x509.jpg 678w, https:\/\/www.barsch-alarm.de\/news\/wp-content\/uploads\/2016\/12\/hannes-barsch-80x60.jpg 80w\" sizes=\"(max-width: 767px) 89vw, (max-width: 1000px) 54vw, (max-width: 1071px) 543px, 580px\" \/><\/p>\n<p>So sollte es dann auch weitergehen, wir fingen ausschlie\u00dflich gro\u00dfe Barsche und ich konnte an diesem Tag mein PB feiern, sagenhafte 47cm. Ich war unsagbar gl\u00fccklich und dankbar. What a Perch.<\/p>\n<p><img loading=\"lazy\" class=\"aligncenter size-full wp-image-14690\" src=\"https:\/\/www.barsch-alarm.de\/news\/wp-content\/uploads\/2016\/12\/barsch-pb.jpg\" alt=\"barsch-pb\" width=\"1200\" height=\"900\" srcset=\"https:\/\/www.barsch-alarm.de\/news\/wp-content\/uploads\/2016\/12\/barsch-pb.jpg 1200w, https:\/\/www.barsch-alarm.de\/news\/wp-content\/uploads\/2016\/12\/barsch-pb-326x245.jpg 326w, https:\/\/www.barsch-alarm.de\/news\/wp-content\/uploads\/2016\/12\/barsch-pb-768x576.jpg 768w, https:\/\/www.barsch-alarm.de\/news\/wp-content\/uploads\/2016\/12\/barsch-pb-678x509.jpg 678w, https:\/\/www.barsch-alarm.de\/news\/wp-content\/uploads\/2016\/12\/barsch-pb-80x60.jpg 80w\" sizes=\"(max-width: 767px) 89vw, (max-width: 1000px) 54vw, (max-width: 1071px) 543px, 580px\" \/><\/p>\n<p>Ein krasser Angeltag ging zu Ende, gl\u00fccklich, zufrieden und kaputt ging es zur\u00fcck an den Steg. Auch dieser Tag ging an mich und es folgte wieder ein nicht ernstgemeinter Gl\u00fcckwunsch von meinem Kollegen Thilo.<\/p>\n<p>Nach kurzer R\u00fccksprache mit den anderen sollte dieser Abend im Bellavista gefeiert werden. In gem\u00fctlicher Runde bei Speis und Trank wurden die Erlebnisse und Impressionen vom Tag<br \/>\nausgetauscht. Gegen 22.30 l\u00f6ste sich die Runde und jedes Team ging in ihr Appartement. Jetzt kam Thilos Zeit, zwei Niederlagen nagten an seinem Selbstbewusstsein. Unheimlich kreative Gedanken wurden in die Tat umgesetzt, sofort kramte er all seine Taschen durch, suchte nach verwertbaren Materialien. Im Kopf waren neue K\u00f6der geboren, nur mussten diese mit den erforderlichen Zutaten kreiert werden. Nach Mitternacht schaute er stolz und zufrieden auf seine neuen, selbstgebauten K\u00f6der. Diese wurden noch schnell an die Ruten gebunden und erst jetzt fiel er ersch\u00f6pft, unheimlich zufrieden und sau stolz auf sich selbst in ein tiefen Schlaf.<\/p>\n<p>Ich war l\u00e4ngst im Traum bei den dicken Barschen. Der 3 Tag stand bevor, das deftige Fr\u00fchst\u00fcck vom Vortag sollte f\u00fcr Thilo und mich zur Gewohnheit werden, das Natur gebratene Spiegelei f\u00fcr den Johannes auch. Nun ging es endlich los, Thilo war hei\u00df wie Frittenfett und konnte es kaum abwarten seine selbst gebauten K\u00f6der in den oberen Stausee zu feuern. Schnell stellte ich fest, dass er sich in der Nacht auch meiner Tacklebox f\u00fcr seine K\u00f6der gewidmet hat \u2013 aber ich sah es sportlich.<\/p>\n<p>Am ersten Spot angekommen, feuerte Thilo auch schon gleich seinen Thilojigg ins feuchte Nass. Kaum im Wasser angekommen schrie er \u201aFIIISCH !!!!!!!!!!!\u2018 und landete kurze Zeit sp\u00e4ter den ersten Dickbarsch.<\/p>\n<p><img loading=\"lazy\" class=\"aligncenter size-full wp-image-14715\" src=\"https:\/\/www.barsch-alarm.de\/news\/wp-content\/uploads\/2016\/12\/zipfel-barsch.jpg\" alt=\"zipfel-barsch\" width=\"1200\" height=\"900\" srcset=\"https:\/\/www.barsch-alarm.de\/news\/wp-content\/uploads\/2016\/12\/zipfel-barsch.jpg 1200w, https:\/\/www.barsch-alarm.de\/news\/wp-content\/uploads\/2016\/12\/zipfel-barsch-326x245.jpg 326w, https:\/\/www.barsch-alarm.de\/news\/wp-content\/uploads\/2016\/12\/zipfel-barsch-768x576.jpg 768w, https:\/\/www.barsch-alarm.de\/news\/wp-content\/uploads\/2016\/12\/zipfel-barsch-678x509.jpg 678w, https:\/\/www.barsch-alarm.de\/news\/wp-content\/uploads\/2016\/12\/zipfel-barsch-80x60.jpg 80w\" sizes=\"(max-width: 767px) 89vw, (max-width: 1000px) 54vw, (max-width: 1071px) 543px, 580px\" \/><\/p>\n<p>Und so ging es auch weiter, selbst die gekauften K\u00f6der vom Mequifish wollte Thilo sich nicht ans Band binden, mit voller \u00dcberzeugung fischte er ausschlie\u00dflich seine K\u00f6der und das Sprichwort,<br \/>\n\u201ewer f\u00e4ngt hat Recht\u201c best\u00e4tigte ihn in seinem Tun.<\/p>\n<p>Bei mir lief es mengenm\u00e4\u00dfig eher bescheiden, allerdings durfte ich irgendwie nur gro\u00dfe fangen. Johannes sagte: \u201aTim kann eh nur Gro\u00dfe.\u2018 Ich nahm es als Lob auf und wollte nicht widersprechen.<\/p>\n<p><img loading=\"lazy\" class=\"aligncenter size-full wp-image-14704\" src=\"https:\/\/www.barsch-alarm.de\/news\/wp-content\/uploads\/2016\/12\/monster-barsch.jpg\" alt=\"monster-barsch\" width=\"1200\" height=\"900\" srcset=\"https:\/\/www.barsch-alarm.de\/news\/wp-content\/uploads\/2016\/12\/monster-barsch.jpg 1200w, https:\/\/www.barsch-alarm.de\/news\/wp-content\/uploads\/2016\/12\/monster-barsch-326x245.jpg 326w, https:\/\/www.barsch-alarm.de\/news\/wp-content\/uploads\/2016\/12\/monster-barsch-768x576.jpg 768w, https:\/\/www.barsch-alarm.de\/news\/wp-content\/uploads\/2016\/12\/monster-barsch-678x509.jpg 678w, https:\/\/www.barsch-alarm.de\/news\/wp-content\/uploads\/2016\/12\/monster-barsch-80x60.jpg 80w\" sizes=\"(max-width: 767px) 89vw, (max-width: 1000px) 54vw, (max-width: 1071px) 543px, 580px\" \/><\/p>\n<p>Das Wetter wurde immer schlechter, die N\u00e4sse kroch langsam durch die beste Kleidung und so fuhren wir kurz vor D\u00e4mmerung den letzten Spot an. Nicht wirklich motiviert, gedanklich schon<br \/>\nim Trockenen beim Essen wurden die letzten W\u00fcrfe gemacht \u2013 da schlug es bei mir gewaltig ein. Meine Expride 268ML (WG: 4-12 Gramm) ging richtig in die Knie&#8230;<\/p>\n<p><img loading=\"lazy\" class=\"aligncenter size-full wp-image-14695\" src=\"https:\/\/www.barsch-alarm.de\/news\/wp-content\/uploads\/2016\/12\/drill.jpg\" alt=\"drill\" width=\"1200\" height=\"900\" srcset=\"https:\/\/www.barsch-alarm.de\/news\/wp-content\/uploads\/2016\/12\/drill.jpg 1200w, https:\/\/www.barsch-alarm.de\/news\/wp-content\/uploads\/2016\/12\/drill-326x245.jpg 326w, https:\/\/www.barsch-alarm.de\/news\/wp-content\/uploads\/2016\/12\/drill-768x576.jpg 768w, https:\/\/www.barsch-alarm.de\/news\/wp-content\/uploads\/2016\/12\/drill-678x509.jpg 678w, https:\/\/www.barsch-alarm.de\/news\/wp-content\/uploads\/2016\/12\/drill-80x60.jpg 80w\" sizes=\"(max-width: 767px) 89vw, (max-width: 1000px) 54vw, (max-width: 1071px) 543px, 580px\" \/><\/p>\n<p>&#8230; Schnell war klar, dass es ein Waller war. Nach gef\u00fchlvollem Drill hatte ich dann das Vergn\u00fcgen ein Meterplus-Waller zu landen. Ein Abschluss, der nicht h\u00e4tte besser sein k\u00f6nnen.<\/p>\n<p><img loading=\"lazy\" class=\"aligncenter size-full wp-image-14710\" src=\"https:\/\/www.barsch-alarm.de\/news\/wp-content\/uploads\/2016\/12\/regenwaller.jpg\" alt=\"regenwaller\" width=\"1200\" height=\"900\" srcset=\"https:\/\/www.barsch-alarm.de\/news\/wp-content\/uploads\/2016\/12\/regenwaller.jpg 1200w, https:\/\/www.barsch-alarm.de\/news\/wp-content\/uploads\/2016\/12\/regenwaller-326x245.jpg 326w, https:\/\/www.barsch-alarm.de\/news\/wp-content\/uploads\/2016\/12\/regenwaller-768x576.jpg 768w, https:\/\/www.barsch-alarm.de\/news\/wp-content\/uploads\/2016\/12\/regenwaller-678x509.jpg 678w, https:\/\/www.barsch-alarm.de\/news\/wp-content\/uploads\/2016\/12\/regenwaller-80x60.jpg 80w\" sizes=\"(max-width: 767px) 89vw, (max-width: 1000px) 54vw, (max-width: 1071px) 543px, 580px\" \/><\/p>\n<p>Johannes legte dann den Hebel auf den Tisch und so flogen wir \u00fcbers Wasser Richtung Steganlage. Ehrf\u00fcrchtig und voller Anerkennung gratulierte ich dem heutigen Gewinner Thilo zu seinem Tagessieg. Wer sich so kreativ und mutig vorbereitet und dieses auch so am Wasser voller \u00dcberzeugung umsetzt, der hat meinen gr\u00f6\u00dften Respekt!<\/p>\n<p>Der Abend wurde in geselliger Runde im Wembley gefeiert. Die Tage auf dem Wasser und die Abende in geselliger Runde zollten ihren Tribut und so gingen wir auch rechtzeitig ins Bett.<\/p>\n<p>An dieser Stelle sei gesagt, rechtzeitig war nicht wirklich rechtzeitig. Der n\u00e4chste Morgen und somit unser letzter Angeltag begann wie jeder Morgen: Johannes kam zum Fr\u00fchst\u00fcck und haute sich den Wanz mit Natur gebratenen Spiegeleiern voll. Nachdem seine S\u00e4ttigung eingesetzt hatte,\u00a0 forderte er uns auch gleich auf endlich aufs Wasser zu fahren.<\/p>\n<p>An diesem Tag zeigte sich Mequinenza von der schlechten Seite: es regnete Bindf\u00e4den und so sollte es auch den ganzen Tag gehen. Johannes hatte schnell die Lust verloren, bei mir war es \u00e4hnlich, nur der Thilo haute voller Begeisterung seine immer noch am Band befindlichen selbstgebauten\u00a0 K\u00f6der in den\u00a0 oberen Stausee und sollte \u2013 wie auch nicht anders zu erwarten \u2013 belohnt werden.<\/p>\n<p><img loading=\"lazy\" class=\"aligncenter size-full wp-image-14709\" src=\"https:\/\/www.barsch-alarm.de\/news\/wp-content\/uploads\/2016\/12\/regenbarsch.jpg\" alt=\"regenbarsch\" width=\"1200\" height=\"900\" srcset=\"https:\/\/www.barsch-alarm.de\/news\/wp-content\/uploads\/2016\/12\/regenbarsch.jpg 1200w, https:\/\/www.barsch-alarm.de\/news\/wp-content\/uploads\/2016\/12\/regenbarsch-326x245.jpg 326w, https:\/\/www.barsch-alarm.de\/news\/wp-content\/uploads\/2016\/12\/regenbarsch-768x576.jpg 768w, https:\/\/www.barsch-alarm.de\/news\/wp-content\/uploads\/2016\/12\/regenbarsch-678x509.jpg 678w, https:\/\/www.barsch-alarm.de\/news\/wp-content\/uploads\/2016\/12\/regenbarsch-80x60.jpg 80w\" sizes=\"(max-width: 767px) 89vw, (max-width: 1000px) 54vw, (max-width: 1071px) 543px, 580px\" \/><\/p>\n<p>Wir fingen dennoch alle unsere Fische und gegen Mittag waren wir uns alle einig, Schluss zu machen. Angekommen im Camp, wurde schnell ne frische\u00a0 Bohne aufgesetzt, ne hei\u00dfe Dusche genommen und \u00fcberlegt, ob wir noch mal ne Runde von Land aus fischen. Die Frage war kaum ausgesprochen und schon viel die Antwort: \u201aLOGO!!!\u2018<\/p>\n<p>Also wieder rein in die Klamotten und zum Spot gefahren. Angekommen an diesem, flogen auch schon die K\u00f6der ins Wasser und so konnten wir unsere letzten Fische fange. Wir wollten es nicht wahr haben, aber es war vorbei, Ende, over and out\u2026<\/p>\n<p>Zur\u00fcck im Camp wurden die St\u00f6cke demontiert und in die Rohre verstaut, Koffer gepackt und ein\u00a0 letztes Mal frisch gemacht. Der Bruno (einer der beiden Chefs von <strong><a href=\"http:\/\/ebrourlaub.de\/\" target=\"_blank\">Ebrourlaub<\/a><\/strong>) hat uns zur selbstgemachten Paella im Angelkeller eingeladen. Unter Tr\u00e4nen des Abschieds wurde eine sensationell schmeckende Paella von allen Teilnehmern verspeist.<\/p>\n<p><img loading=\"lazy\" class=\"aligncenter size-full wp-image-14705\" src=\"https:\/\/www.barsch-alarm.de\/news\/wp-content\/uploads\/2016\/12\/paella.jpg\" alt=\"paella\" width=\"1200\" height=\"900\" srcset=\"https:\/\/www.barsch-alarm.de\/news\/wp-content\/uploads\/2016\/12\/paella.jpg 1200w, https:\/\/www.barsch-alarm.de\/news\/wp-content\/uploads\/2016\/12\/paella-326x245.jpg 326w, https:\/\/www.barsch-alarm.de\/news\/wp-content\/uploads\/2016\/12\/paella-768x576.jpg 768w, https:\/\/www.barsch-alarm.de\/news\/wp-content\/uploads\/2016\/12\/paella-678x509.jpg 678w, https:\/\/www.barsch-alarm.de\/news\/wp-content\/uploads\/2016\/12\/paella-80x60.jpg 80w\" sizes=\"(max-width: 767px) 89vw, (max-width: 1000px) 54vw, (max-width: 1071px) 543px, 580px\" \/><\/p>\n<p>Auch dieser letzte Abend neigte sich irgendwann dem Ende und so fielen wir ersch\u00f6pft und traurig in den Schlaf. Der letzte Morgen, Abschied nehmen war angesagt. Es war der Gang nach Kanossa. Keiner wollte es wahrhaben, dennoch musste es geschehen und somit fielen wir uns alle um den Hals und sagten, unter weinender Stimme und mit Tr\u00e4nen in den Augen: &#8218;TCH\u00dcSS, hau rein, mach\u2018s gut, hoffentlich sehen wir uns mal wieder, ja das hoffe ich auch, unbedingt, Mann, war das ne geile Zeit, leck mich am Arsch, war das geil mit euch\u2026\u2018<\/p>\n<p>Voller Wehmut stiegen wir in unseren Caddy und machten uns auf den Weg nach Barcelona. Der R\u00fcckflug verlief problemlos\u2026<\/p>\n<p><strong>Ein Riesendank an:<\/strong><\/p>\n<p>Johannes f\u00fcr die perfekte Orga und die Zusammenstellung der Teilnehmer,<br \/>\nBruno und Markus von <a href=\"http:\/\/ebrourlaub.de\/\" target=\"_blank\"><strong>ebrourlaub.de,<\/strong><\/a><br \/>\ndie K\u00f6chin der Pealla,<br \/>\nRalf, Philipp und Manu aus Team Baden-Baden<br \/>\nund Ronny, Marvin und Manu2 aus Team Berlin.<\/p>\n<p>Tim<\/p>\n","protected":false},"excerpt":{"rendered":"<p>Samstagmorgen 6hundert holte ich meinen Kollegen Thilo in Gl\u00fccksburg ab. Wir fuhren Richtung Hamburg\u00a0 Flughafen, wo der Flug in Richtung Barcelona f\u00fcr 10.20 Uhr vorgesehen war. P\u00fcnktlich hob der Flieger ab, so dass wir um 12.50 Uhr in Barcelona nach einem entspannten Flug und hoch motiviert landeten. Nachdem wir erfolgreich unser Gep\u00e4ck vom Band gekonnt &hellip; <\/p>\n<p class=\"link-more\"><a href=\"https:\/\/www.barsch-alarm.de\/news\/ba-spanien-tour-erfahrungsbericht-vom-team-nord\/\" class=\"more-link\">Read more\u2026<\/a><\/p>\n","protected":false},"author":5,"featured_media":14713,"comment_status":"open","ping_status":"open","sticky":false,"template":"","format":"standard","meta":[],"categories":[16],"tags":[2153,23,2213,154,152,279,155,2152],"featured_image_urls":{"full":["https:\/\/www.barsch-alarm.de\/news\/wp-content\/uploads\/2016\/12\/tim-opener.jpg",1030,400,false],"thumbnail":["https:\/\/www.barsch-alarm.de\/news\/wp-content\/uploads\/2016\/12\/tim-opener-326x127.jpg",326,127,true],"medium":["https:\/\/www.barsch-alarm.de\/news\/wp-content\/uploads\/2016\/12\/tim-opener-326x127.jpg",326,127,true],"medium_large":["https:\/\/www.barsch-alarm.de\/news\/wp-content\/uploads\/2016\/12\/tim-opener-768x298.jpg",768,298,true],"large":["https:\/\/www.barsch-alarm.de\/news\/wp-content\/uploads\/2016\/12\/tim-opener-678x263.jpg",678,263,true],"1536x1536":["https:\/\/www.barsch-alarm.de\/news\/wp-content\/uploads\/2016\/12\/tim-opener.jpg",1030,400,false],"2048x2048":["https:\/\/www.barsch-alarm.de\/news\/wp-content\/uploads\/2016\/12\/tim-opener.jpg",1030,400,false],"thxpress-featured-image":["https:\/\/www.barsch-alarm.de\/news\/wp-content\/uploads\/2016\/12\/tim-opener.jpg",1030,400,false],"400x250-crop":["https:\/\/www.barsch-alarm.de\/news\/wp-content\/uploads\/2016\/12\/tim-opener.jpg",400,155,false]},"post_excerpt_stackable":"<p>Samstagmorgen 6hundert holte ich meinen Kollegen Thilo in Gl\u00fccksburg ab. Wir fuhren Richtung Hamburg\u00a0 Flughafen, wo der Flug in Richtung Barcelona f\u00fcr 10.20 Uhr vorgesehen war. P\u00fcnktlich hob der Flieger ab, so dass wir um 12.50 Uhr in Barcelona nach einem entspannten Flug und hoch motiviert landeten. Nachdem wir erfolgreich unser Gep\u00e4ck vom Band gekonnt auf den Gep\u00e4ckwagen\u00a0 wuchteten, gingen wir zu unserem Autovermieter. Angekommen an der Fahrzeugausgabe bekamen wir nach einer Verz\u00f6gerung endlich unseren Caddy. Schnell wurde dieser beladen, Navi scharf gemacht und so ging es dann gegen 14.30 Uhr Richtung Mequinenza. Die Fahrt wurde nur durch einen kurzen&hellip;<\/p>\n","category_list":"<a href=\"https:\/\/www.barsch-alarm.de\/news\/category\/ba-treffen\/\" rel=\"category tag\">BA-Treffen<\/a>","author_info":{"name":"dietel","url":"https:\/\/www.barsch-alarm.de\/news\/author\/dietel\/"},"comments_num":"16 Kommentare","featured_image_urls_v2":{"full":["https:\/\/www.barsch-alarm.de\/news\/wp-content\/uploads\/2016\/12\/tim-opener.jpg",1030,400,false],"thumbnail":["https:\/\/www.barsch-alarm.de\/news\/wp-content\/uploads\/2016\/12\/tim-opener-326x127.jpg",326,127,true],"medium":["https:\/\/www.barsch-alarm.de\/news\/wp-content\/uploads\/2016\/12\/tim-opener-326x127.jpg",326,127,true],"medium_large":["https:\/\/www.barsch-alarm.de\/news\/wp-content\/uploads\/2016\/12\/tim-opener-768x298.jpg",768,298,true],"large":["https:\/\/www.barsch-alarm.de\/news\/wp-content\/uploads\/2016\/12\/tim-opener-678x263.jpg",678,263,true],"1536x1536":["https:\/\/www.barsch-alarm.de\/news\/wp-content\/uploads\/2016\/12\/tim-opener.jpg",1030,400,false],"2048x2048":["https:\/\/www.barsch-alarm.de\/news\/wp-content\/uploads\/2016\/12\/tim-opener.jpg",1030,400,false],"thxpress-featured-image":["https:\/\/www.barsch-alarm.de\/news\/wp-content\/uploads\/2016\/12\/tim-opener.jpg",1030,400,false],"400x250-crop":["https:\/\/www.barsch-alarm.de\/news\/wp-content\/uploads\/2016\/12\/tim-opener.jpg",400,155,false]},"post_excerpt_stackable_v2":"<p>Samstagmorgen 6hundert holte ich meinen Kollegen Thilo in Gl\u00fccksburg ab. Wir fuhren Richtung Hamburg\u00a0 Flughafen, wo der Flug in Richtung Barcelona f\u00fcr 10.20 Uhr vorgesehen war. P\u00fcnktlich hob der Flieger ab, so dass wir um 12.50 Uhr in Barcelona nach einem entspannten Flug und hoch motiviert landeten. Nachdem wir erfolgreich unser Gep\u00e4ck vom Band gekonnt auf den Gep\u00e4ckwagen\u00a0 wuchteten, gingen wir zu unserem Autovermieter. Angekommen an der Fahrzeugausgabe bekamen wir nach einer Verz\u00f6gerung endlich unseren Caddy. Schnell wurde dieser beladen, Navi scharf gemacht und so ging es dann gegen 14.30 Uhr Richtung Mequinenza. Die Fahrt wurde nur durch einen kurzen&hellip;<\/p>\n","category_list_v2":"<a href=\"https:\/\/www.barsch-alarm.de\/news\/category\/ba-treffen\/\" rel=\"category tag\">BA-Treffen<\/a>","author_info_v2":{"name":"dietel","url":"https:\/\/www.barsch-alarm.de\/news\/author\/dietel\/"},"comments_num_v2":"16 Kommentare","yoast_head":"<!-- This site is optimized with the Yoast SEO plugin v19.11 - https:\/\/yoast.com\/wordpress\/plugins\/seo\/ -->\n<title>BA-Spanien-Tour: Erfahrungsbericht vom &quot;Team Nord&quot; | Barsch-Alarm<\/title>\n<meta name=\"robots\" content=\"index, follow, max-snippet:-1, max-image-preview:large, max-video-preview:-1\" \/>\n<link rel=\"canonical\" href=\"https:\/\/www.barsch-alarm.de\/news\/ba-spanien-tour-erfahrungsbericht-vom-team-nord\/\" \/>\n<meta name=\"twitter:label1\" content=\"Verfasst von\" \/>\n\t<meta name=\"twitter:data1\" content=\"dietel\" \/>\n\t<meta name=\"twitter:label2\" content=\"Gesch\u00e4tzte Lesezeit\" \/>\n\t<meta name=\"twitter:data2\" content=\"10\u00a0Minuten\" \/>\n<script type=\"application\/ld+json\" class=\"yoast-schema-graph\">{\"@context\":\"https:\/\/schema.org\",\"@graph\":[{\"@type\":\"Article\",\"@id\":\"https:\/\/www.barsch-alarm.de\/news\/ba-spanien-tour-erfahrungsbericht-vom-team-nord\/#article\",\"isPartOf\":{\"@id\":\"https:\/\/www.barsch-alarm.de\/news\/ba-spanien-tour-erfahrungsbericht-vom-team-nord\/\"},\"author\":{\"name\":\"dietel\",\"@id\":\"https:\/\/www.barsch-alarm.de\/news\/#\/schema\/person\/625ad6937f19daaa4355ae4dcce349f7\"},\"headline\":\"BA-Spanien-Tour: Erfahrungsbericht vom &#8222;Team Nord&#8220;\",\"datePublished\":\"2016-12-22T08:46:37+00:00\",\"dateModified\":\"2016-12-22T18:44:24+00:00\",\"mainEntityOfPage\":{\"@id\":\"https:\/\/www.barsch-alarm.de\/news\/ba-spanien-tour-erfahrungsbericht-vom-team-nord\/\"},\"wordCount\":2049,\"commentCount\":16,\"publisher\":{\"@id\":\"https:\/\/www.barsch-alarm.de\/news\/#\/schema\/person\/625ad6937f19daaa4355ae4dcce349f7\"},\"keywords\":[\"Barsch\",\"Barsch-Alarm\",\"Ebrourlaub\",\"Mequinenza\",\"Spanien\",\"treffen\",\"Waller\",\"Zander\"],\"articleSection\":[\"BA-Treffen\"],\"inLanguage\":\"de\",\"potentialAction\":[{\"@type\":\"CommentAction\",\"name\":\"Comment\",\"target\":[\"https:\/\/www.barsch-alarm.de\/news\/ba-spanien-tour-erfahrungsbericht-vom-team-nord\/#respond\"]}]},{\"@type\":\"WebPage\",\"@id\":\"https:\/\/www.barsch-alarm.de\/news\/ba-spanien-tour-erfahrungsbericht-vom-team-nord\/\",\"url\":\"https:\/\/www.barsch-alarm.de\/news\/ba-spanien-tour-erfahrungsbericht-vom-team-nord\/\",\"name\":\"BA-Spanien-Tour: Erfahrungsbericht vom \\\"Team Nord\\\" | Barsch-Alarm\",\"isPartOf\":{\"@id\":\"https:\/\/www.barsch-alarm.de\/news\/#website\"},\"datePublished\":\"2016-12-22T08:46:37+00:00\",\"dateModified\":\"2016-12-22T18:44:24+00:00\",\"breadcrumb\":{\"@id\":\"https:\/\/www.barsch-alarm.de\/news\/ba-spanien-tour-erfahrungsbericht-vom-team-nord\/#breadcrumb\"},\"inLanguage\":\"de\",\"potentialAction\":[{\"@type\":\"ReadAction\",\"target\":[\"https:\/\/www.barsch-alarm.de\/news\/ba-spanien-tour-erfahrungsbericht-vom-team-nord\/\"]}]},{\"@type\":\"BreadcrumbList\",\"@id\":\"https:\/\/www.barsch-alarm.de\/news\/ba-spanien-tour-erfahrungsbericht-vom-team-nord\/#breadcrumb\",\"itemListElement\":[{\"@type\":\"ListItem\",\"position\":1,\"name\":\"Startseite\",\"item\":\"https:\/\/www.barsch-alarm.de\/news\/\"},{\"@type\":\"ListItem\",\"position\":2,\"name\":\"BA-Spanien-Tour: Erfahrungsbericht vom &#8222;Team Nord&#8220;\"}]},{\"@type\":\"WebSite\",\"@id\":\"https:\/\/www.barsch-alarm.de\/news\/#website\",\"url\":\"https:\/\/www.barsch-alarm.de\/news\/\",\"name\":\"Barsch-Alarm\",\"description\":\"das gr\u00f6\u00dfte Angelforum f\u00fcr Spinnangler\",\"publisher\":{\"@id\":\"https:\/\/www.barsch-alarm.de\/news\/#\/schema\/person\/625ad6937f19daaa4355ae4dcce349f7\"},\"potentialAction\":[{\"@type\":\"SearchAction\",\"target\":{\"@type\":\"EntryPoint\",\"urlTemplate\":\"https:\/\/www.barsch-alarm.de\/news\/?s={search_term_string}\"},\"query-input\":\"required name=search_term_string\"}],\"inLanguage\":\"de\"},{\"@type\":[\"Person\",\"Organization\"],\"@id\":\"https:\/\/www.barsch-alarm.de\/news\/#\/schema\/person\/625ad6937f19daaa4355ae4dcce349f7\",\"name\":\"dietel\",\"image\":{\"@type\":\"ImageObject\",\"inLanguage\":\"de\",\"@id\":\"https:\/\/www.barsch-alarm.de\/news\/#\/schema\/person\/image\/\",\"url\":\"https:\/\/secure.gravatar.com\/avatar\/365783e1f60d378ef793fb7c5bb3ef04?s=96&d=mm&r=g\",\"contentUrl\":\"https:\/\/secure.gravatar.com\/avatar\/365783e1f60d378ef793fb7c5bb3ef04?s=96&d=mm&r=g\",\"caption\":\"dietel\"},\"logo\":{\"@id\":\"https:\/\/www.barsch-alarm.de\/news\/#\/schema\/person\/image\/\"},\"sameAs\":[\"http:\/\/www.barsch-alarm.de\/member.php?5-dietel\"],\"url\":\"https:\/\/www.barsch-alarm.de\/news\/author\/dietel\/\"}]}<\/script>\n<!-- \/ Yoast SEO plugin. -->","yoast_head_json":{"title":"BA-Spanien-Tour: Erfahrungsbericht vom \"Team Nord\" | Barsch-Alarm","robots":{"index":"index","follow":"follow","max-snippet":"max-snippet:-1","max-image-preview":"max-image-preview:large","max-video-preview":"max-video-preview:-1"},"canonical":"https:\/\/www.barsch-alarm.de\/news\/ba-spanien-tour-erfahrungsbericht-vom-team-nord\/","twitter_misc":{"Verfasst von":"dietel","Gesch\u00e4tzte Lesezeit":"10\u00a0Minuten"},"schema":{"@context":"https:\/\/schema.org","@graph":[{"@type":"Article","@id":"https:\/\/www.barsch-alarm.de\/news\/ba-spanien-tour-erfahrungsbericht-vom-team-nord\/#article","isPartOf":{"@id":"https:\/\/www.barsch-alarm.de\/news\/ba-spanien-tour-erfahrungsbericht-vom-team-nord\/"},"author":{"name":"dietel","@id":"https:\/\/www.barsch-alarm.de\/news\/#\/schema\/person\/625ad6937f19daaa4355ae4dcce349f7"},"headline":"BA-Spanien-Tour: Erfahrungsbericht vom &#8222;Team Nord&#8220;","datePublished":"2016-12-22T08:46:37+00:00","dateModified":"2016-12-22T18:44:24+00:00","mainEntityOfPage":{"@id":"https:\/\/www.barsch-alarm.de\/news\/ba-spanien-tour-erfahrungsbericht-vom-team-nord\/"},"wordCount":2049,"commentCount":16,"publisher":{"@id":"https:\/\/www.barsch-alarm.de\/news\/#\/schema\/person\/625ad6937f19daaa4355ae4dcce349f7"},"keywords":["Barsch","Barsch-Alarm","Ebrourlaub","Mequinenza","Spanien","treffen","Waller","Zander"],"articleSection":["BA-Treffen"],"inLanguage":"de","potentialAction":[{"@type":"CommentAction","name":"Comment","target":["https:\/\/www.barsch-alarm.de\/news\/ba-spanien-tour-erfahrungsbericht-vom-team-nord\/#respond"]}]},{"@type":"WebPage","@id":"https:\/\/www.barsch-alarm.de\/news\/ba-spanien-tour-erfahrungsbericht-vom-team-nord\/","url":"https:\/\/www.barsch-alarm.de\/news\/ba-spanien-tour-erfahrungsbericht-vom-team-nord\/","name":"BA-Spanien-Tour: Erfahrungsbericht vom \"Team Nord\" | Barsch-Alarm","isPartOf":{"@id":"https:\/\/www.barsch-alarm.de\/news\/#website"},"datePublished":"2016-12-22T08:46:37+00:00","dateModified":"2016-12-22T18:44:24+00:00","breadcrumb":{"@id":"https:\/\/www.barsch-alarm.de\/news\/ba-spanien-tour-erfahrungsbericht-vom-team-nord\/#breadcrumb"},"inLanguage":"de","potentialAction":[{"@type":"ReadAction","target":["https:\/\/www.barsch-alarm.de\/news\/ba-spanien-tour-erfahrungsbericht-vom-team-nord\/"]}]},{"@type":"BreadcrumbList","@id":"https:\/\/www.barsch-alarm.de\/news\/ba-spanien-tour-erfahrungsbericht-vom-team-nord\/#breadcrumb","itemListElement":[{"@type":"ListItem","position":1,"name":"Startseite","item":"https:\/\/www.barsch-alarm.de\/news\/"},{"@type":"ListItem","position":2,"name":"BA-Spanien-Tour: Erfahrungsbericht vom &#8222;Team Nord&#8220;"}]},{"@type":"WebSite","@id":"https:\/\/www.barsch-alarm.de\/news\/#website","url":"https:\/\/www.barsch-alarm.de\/news\/","name":"Barsch-Alarm","description":"das gr\u00f6\u00dfte Angelforum f\u00fcr Spinnangler","publisher":{"@id":"https:\/\/www.barsch-alarm.de\/news\/#\/schema\/person\/625ad6937f19daaa4355ae4dcce349f7"},"potentialAction":[{"@type":"SearchAction","target":{"@type":"EntryPoint","urlTemplate":"https:\/\/www.barsch-alarm.de\/news\/?s={search_term_string}"},"query-input":"required name=search_term_string"}],"inLanguage":"de"},{"@type":["Person","Organization"],"@id":"https:\/\/www.barsch-alarm.de\/news\/#\/schema\/person\/625ad6937f19daaa4355ae4dcce349f7","name":"dietel","image":{"@type":"ImageObject","inLanguage":"de","@id":"https:\/\/www.barsch-alarm.de\/news\/#\/schema\/person\/image\/","url":"https:\/\/secure.gravatar.com\/avatar\/365783e1f60d378ef793fb7c5bb3ef04?s=96&d=mm&r=g","contentUrl":"https:\/\/secure.gravatar.com\/avatar\/365783e1f60d378ef793fb7c5bb3ef04?s=96&d=mm&r=g","caption":"dietel"},"logo":{"@id":"https:\/\/www.barsch-alarm.de\/news\/#\/schema\/person\/image\/"},"sameAs":["http:\/\/www.barsch-alarm.de\/member.php?5-dietel"],"url":"https:\/\/www.barsch-alarm.de\/news\/author\/dietel\/"}]}},"_links":{"self":[{"href":"https:\/\/www.barsch-alarm.de\/news\/wp-json\/wp\/v2\/posts\/14686"}],"collection":[{"href":"https:\/\/www.barsch-alarm.de\/news\/wp-json\/wp\/v2\/posts"}],"about":[{"href":"https:\/\/www.barsch-alarm.de\/news\/wp-json\/wp\/v2\/types\/post"}],"author":[{"embeddable":true,"href":"https:\/\/www.barsch-alarm.de\/news\/wp-json\/wp\/v2\/users\/5"}],"replies":[{"embeddable":true,"href":"https:\/\/www.barsch-alarm.de\/news\/wp-json\/wp\/v2\/comments?post=14686"}],"version-history":[{"count":2,"href":"https:\/\/www.barsch-alarm.de\/news\/wp-json\/wp\/v2\/posts\/14686\/revisions"}],"predecessor-version":[{"id":14740,"href":"https:\/\/www.barsch-alarm.de\/news\/wp-json\/wp\/v2\/posts\/14686\/revisions\/14740"}],"wp:featuredmedia":[{"embeddable":true,"href":"https:\/\/www.barsch-alarm.de\/news\/wp-json\/wp\/v2\/media\/14713"}],"wp:attachment":[{"href":"https:\/\/www.barsch-alarm.de\/news\/wp-json\/wp\/v2\/media?parent=14686"}],"wp:term":[{"taxonomy":"category","embeddable":true,"href":"https:\/\/www.barsch-alarm.de\/news\/wp-json\/wp\/v2\/categories?post=14686"},{"taxonomy":"post_tag","embeddable":true,"href":"https:\/\/www.barsch-alarm.de\/news\/wp-json\/wp\/v2\/tags?post=14686"}],"curies":[{"name":"wp","href":"https:\/\/api.w.org\/{rel}","templated":true}]}}