{"id":1401,"date":"2007-04-28T12:54:21","date_gmt":"2007-04-28T12:54:21","guid":{"rendered":""},"modified":"2014-12-20T17:15:06","modified_gmt":"2014-12-20T16:15:06","slug":"autorenwettbewerb-zur-saisonerffnung","status":"publish","type":"post","link":"https:\/\/www.barsch-alarm.de\/news\/autorenwettbewerb-zur-saisonerffnung\/","title":{"rendered":"Autorenwettbewerb zur Saisoner\u00f6ffnung"},"content":{"rendered":"<p>Am 1.5. endet in vielen Bundesl&auml;ndern die Raubfischschonzeit. Damit d&uuml;rfte der Tag der Arbeit f&uuml;r die meisten Spinnangler ein Tag des Angelns werden. An keinem anderem Tag im Jahr werden mehr von uns die K&ouml;der baden. Ein enormes Potential an Geschichten und Fotomotiven! Das wollen wir ausnutzen und euch spontan dazu einladen, euren 1. Mai 2007 als kleine Geschichte zu verpacken, mit Fotos zu garnieren und hier einzuschicken. Nachdem sich einige User beschwert haben, dass sie erst am 15.5. wieder ins Spinnangelbusiness einsteigen k&ouml;nnen (siehe Kommentarleiste), haben wir den Einsendeschluss kurzerhand nach hinten verschoben. Denn nat&uuml;rlich interessiert uns auch das Anangelresultat dieser Nachz&uuml;glerfraktion.<\/p>\n<p>Auch diesmal gibt&#8217;s eine Belohnung f&uuml;r die Einsender: Jeder Teilnehmer am Autoren-Wettbewerb erh&auml;lt einen flachlaufenden Tormentor-Wobbler von Abu &ndash; genau die richtige Medizin f&uuml;r die im Moment im Flachwasser aktiven Hechte. Dem Sieger (wird von der Moderatoren-Crew gew&auml;hlt) packen wir ein K&ouml;derpaket aus 2 Tormentoren, 2 HI-LO&rsquo;s und einem dicken Droppen-Spinner. <span style=\"font-weight: bold;\">Einsendeschluss ist der 20.5.2007<\/span>. Die Texte bitte als word-Dokument an <span style=\"font-weight: bold;\">tagdesangelns@barsch-alarm.de<\/span>. Die Bilder schickt ihr bitte separat als jpg, gif oder tif. Wir w&uuml;nschen erst mal viel Erfolg am Wasser und dann einen guten Lauf beim Schreiben!&nbsp; <br type=\"_moz\"\/><\/p><\/p>\n","protected":false},"excerpt":{"rendered":"<p>Am 1.5. endet in vielen Bundesl&auml;ndern die Raubfischschonzeit. Damit d&uuml;rfte der Tag der Arbeit f&uuml;r die meisten Spinnangler ein Tag des Angelns werden. An keinem anderem Tag im Jahr werden mehr von uns die K&ouml;der baden. Ein enormes Potential an Geschichten und Fotomotiven! Das wollen wir ausnutzen und euch spontan dazu einladen, euren 1. Mai &hellip; <\/p>\n<p class=\"link-more\"><a href=\"https:\/\/www.barsch-alarm.de\/news\/autorenwettbewerb-zur-saisonerffnung\/\" class=\"more-link\">Read more\u2026<\/a><\/p>\n","protected":false},"author":5,"featured_media":0,"comment_status":"open","ping_status":"open","sticky":false,"template":"","format":"standard","meta":[],"categories":[1],"tags":[1245,1244,892,1247,1246],"featured_image_urls":{"full":"","thumbnail":"","medium":"","medium_large":"","large":"","1536x1536":"","2048x2048":"","thxpress-featured-image":"","400x250-crop":""},"post_excerpt_stackable":"<p>Am 1.5. endet in vielen Bundesl&auml;ndern die Raubfischschonzeit. Damit d&uuml;rfte der Tag der Arbeit f&uuml;r die meisten Spinnangler ein Tag des Angelns werden. An keinem anderem Tag im Jahr werden mehr von uns die K&ouml;der baden. Ein enormes Potential an Geschichten und Fotomotiven! Das wollen wir ausnutzen und euch spontan dazu einladen, euren 1. Mai 2007 als kleine Geschichte zu verpacken, mit Fotos zu garnieren und hier einzuschicken. Nachdem sich einige User beschwert haben, dass sie erst am 15.5. wieder ins Spinnangelbusiness einsteigen k&ouml;nnen (siehe Kommentarleiste), haben wir den Einsendeschluss kurzerhand nach hinten verschoben. Denn nat&uuml;rlich interessiert uns auch das&hellip;<\/p>\n","category_list":"<a href=\"https:\/\/www.barsch-alarm.de\/news\/category\/news\/\" rel=\"category tag\">News<\/a>","author_info":{"name":"dietel","url":"https:\/\/www.barsch-alarm.de\/news\/author\/dietel\/"},"comments_num":"12 Kommentare","featured_image_urls_v2":{"full":"","thumbnail":"","medium":"","medium_large":"","large":"","1536x1536":"","2048x2048":"","thxpress-featured-image":"","400x250-crop":""},"post_excerpt_stackable_v2":"<p>Am 1.5. endet in vielen Bundesl&auml;ndern die Raubfischschonzeit. Damit d&uuml;rfte der Tag der Arbeit f&uuml;r die meisten Spinnangler ein Tag des Angelns werden. An keinem anderem Tag im Jahr werden mehr von uns die K&ouml;der baden. Ein enormes Potential an Geschichten und Fotomotiven! Das wollen wir ausnutzen und euch spontan dazu einladen, euren 1. Mai 2007 als kleine Geschichte zu verpacken, mit Fotos zu garnieren und hier einzuschicken. Nachdem sich einige User beschwert haben, dass sie erst am 15.5. wieder ins Spinnangelbusiness einsteigen k&ouml;nnen (siehe Kommentarleiste), haben wir den Einsendeschluss kurzerhand nach hinten verschoben. Denn nat&uuml;rlich interessiert uns auch das&hellip;<\/p>\n","category_list_v2":"<a href=\"https:\/\/www.barsch-alarm.de\/news\/category\/news\/\" rel=\"category tag\">News<\/a>","author_info_v2":{"name":"dietel","url":"https:\/\/www.barsch-alarm.de\/news\/author\/dietel\/"},"comments_num_v2":"12 Kommentare","yoast_head":"<!-- This site is optimized with the Yoast SEO plugin v19.11 - https:\/\/yoast.com\/wordpress\/plugins\/seo\/ -->\n<title>Autorenwettbewerb zur Saisoner\u00f6ffnung | Barsch-Alarm<\/title>\n<meta name=\"robots\" content=\"index, follow, max-snippet:-1, max-image-preview:large, max-video-preview:-1\" \/>\n<link rel=\"canonical\" href=\"https:\/\/www.barsch-alarm.de\/news\/autorenwettbewerb-zur-saisonerffnung\/\" \/>\n<meta name=\"twitter:label1\" content=\"Verfasst von\" \/>\n\t<meta name=\"twitter:data1\" content=\"dietel\" \/>\n\t<meta name=\"twitter:label2\" content=\"Gesch\u00e4tzte Lesezeit\" \/>\n\t<meta name=\"twitter:data2\" content=\"1\u00a0Minute\" \/>\n<script type=\"application\/ld+json\" class=\"yoast-schema-graph\">{\"@context\":\"https:\/\/schema.org\",\"@graph\":[{\"@type\":\"Article\",\"@id\":\"https:\/\/www.barsch-alarm.de\/news\/autorenwettbewerb-zur-saisonerffnung\/#article\",\"isPartOf\":{\"@id\":\"https:\/\/www.barsch-alarm.de\/news\/autorenwettbewerb-zur-saisonerffnung\/\"},\"author\":{\"name\":\"dietel\",\"@id\":\"https:\/\/www.barsch-alarm.de\/news\/#\/schema\/person\/625ad6937f19daaa4355ae4dcce349f7\"},\"headline\":\"Autorenwettbewerb zur Saisoner\u00f6ffnung\",\"datePublished\":\"2007-04-28T12:54:21+00:00\",\"dateModified\":\"2014-12-20T16:15:06+00:00\",\"mainEntityOfPage\":{\"@id\":\"https:\/\/www.barsch-alarm.de\/news\/autorenwettbewerb-zur-saisonerffnung\/\"},\"wordCount\":219,\"commentCount\":12,\"publisher\":{\"@id\":\"https:\/\/www.barsch-alarm.de\/news\/#\/schema\/person\/625ad6937f19daaa4355ae4dcce349f7\"},\"keywords\":[\"einsendeschluss\",\"f&uumlr\",\"Flachwasser\",\"medizin\",\"moment\"],\"articleSection\":[\"News\"],\"inLanguage\":\"de\",\"potentialAction\":[{\"@type\":\"CommentAction\",\"name\":\"Comment\",\"target\":[\"https:\/\/www.barsch-alarm.de\/news\/autorenwettbewerb-zur-saisonerffnung\/#respond\"]}]},{\"@type\":\"WebPage\",\"@id\":\"https:\/\/www.barsch-alarm.de\/news\/autorenwettbewerb-zur-saisonerffnung\/\",\"url\":\"https:\/\/www.barsch-alarm.de\/news\/autorenwettbewerb-zur-saisonerffnung\/\",\"name\":\"Autorenwettbewerb zur Saisoner\u00f6ffnung | Barsch-Alarm\",\"isPartOf\":{\"@id\":\"https:\/\/www.barsch-alarm.de\/news\/#website\"},\"datePublished\":\"2007-04-28T12:54:21+00:00\",\"dateModified\":\"2014-12-20T16:15:06+00:00\",\"breadcrumb\":{\"@id\":\"https:\/\/www.barsch-alarm.de\/news\/autorenwettbewerb-zur-saisonerffnung\/#breadcrumb\"},\"inLanguage\":\"de\",\"potentialAction\":[{\"@type\":\"ReadAction\",\"target\":[\"https:\/\/www.barsch-alarm.de\/news\/autorenwettbewerb-zur-saisonerffnung\/\"]}]},{\"@type\":\"BreadcrumbList\",\"@id\":\"https:\/\/www.barsch-alarm.de\/news\/autorenwettbewerb-zur-saisonerffnung\/#breadcrumb\",\"itemListElement\":[{\"@type\":\"ListItem\",\"position\":1,\"name\":\"Startseite\",\"item\":\"https:\/\/www.barsch-alarm.de\/news\/\"},{\"@type\":\"ListItem\",\"position\":2,\"name\":\"Autorenwettbewerb zur Saisoner\u00f6ffnung\"}]},{\"@type\":\"WebSite\",\"@id\":\"https:\/\/www.barsch-alarm.de\/news\/#website\",\"url\":\"https:\/\/www.barsch-alarm.de\/news\/\",\"name\":\"Barsch-Alarm\",\"description\":\"das gr\u00f6\u00dfte Angelforum f\u00fcr Spinnangler\",\"publisher\":{\"@id\":\"https:\/\/www.barsch-alarm.de\/news\/#\/schema\/person\/625ad6937f19daaa4355ae4dcce349f7\"},\"potentialAction\":[{\"@type\":\"SearchAction\",\"target\":{\"@type\":\"EntryPoint\",\"urlTemplate\":\"https:\/\/www.barsch-alarm.de\/news\/?s={search_term_string}\"},\"query-input\":\"required name=search_term_string\"}],\"inLanguage\":\"de\"},{\"@type\":[\"Person\",\"Organization\"],\"@id\":\"https:\/\/www.barsch-alarm.de\/news\/#\/schema\/person\/625ad6937f19daaa4355ae4dcce349f7\",\"name\":\"dietel\",\"image\":{\"@type\":\"ImageObject\",\"inLanguage\":\"de\",\"@id\":\"https:\/\/www.barsch-alarm.de\/news\/#\/schema\/person\/image\/\",\"url\":\"https:\/\/secure.gravatar.com\/avatar\/365783e1f60d378ef793fb7c5bb3ef04?s=96&d=mm&r=g\",\"contentUrl\":\"https:\/\/secure.gravatar.com\/avatar\/365783e1f60d378ef793fb7c5bb3ef04?s=96&d=mm&r=g\",\"caption\":\"dietel\"},\"logo\":{\"@id\":\"https:\/\/www.barsch-alarm.de\/news\/#\/schema\/person\/image\/\"},\"sameAs\":[\"http:\/\/www.barsch-alarm.de\/member.php?5-dietel\"],\"url\":\"https:\/\/www.barsch-alarm.de\/news\/author\/dietel\/\"}]}<\/script>\n<!-- \/ Yoast SEO plugin. -->","yoast_head_json":{"title":"Autorenwettbewerb zur Saisoner\u00f6ffnung | Barsch-Alarm","robots":{"index":"index","follow":"follow","max-snippet":"max-snippet:-1","max-image-preview":"max-image-preview:large","max-video-preview":"max-video-preview:-1"},"canonical":"https:\/\/www.barsch-alarm.de\/news\/autorenwettbewerb-zur-saisonerffnung\/","twitter_misc":{"Verfasst von":"dietel","Gesch\u00e4tzte Lesezeit":"1\u00a0Minute"},"schema":{"@context":"https:\/\/schema.org","@graph":[{"@type":"Article","@id":"https:\/\/www.barsch-alarm.de\/news\/autorenwettbewerb-zur-saisonerffnung\/#article","isPartOf":{"@id":"https:\/\/www.barsch-alarm.de\/news\/autorenwettbewerb-zur-saisonerffnung\/"},"author":{"name":"dietel","@id":"https:\/\/www.barsch-alarm.de\/news\/#\/schema\/person\/625ad6937f19daaa4355ae4dcce349f7"},"headline":"Autorenwettbewerb zur Saisoner\u00f6ffnung","datePublished":"2007-04-28T12:54:21+00:00","dateModified":"2014-12-20T16:15:06+00:00","mainEntityOfPage":{"@id":"https:\/\/www.barsch-alarm.de\/news\/autorenwettbewerb-zur-saisonerffnung\/"},"wordCount":219,"commentCount":12,"publisher":{"@id":"https:\/\/www.barsch-alarm.de\/news\/#\/schema\/person\/625ad6937f19daaa4355ae4dcce349f7"},"keywords":["einsendeschluss","f&uumlr","Flachwasser","medizin","moment"],"articleSection":["News"],"inLanguage":"de","potentialAction":[{"@type":"CommentAction","name":"Comment","target":["https:\/\/www.barsch-alarm.de\/news\/autorenwettbewerb-zur-saisonerffnung\/#respond"]}]},{"@type":"WebPage","@id":"https:\/\/www.barsch-alarm.de\/news\/autorenwettbewerb-zur-saisonerffnung\/","url":"https:\/\/www.barsch-alarm.de\/news\/autorenwettbewerb-zur-saisonerffnung\/","name":"Autorenwettbewerb zur Saisoner\u00f6ffnung | Barsch-Alarm","isPartOf":{"@id":"https:\/\/www.barsch-alarm.de\/news\/#website"},"datePublished":"2007-04-28T12:54:21+00:00","dateModified":"2014-12-20T16:15:06+00:00","breadcrumb":{"@id":"https:\/\/www.barsch-alarm.de\/news\/autorenwettbewerb-zur-saisonerffnung\/#breadcrumb"},"inLanguage":"de","potentialAction":[{"@type":"ReadAction","target":["https:\/\/www.barsch-alarm.de\/news\/autorenwettbewerb-zur-saisonerffnung\/"]}]},{"@type":"BreadcrumbList","@id":"https:\/\/www.barsch-alarm.de\/news\/autorenwettbewerb-zur-saisonerffnung\/#breadcrumb","itemListElement":[{"@type":"ListItem","position":1,"name":"Startseite","item":"https:\/\/www.barsch-alarm.de\/news\/"},{"@type":"ListItem","position":2,"name":"Autorenwettbewerb zur Saisoner\u00f6ffnung"}]},{"@type":"WebSite","@id":"https:\/\/www.barsch-alarm.de\/news\/#website","url":"https:\/\/www.barsch-alarm.de\/news\/","name":"Barsch-Alarm","description":"das gr\u00f6\u00dfte Angelforum f\u00fcr Spinnangler","publisher":{"@id":"https:\/\/www.barsch-alarm.de\/news\/#\/schema\/person\/625ad6937f19daaa4355ae4dcce349f7"},"potentialAction":[{"@type":"SearchAction","target":{"@type":"EntryPoint","urlTemplate":"https:\/\/www.barsch-alarm.de\/news\/?s={search_term_string}"},"query-input":"required name=search_term_string"}],"inLanguage":"de"},{"@type":["Person","Organization"],"@id":"https:\/\/www.barsch-alarm.de\/news\/#\/schema\/person\/625ad6937f19daaa4355ae4dcce349f7","name":"dietel","image":{"@type":"ImageObject","inLanguage":"de","@id":"https:\/\/www.barsch-alarm.de\/news\/#\/schema\/person\/image\/","url":"https:\/\/secure.gravatar.com\/avatar\/365783e1f60d378ef793fb7c5bb3ef04?s=96&d=mm&r=g","contentUrl":"https:\/\/secure.gravatar.com\/avatar\/365783e1f60d378ef793fb7c5bb3ef04?s=96&d=mm&r=g","caption":"dietel"},"logo":{"@id":"https:\/\/www.barsch-alarm.de\/news\/#\/schema\/person\/image\/"},"sameAs":["http:\/\/www.barsch-alarm.de\/member.php?5-dietel"],"url":"https:\/\/www.barsch-alarm.de\/news\/author\/dietel\/"}]}},"_links":{"self":[{"href":"https:\/\/www.barsch-alarm.de\/news\/wp-json\/wp\/v2\/posts\/1401"}],"collection":[{"href":"https:\/\/www.barsch-alarm.de\/news\/wp-json\/wp\/v2\/posts"}],"about":[{"href":"https:\/\/www.barsch-alarm.de\/news\/wp-json\/wp\/v2\/types\/post"}],"author":[{"embeddable":true,"href":"https:\/\/www.barsch-alarm.de\/news\/wp-json\/wp\/v2\/users\/5"}],"replies":[{"embeddable":true,"href":"https:\/\/www.barsch-alarm.de\/news\/wp-json\/wp\/v2\/comments?post=1401"}],"version-history":[{"count":1,"href":"https:\/\/www.barsch-alarm.de\/news\/wp-json\/wp\/v2\/posts\/1401\/revisions"}],"predecessor-version":[{"id":3393,"href":"https:\/\/www.barsch-alarm.de\/news\/wp-json\/wp\/v2\/posts\/1401\/revisions\/3393"}],"wp:attachment":[{"href":"https:\/\/www.barsch-alarm.de\/news\/wp-json\/wp\/v2\/media?parent=1401"}],"wp:term":[{"taxonomy":"category","embeddable":true,"href":"https:\/\/www.barsch-alarm.de\/news\/wp-json\/wp\/v2\/categories?post=1401"},{"taxonomy":"post_tag","embeddable":true,"href":"https:\/\/www.barsch-alarm.de\/news\/wp-json\/wp\/v2\/tags?post=1401"}],"curies":[{"name":"wp","href":"https:\/\/api.w.org\/{rel}","templated":true}]}}