{"id":1351,"date":"2007-07-06T09:44:08","date_gmt":"2007-07-06T09:44:08","guid":{"rendered":""},"modified":"2014-12-20T17:15:05","modified_gmt":"2014-12-20T16:15:05","slug":"in-der-meterbude-schepperts-am-dollsten","status":"publish","type":"post","link":"https:\/\/www.barsch-alarm.de\/news\/in-der-meterbude-schepperts-am-dollsten\/","title":{"rendered":"In der Meterbude scheppert&#8217;s am dollsten&#8230;"},"content":{"rendered":"<p><img loading=\"lazy\" width=\"89\" hspace=\"10\" height=\"130\" align=\"left\" src=\"\/1import\/impArtclImgs\/11837078480_meterbude_open.jpg\" alt=\"\"\/>Im Namen aller Leser hier m&ouml;chten wir uns bei allen bedanken, die einen<br \/>\nkleinen Bericht &uuml;ber die Ereignisse zum Auftakt der Raubfischsaison<br \/>\nverfasst haben. W&auml;hrend die einen in der Gro&szlig;gruppe den Frankfurter<br \/>\nWesthafen unsicher gemacht haben, waren andere in Finnland oder am<br \/>\nWehr. Und einer war gleich zweimal unterwegs: Zuerst in der<br \/>\nSchniepelbude, dann ging&rsquo;s in die <a href=\"http:\/\/barsch-alarm.de\/index.php?name=News&amp;file=article&amp;sid=1015\"><span style=\"font-weight: bold;\">Meterbude<\/span><\/a>. Hier hat MichaZ dann<br \/>\ngleich doppelt abger&auml;umt: Erst in Hechtform. Und mit leichter<br \/>\nVerz&ouml;gerung in Form eines auf seinen Lieblingsfisch zugeschnittenen<br \/>\nK&ouml;derpaketes. Die Gr&uuml;nde f&uuml;r unsere ann&auml;hernd einstimmige Entscheidung<br \/>\npro MichaZ?&nbsp; Extrem sch&ouml;ne Bilder. L&auml;ssiger Schreibstil. Sympathische<br \/>\nCrew. Zug zum Fisch&#8230; Perfekter Artikel!<\/p>\n<\/p>\n<p>\nF&uuml;r Dich liegt also schon ein P&auml;ckchen mit 2 Tormentoren, 2 HI-LO&rsquo;s und<br \/>\neinem dicken Droppen-Spinner breit. Da muss nur noch Dein Name drauf.<br \/>\nUnd wenn Du recht bald Deine Anschrift an jd@barsch-alarm.de schickst,<br \/>\nbringe ich das Paket auch gleich zur Post. Das gilt auch f&uuml;r alle<br \/>\nanderen, die uns bis im Zeitraum vom 1.5. bis zum 20.6.2007 einen<br \/>\nBericht eingesendet haben &ndash; auch wenn dieser Nichts mit dem<br \/>\nSaisonauftakt zu tun hatte. Die Redaktion m&ouml;chte sich so einmal<br \/>\nsymbolisch bei allen bedanken, die hier mit ihren Beitr&auml;gen f&uuml;r gro&szlig;e<br \/>\nAugen, ungl&auml;ubiges Kopfsch&uuml;tteln, schelmisches Grinsen oder sonst was<br \/>\nsorgen. Bis auf Weiteres werden wir von nun an JEDEN Bericht, den wir<br \/>\nhier ver&ouml;ffentlichen mit einem kleinen Geschenk belohnen.<\/p>\n<\/p>\n<p>Zur&uuml;ck zum Wettbewerb. Hier ist noch einmal eine Auflistung aller eingesandten Berichte:<\/p>\n<p>illexfreak:<br \/><a href=\"http:\/\/barsch-alarm.de\/index....e&amp;sid=1029\"><span style=\"font-weight: bold;\"><\/span><\/a><a href=\"http:\/\/barsch-alarm.de\/index.php?name=News&amp;file=article&amp;sid=1029\" style=\"font-weight: bold;\">Finnland &#8211; Land der tausend Seen<\/a><span style=\"font-weight: bold;\"> <\/span><\/p>\n<p>TT_Barsch:<br \/><a href=\"http:\/\/barsch-alarm.de\/index.php?name=News&amp;file=article&amp;sid=1028\"><span style=\"font-weight: bold;\">BarschAlarm im WestHafen Frankfurt<\/span><\/a><\/p>\n<p>Minden:<br \/><a href=\"http:\/\/barsch-alarm.de\/index.php?name=News&amp;file=article&amp;sid=1022\"><span style=\"font-weight: bold;\">Nur klein, aber immerhin,&hellip;&ldquo;the weather was fine&ldquo;<\/span><\/a><\/p>\n<p>setjuk:<br \/><a href=\"http:\/\/barsch-alarm.de\/index.php?name=News&amp;file=article&amp;sid=1017\"><span style=\"font-weight: bold;\">Zur Saisoner&ouml;ffnung nach MV&#8230;<\/span><\/a><\/p>\n<p>michaZ:<br style=\"font-weight: bold;\"\/><a href=\"http:\/\/barsch-alarm.de\/index.php?name=News&amp;file=article&amp;sid=1015\"><span style=\"font-weight: bold;\">Action in der Meterbude<\/span><\/a><\/p>\n<p>fishingchamp:<br \/><a href=\"http:\/\/barsch-alarm.de\/index.php?name=News&amp;file=article&amp;sid=1013\"><span style=\"font-weight: bold;\">1. Mai = Hecht?<\/span><\/a><\/p>\n<p>michaZ:<br \/><a href=\"http:\/\/barsch-alarm.de\/index.php?name=News&amp;file=article&amp;sid=1012\"><span style=\"font-weight: bold;\">Action in der Schniepelbude<\/span><\/a><\/p>\n<p>Schlickrutscher:<br \/><a href=\"http:\/\/barsch-alarm.de\/index.php?name=News&amp;file=article&amp;sid=1005\"><span style=\"font-weight: bold;\">Der Wolf im Schafspelz<\/span><\/a><\/p>\n<p>Off-Topic kamen noch rein:<\/p>\n<p>Barsch94:<br \/><a href=\"http:\/\/barsch-alarm.de\/index.php?name=News&amp;file=article&amp;sid=1021\"><span style=\"font-weight: bold;\">Was &bdquo;wehren&ldquo; wir ohne Wehr?<\/span><\/a><\/p>\n<p>holle:<br \/><a href=\"http:\/\/barsch-alarm.de\/index.php?name=News&amp;file=article&amp;sid=1019\"><span style=\"font-weight: bold;\">Kleine Wobbler selber hergestellt<\/span><\/a><\/p>\n<p>Alle Autoren verfahren bitte genau wie MichaZ: Adresse an jd@barsch-alarm.de und dann ein bisschen Geduld aufbringen.&nbsp; (Ich will nicht jedes Paket einzeln zur Post schleppen und warte, bis ich alle Adressen habe.)<\/p>\n<p>Macht weiter so!<\/p>\n<p>Johannes&nbsp;&nbsp; <\/p>\n<p><\/p>\n","protected":false},"excerpt":{"rendered":"<p>Im Namen aller Leser hier m&ouml;chten wir uns bei allen bedanken, die einen kleinen Bericht &uuml;ber die Ereignisse zum Auftakt der Raubfischsaison verfasst haben. W&auml;hrend die einen in der Gro&szlig;gruppe den Frankfurter Westhafen unsicher gemacht haben, waren andere in Finnland oder am Wehr. Und einer war gleich zweimal unterwegs: Zuerst in der Schniepelbude, dann ging&rsquo;s &hellip; <\/p>\n<p class=\"link-more\"><a href=\"https:\/\/www.barsch-alarm.de\/news\/in-der-meterbude-schepperts-am-dollsten\/\" class=\"more-link\">Read more\u2026<\/a><\/p>\n","protected":false},"author":5,"featured_media":1352,"comment_status":"open","ping_status":"open","sticky":false,"template":"","format":"standard","meta":[],"categories":[1],"tags":[],"featured_image_urls":{"full":["https:\/\/www.barsch-alarm.de\/news\/wp-content\/uploads\/vbimport\/11837078480_meterbude_open.jpg",89,130,false],"thumbnail":["https:\/\/www.barsch-alarm.de\/news\/wp-content\/uploads\/vbimport\/11837078480_meterbude_open.jpg",89,130,false],"medium":["https:\/\/www.barsch-alarm.de\/news\/wp-content\/uploads\/vbimport\/11837078480_meterbude_open.jpg",89,130,false],"medium_large":["https:\/\/www.barsch-alarm.de\/news\/wp-content\/uploads\/vbimport\/11837078480_meterbude_open.jpg",89,130,false],"large":["https:\/\/www.barsch-alarm.de\/news\/wp-content\/uploads\/vbimport\/11837078480_meterbude_open.jpg",89,130,false],"1536x1536":["https:\/\/www.barsch-alarm.de\/news\/wp-content\/uploads\/vbimport\/11837078480_meterbude_open.jpg",89,130,false],"2048x2048":["https:\/\/www.barsch-alarm.de\/news\/wp-content\/uploads\/vbimport\/11837078480_meterbude_open.jpg",89,130,false],"thxpress-featured-image":["https:\/\/www.barsch-alarm.de\/news\/wp-content\/uploads\/vbimport\/11837078480_meterbude_open.jpg",89,130,false],"400x250-crop":["https:\/\/www.barsch-alarm.de\/news\/wp-content\/uploads\/vbimport\/11837078480_meterbude_open.jpg",89,130,false]},"post_excerpt_stackable":"<p>Im Namen aller Leser hier m&ouml;chten wir uns bei allen bedanken, die einen kleinen Bericht &uuml;ber die Ereignisse zum Auftakt der Raubfischsaison verfasst haben. W&auml;hrend die einen in der Gro&szlig;gruppe den Frankfurter Westhafen unsicher gemacht haben, waren andere in Finnland oder am Wehr. Und einer war gleich zweimal unterwegs: Zuerst in der Schniepelbude, dann ging&rsquo;s in die Meterbude. Hier hat MichaZ dann gleich doppelt abger&auml;umt: Erst in Hechtform. Und mit leichter Verz&ouml;gerung in Form eines auf seinen Lieblingsfisch zugeschnittenen K&ouml;derpaketes. Die Gr&uuml;nde f&uuml;r unsere ann&auml;hernd einstimmige Entscheidung pro MichaZ?&nbsp; Extrem sch&ouml;ne Bilder. L&auml;ssiger Schreibstil. Sympathische Crew. Zug zum Fisch&#8230; Perfekter&hellip;<\/p>\n","category_list":"<a href=\"https:\/\/www.barsch-alarm.de\/news\/category\/news\/\" rel=\"category tag\">News<\/a>","author_info":{"name":"dietel","url":"https:\/\/www.barsch-alarm.de\/news\/author\/dietel\/"},"comments_num":"9 Kommentare","featured_image_urls_v2":{"full":["https:\/\/www.barsch-alarm.de\/news\/wp-content\/uploads\/vbimport\/11837078480_meterbude_open.jpg",89,130,false],"thumbnail":["https:\/\/www.barsch-alarm.de\/news\/wp-content\/uploads\/vbimport\/11837078480_meterbude_open.jpg",89,130,false],"medium":["https:\/\/www.barsch-alarm.de\/news\/wp-content\/uploads\/vbimport\/11837078480_meterbude_open.jpg",89,130,false],"medium_large":["https:\/\/www.barsch-alarm.de\/news\/wp-content\/uploads\/vbimport\/11837078480_meterbude_open.jpg",89,130,false],"large":["https:\/\/www.barsch-alarm.de\/news\/wp-content\/uploads\/vbimport\/11837078480_meterbude_open.jpg",89,130,false],"1536x1536":["https:\/\/www.barsch-alarm.de\/news\/wp-content\/uploads\/vbimport\/11837078480_meterbude_open.jpg",89,130,false],"2048x2048":["https:\/\/www.barsch-alarm.de\/news\/wp-content\/uploads\/vbimport\/11837078480_meterbude_open.jpg",89,130,false],"thxpress-featured-image":["https:\/\/www.barsch-alarm.de\/news\/wp-content\/uploads\/vbimport\/11837078480_meterbude_open.jpg",89,130,false],"400x250-crop":["https:\/\/www.barsch-alarm.de\/news\/wp-content\/uploads\/vbimport\/11837078480_meterbude_open.jpg",89,130,false]},"post_excerpt_stackable_v2":"<p>Im Namen aller Leser hier m&ouml;chten wir uns bei allen bedanken, die einen kleinen Bericht &uuml;ber die Ereignisse zum Auftakt der Raubfischsaison verfasst haben. W&auml;hrend die einen in der Gro&szlig;gruppe den Frankfurter Westhafen unsicher gemacht haben, waren andere in Finnland oder am Wehr. Und einer war gleich zweimal unterwegs: Zuerst in der Schniepelbude, dann ging&rsquo;s in die Meterbude. Hier hat MichaZ dann gleich doppelt abger&auml;umt: Erst in Hechtform. Und mit leichter Verz&ouml;gerung in Form eines auf seinen Lieblingsfisch zugeschnittenen K&ouml;derpaketes. Die Gr&uuml;nde f&uuml;r unsere ann&auml;hernd einstimmige Entscheidung pro MichaZ?&nbsp; Extrem sch&ouml;ne Bilder. L&auml;ssiger Schreibstil. Sympathische Crew. Zug zum Fisch&#8230; Perfekter&hellip;<\/p>\n","category_list_v2":"<a href=\"https:\/\/www.barsch-alarm.de\/news\/category\/news\/\" rel=\"category tag\">News<\/a>","author_info_v2":{"name":"dietel","url":"https:\/\/www.barsch-alarm.de\/news\/author\/dietel\/"},"comments_num_v2":"9 Kommentare","yoast_head":"<!-- This site is optimized with the Yoast SEO plugin v19.11 - https:\/\/yoast.com\/wordpress\/plugins\/seo\/ -->\n<title>In der Meterbude scheppert&#039;s am dollsten... | Barsch-Alarm<\/title>\n<meta name=\"robots\" content=\"index, follow, max-snippet:-1, max-image-preview:large, max-video-preview:-1\" \/>\n<link rel=\"canonical\" href=\"https:\/\/www.barsch-alarm.de\/news\/in-der-meterbude-schepperts-am-dollsten\/\" \/>\n<meta name=\"twitter:label1\" content=\"Verfasst von\" \/>\n\t<meta name=\"twitter:data1\" content=\"dietel\" \/>\n\t<meta name=\"twitter:label2\" content=\"Gesch\u00e4tzte Lesezeit\" \/>\n\t<meta name=\"twitter:data2\" content=\"2\u00a0Minuten\" \/>\n<script type=\"application\/ld+json\" class=\"yoast-schema-graph\">{\"@context\":\"https:\/\/schema.org\",\"@graph\":[{\"@type\":\"Article\",\"@id\":\"https:\/\/www.barsch-alarm.de\/news\/in-der-meterbude-schepperts-am-dollsten\/#article\",\"isPartOf\":{\"@id\":\"https:\/\/www.barsch-alarm.de\/news\/in-der-meterbude-schepperts-am-dollsten\/\"},\"author\":{\"name\":\"dietel\",\"@id\":\"https:\/\/www.barsch-alarm.de\/news\/#\/schema\/person\/625ad6937f19daaa4355ae4dcce349f7\"},\"headline\":\"In der Meterbude scheppert&#8217;s am dollsten&#8230;\",\"datePublished\":\"2007-07-06T09:44:08+00:00\",\"dateModified\":\"2014-12-20T16:15:05+00:00\",\"mainEntityOfPage\":{\"@id\":\"https:\/\/www.barsch-alarm.de\/news\/in-der-meterbude-schepperts-am-dollsten\/\"},\"wordCount\":393,\"commentCount\":9,\"publisher\":{\"@id\":\"https:\/\/www.barsch-alarm.de\/news\/#\/schema\/person\/625ad6937f19daaa4355ae4dcce349f7\"},\"articleSection\":[\"News\"],\"inLanguage\":\"de\",\"potentialAction\":[{\"@type\":\"CommentAction\",\"name\":\"Comment\",\"target\":[\"https:\/\/www.barsch-alarm.de\/news\/in-der-meterbude-schepperts-am-dollsten\/#respond\"]}]},{\"@type\":\"WebPage\",\"@id\":\"https:\/\/www.barsch-alarm.de\/news\/in-der-meterbude-schepperts-am-dollsten\/\",\"url\":\"https:\/\/www.barsch-alarm.de\/news\/in-der-meterbude-schepperts-am-dollsten\/\",\"name\":\"In der Meterbude scheppert's am dollsten... | Barsch-Alarm\",\"isPartOf\":{\"@id\":\"https:\/\/www.barsch-alarm.de\/news\/#website\"},\"datePublished\":\"2007-07-06T09:44:08+00:00\",\"dateModified\":\"2014-12-20T16:15:05+00:00\",\"breadcrumb\":{\"@id\":\"https:\/\/www.barsch-alarm.de\/news\/in-der-meterbude-schepperts-am-dollsten\/#breadcrumb\"},\"inLanguage\":\"de\",\"potentialAction\":[{\"@type\":\"ReadAction\",\"target\":[\"https:\/\/www.barsch-alarm.de\/news\/in-der-meterbude-schepperts-am-dollsten\/\"]}]},{\"@type\":\"BreadcrumbList\",\"@id\":\"https:\/\/www.barsch-alarm.de\/news\/in-der-meterbude-schepperts-am-dollsten\/#breadcrumb\",\"itemListElement\":[{\"@type\":\"ListItem\",\"position\":1,\"name\":\"Startseite\",\"item\":\"https:\/\/www.barsch-alarm.de\/news\/\"},{\"@type\":\"ListItem\",\"position\":2,\"name\":\"In der Meterbude scheppert&#8217;s am dollsten&#8230;\"}]},{\"@type\":\"WebSite\",\"@id\":\"https:\/\/www.barsch-alarm.de\/news\/#website\",\"url\":\"https:\/\/www.barsch-alarm.de\/news\/\",\"name\":\"Barsch-Alarm\",\"description\":\"das gr\u00f6\u00dfte Angelforum f\u00fcr Spinnangler\",\"publisher\":{\"@id\":\"https:\/\/www.barsch-alarm.de\/news\/#\/schema\/person\/625ad6937f19daaa4355ae4dcce349f7\"},\"potentialAction\":[{\"@type\":\"SearchAction\",\"target\":{\"@type\":\"EntryPoint\",\"urlTemplate\":\"https:\/\/www.barsch-alarm.de\/news\/?s={search_term_string}\"},\"query-input\":\"required name=search_term_string\"}],\"inLanguage\":\"de\"},{\"@type\":[\"Person\",\"Organization\"],\"@id\":\"https:\/\/www.barsch-alarm.de\/news\/#\/schema\/person\/625ad6937f19daaa4355ae4dcce349f7\",\"name\":\"dietel\",\"image\":{\"@type\":\"ImageObject\",\"inLanguage\":\"de\",\"@id\":\"https:\/\/www.barsch-alarm.de\/news\/#\/schema\/person\/image\/\",\"url\":\"https:\/\/secure.gravatar.com\/avatar\/365783e1f60d378ef793fb7c5bb3ef04?s=96&d=mm&r=g\",\"contentUrl\":\"https:\/\/secure.gravatar.com\/avatar\/365783e1f60d378ef793fb7c5bb3ef04?s=96&d=mm&r=g\",\"caption\":\"dietel\"},\"logo\":{\"@id\":\"https:\/\/www.barsch-alarm.de\/news\/#\/schema\/person\/image\/\"},\"sameAs\":[\"http:\/\/www.barsch-alarm.de\/member.php?5-dietel\"],\"url\":\"https:\/\/www.barsch-alarm.de\/news\/author\/dietel\/\"}]}<\/script>\n<!-- \/ Yoast SEO plugin. -->","yoast_head_json":{"title":"In der Meterbude scheppert's am dollsten... | Barsch-Alarm","robots":{"index":"index","follow":"follow","max-snippet":"max-snippet:-1","max-image-preview":"max-image-preview:large","max-video-preview":"max-video-preview:-1"},"canonical":"https:\/\/www.barsch-alarm.de\/news\/in-der-meterbude-schepperts-am-dollsten\/","twitter_misc":{"Verfasst von":"dietel","Gesch\u00e4tzte Lesezeit":"2\u00a0Minuten"},"schema":{"@context":"https:\/\/schema.org","@graph":[{"@type":"Article","@id":"https:\/\/www.barsch-alarm.de\/news\/in-der-meterbude-schepperts-am-dollsten\/#article","isPartOf":{"@id":"https:\/\/www.barsch-alarm.de\/news\/in-der-meterbude-schepperts-am-dollsten\/"},"author":{"name":"dietel","@id":"https:\/\/www.barsch-alarm.de\/news\/#\/schema\/person\/625ad6937f19daaa4355ae4dcce349f7"},"headline":"In der Meterbude scheppert&#8217;s am dollsten&#8230;","datePublished":"2007-07-06T09:44:08+00:00","dateModified":"2014-12-20T16:15:05+00:00","mainEntityOfPage":{"@id":"https:\/\/www.barsch-alarm.de\/news\/in-der-meterbude-schepperts-am-dollsten\/"},"wordCount":393,"commentCount":9,"publisher":{"@id":"https:\/\/www.barsch-alarm.de\/news\/#\/schema\/person\/625ad6937f19daaa4355ae4dcce349f7"},"articleSection":["News"],"inLanguage":"de","potentialAction":[{"@type":"CommentAction","name":"Comment","target":["https:\/\/www.barsch-alarm.de\/news\/in-der-meterbude-schepperts-am-dollsten\/#respond"]}]},{"@type":"WebPage","@id":"https:\/\/www.barsch-alarm.de\/news\/in-der-meterbude-schepperts-am-dollsten\/","url":"https:\/\/www.barsch-alarm.de\/news\/in-der-meterbude-schepperts-am-dollsten\/","name":"In der Meterbude scheppert's am dollsten... | Barsch-Alarm","isPartOf":{"@id":"https:\/\/www.barsch-alarm.de\/news\/#website"},"datePublished":"2007-07-06T09:44:08+00:00","dateModified":"2014-12-20T16:15:05+00:00","breadcrumb":{"@id":"https:\/\/www.barsch-alarm.de\/news\/in-der-meterbude-schepperts-am-dollsten\/#breadcrumb"},"inLanguage":"de","potentialAction":[{"@type":"ReadAction","target":["https:\/\/www.barsch-alarm.de\/news\/in-der-meterbude-schepperts-am-dollsten\/"]}]},{"@type":"BreadcrumbList","@id":"https:\/\/www.barsch-alarm.de\/news\/in-der-meterbude-schepperts-am-dollsten\/#breadcrumb","itemListElement":[{"@type":"ListItem","position":1,"name":"Startseite","item":"https:\/\/www.barsch-alarm.de\/news\/"},{"@type":"ListItem","position":2,"name":"In der Meterbude scheppert&#8217;s am dollsten&#8230;"}]},{"@type":"WebSite","@id":"https:\/\/www.barsch-alarm.de\/news\/#website","url":"https:\/\/www.barsch-alarm.de\/news\/","name":"Barsch-Alarm","description":"das gr\u00f6\u00dfte Angelforum f\u00fcr Spinnangler","publisher":{"@id":"https:\/\/www.barsch-alarm.de\/news\/#\/schema\/person\/625ad6937f19daaa4355ae4dcce349f7"},"potentialAction":[{"@type":"SearchAction","target":{"@type":"EntryPoint","urlTemplate":"https:\/\/www.barsch-alarm.de\/news\/?s={search_term_string}"},"query-input":"required name=search_term_string"}],"inLanguage":"de"},{"@type":["Person","Organization"],"@id":"https:\/\/www.barsch-alarm.de\/news\/#\/schema\/person\/625ad6937f19daaa4355ae4dcce349f7","name":"dietel","image":{"@type":"ImageObject","inLanguage":"de","@id":"https:\/\/www.barsch-alarm.de\/news\/#\/schema\/person\/image\/","url":"https:\/\/secure.gravatar.com\/avatar\/365783e1f60d378ef793fb7c5bb3ef04?s=96&d=mm&r=g","contentUrl":"https:\/\/secure.gravatar.com\/avatar\/365783e1f60d378ef793fb7c5bb3ef04?s=96&d=mm&r=g","caption":"dietel"},"logo":{"@id":"https:\/\/www.barsch-alarm.de\/news\/#\/schema\/person\/image\/"},"sameAs":["http:\/\/www.barsch-alarm.de\/member.php?5-dietel"],"url":"https:\/\/www.barsch-alarm.de\/news\/author\/dietel\/"}]}},"_links":{"self":[{"href":"https:\/\/www.barsch-alarm.de\/news\/wp-json\/wp\/v2\/posts\/1351"}],"collection":[{"href":"https:\/\/www.barsch-alarm.de\/news\/wp-json\/wp\/v2\/posts"}],"about":[{"href":"https:\/\/www.barsch-alarm.de\/news\/wp-json\/wp\/v2\/types\/post"}],"author":[{"embeddable":true,"href":"https:\/\/www.barsch-alarm.de\/news\/wp-json\/wp\/v2\/users\/5"}],"replies":[{"embeddable":true,"href":"https:\/\/www.barsch-alarm.de\/news\/wp-json\/wp\/v2\/comments?post=1351"}],"version-history":[{"count":1,"href":"https:\/\/www.barsch-alarm.de\/news\/wp-json\/wp\/v2\/posts\/1351\/revisions"}],"predecessor-version":[{"id":3370,"href":"https:\/\/www.barsch-alarm.de\/news\/wp-json\/wp\/v2\/posts\/1351\/revisions\/3370"}],"wp:featuredmedia":[{"embeddable":true,"href":"https:\/\/www.barsch-alarm.de\/news\/wp-json\/wp\/v2\/media\/1352"}],"wp:attachment":[{"href":"https:\/\/www.barsch-alarm.de\/news\/wp-json\/wp\/v2\/media?parent=1351"}],"wp:term":[{"taxonomy":"category","embeddable":true,"href":"https:\/\/www.barsch-alarm.de\/news\/wp-json\/wp\/v2\/categories?post=1351"},{"taxonomy":"post_tag","embeddable":true,"href":"https:\/\/www.barsch-alarm.de\/news\/wp-json\/wp\/v2\/tags?post=1351"}],"curies":[{"name":"wp","href":"https:\/\/api.w.org\/{rel}","templated":true}]}}