{"id":10974,"date":"2016-05-20T08:53:52","date_gmt":"2016-05-20T06:53:52","guid":{"rendered":"https:\/\/www.barsch-alarm.de\/news\/?p=10974"},"modified":"2016-05-20T08:53:35","modified_gmt":"2016-05-20T06:53:35","slug":"zwei-tage-auf-dem-tegeler-see","status":"publish","type":"post","link":"https:\/\/www.barsch-alarm.de\/news\/zwei-tage-auf-dem-tegeler-see\/","title":{"rendered":"Zwei Tage auf dem Tegeler See"},"content":{"rendered":"<p>Schon \u00f6fters mal war ein erster Bericht f\u00fcr die BA-Startseite in Planung. Letztes Jahr z.B. nach einer Woche Schweden am Foxen. Aber es scheiterte immer am eigenen Anspruch, einen wirklich sch\u00f6nen Artikel zu schreiben. Jetzt bin ich einen Schritt weiter und denke, dass jede noch so kleine Geschichte, gerade wenn sie aktuell ist, Spa\u00df macht \u2013 besonders wenn\u2019s um das Angeln in Deutschland geht (um motiviert ans Wasser zu gehen und um zu wissen, was bei\u00dft und wo welcher Fisch gerade steht).<\/p>\n<p>(Einschub von Johannes: Ich hab ein bisschen gebraucht, um den Bericht hochzuladen. Deswegen ist er nicht mehr ganz tagesaktuell. Tschuldigung. Ich gelobe Besserung. Einschub Ende.)<\/p>\n<p>&nbsp;<\/p>\n<p><strong>Tag 1 (Donnerstag)<\/strong><\/p>\n<p>&nbsp;<\/p>\n<p>Ein bisschen zu lang geschlafen und zu sp\u00e4t am Wasser, daf\u00fcr umso entspannter, Kanadier aus dem Schuppen, die neuen alten Sitze montiert, Ruten verstaut, E-Batterie rein, Traxxis dran, und los geht\u2019s.<\/p>\n<p><a href=\"https:\/\/www.barsch-alarm.de\/news\/wp-content\/uploads\/2016\/05\/001_der_kanadier.jpg\"><img loading=\"lazy\" class=\"aligncenter size-full wp-image-10977\" src=\"https:\/\/www.barsch-alarm.de\/news\/wp-content\/uploads\/2016\/05\/001_der_kanadier.jpg\" alt=\"001_der_kanadier\" width=\"1200\" height=\"676\" srcset=\"https:\/\/www.barsch-alarm.de\/news\/wp-content\/uploads\/2016\/05\/001_der_kanadier.jpg 1200w, https:\/\/www.barsch-alarm.de\/news\/wp-content\/uploads\/2016\/05\/001_der_kanadier-326x184.jpg 326w, https:\/\/www.barsch-alarm.de\/news\/wp-content\/uploads\/2016\/05\/001_der_kanadier-768x433.jpg 768w, https:\/\/www.barsch-alarm.de\/news\/wp-content\/uploads\/2016\/05\/001_der_kanadier-678x382.jpg 678w\" sizes=\"(max-width: 767px) 89vw, (max-width: 1000px) 54vw, (max-width: 1071px) 543px, 580px\" \/><\/a><\/p>\n<p>Das Wetter war einfach der Wahnsinn, zum Angeln vielleicht suboptimal, kaum Wind, blauer Himmel und 23 Grad wobei uns eine Wassertemperatur von 14,5 Grad Mut machte. Die Steganlage erschien wie ein gigantisches Freiluftaquarium. Im kristallklaren Tegeler Wasser standen gro\u00dfe Lauben- und Pl\u00f6tzenschw\u00e4rme und immer wieder ein paar Halbstarke Barsche sowie einige gro\u00dfe Brassen mit Laichauschlag. Sp\u00e4ter gab&#8217;s dann noch zahlreiche Rapfenattacken im Freiwasser zu bewundern und in den Buchten stach hin und wieder ein getigerter Hechtr\u00fccken \u00fcber Sandig-krautigem Grund heraus.<\/p>\n<p>Das Resultat des ersten Tages war etwas verr\u00fcckt: Mit dem Gedanken auf Jungfischimitationen zu setzten, konnten wir zwischen 11.00 und 14.00 Uhr mehrere Rotfedern und Raub-Brassen auf kleine Gummifische und Twister fangen. Der ein oder andere Schnipelbarsch war auch dabei.<\/p>\n<p><a href=\"https:\/\/www.barsch-alarm.de\/news\/wp-content\/uploads\/2016\/05\/002_erster_barsch.jpg\"><img loading=\"lazy\" class=\"aligncenter size-full wp-image-10979\" src=\"https:\/\/www.barsch-alarm.de\/news\/wp-content\/uploads\/2016\/05\/003_brassen_auf_gummi.jpg\" alt=\"003_brassen_auf_gummi\" width=\"1200\" height=\"676\" srcset=\"https:\/\/www.barsch-alarm.de\/news\/wp-content\/uploads\/2016\/05\/003_brassen_auf_gummi.jpg 1200w, https:\/\/www.barsch-alarm.de\/news\/wp-content\/uploads\/2016\/05\/003_brassen_auf_gummi-326x184.jpg 326w, https:\/\/www.barsch-alarm.de\/news\/wp-content\/uploads\/2016\/05\/003_brassen_auf_gummi-768x433.jpg 768w, https:\/\/www.barsch-alarm.de\/news\/wp-content\/uploads\/2016\/05\/003_brassen_auf_gummi-678x382.jpg 678w\" sizes=\"(max-width: 767px) 89vw, (max-width: 1000px) 54vw, (max-width: 1071px) 543px, 580px\" \/><img loading=\"lazy\" class=\"aligncenter size-full wp-image-10980\" src=\"https:\/\/www.barsch-alarm.de\/news\/wp-content\/uploads\/2016\/05\/004_rotfeder_auf_gummi.jpg\" alt=\"004_rotfeder_auf_gummi\" width=\"1200\" height=\"676\" srcset=\"https:\/\/www.barsch-alarm.de\/news\/wp-content\/uploads\/2016\/05\/004_rotfeder_auf_gummi.jpg 1200w, https:\/\/www.barsch-alarm.de\/news\/wp-content\/uploads\/2016\/05\/004_rotfeder_auf_gummi-326x184.jpg 326w, https:\/\/www.barsch-alarm.de\/news\/wp-content\/uploads\/2016\/05\/004_rotfeder_auf_gummi-768x433.jpg 768w, https:\/\/www.barsch-alarm.de\/news\/wp-content\/uploads\/2016\/05\/004_rotfeder_auf_gummi-678x382.jpg 678w\" sizes=\"(max-width: 767px) 89vw, (max-width: 1000px) 54vw, (max-width: 1071px) 543px, 580px\" \/><img loading=\"lazy\" class=\"aligncenter size-full wp-image-10978\" src=\"https:\/\/www.barsch-alarm.de\/news\/wp-content\/uploads\/2016\/05\/002_erster_barsch.jpg\" alt=\"002_erster_barsch\" width=\"1200\" height=\"676\" srcset=\"https:\/\/www.barsch-alarm.de\/news\/wp-content\/uploads\/2016\/05\/002_erster_barsch.jpg 1200w, https:\/\/www.barsch-alarm.de\/news\/wp-content\/uploads\/2016\/05\/002_erster_barsch-326x184.jpg 326w, https:\/\/www.barsch-alarm.de\/news\/wp-content\/uploads\/2016\/05\/002_erster_barsch-768x433.jpg 768w, https:\/\/www.barsch-alarm.de\/news\/wp-content\/uploads\/2016\/05\/002_erster_barsch-678x382.jpg 678w\" sizes=\"(max-width: 767px) 89vw, (max-width: 1000px) 54vw, (max-width: 1071px) 543px, 580px\" \/><\/a><\/p>\n<p>Wir montierten Stickbaits und Minnows bis 6 cm, gr\u00f6\u00dftenteils Suspender, da wir nun kaum noch in tieferem Wasser fischten (0,5 &#8211; 2,5 Meter) und konnten bald einen sch\u00f6nen 50er Hecht und 59er Rapfen fangen und releasen.<\/p>\n<p><a href=\"https:\/\/www.barsch-alarm.de\/news\/wp-content\/uploads\/2016\/05\/005_rapfen_01.jpg\"><img loading=\"lazy\" class=\"aligncenter size-full wp-image-10981\" src=\"https:\/\/www.barsch-alarm.de\/news\/wp-content\/uploads\/2016\/05\/005_rapfen_01.jpg\" alt=\"005_rapfen_01\" width=\"1200\" height=\"676\" srcset=\"https:\/\/www.barsch-alarm.de\/news\/wp-content\/uploads\/2016\/05\/005_rapfen_01.jpg 1200w, https:\/\/www.barsch-alarm.de\/news\/wp-content\/uploads\/2016\/05\/005_rapfen_01-326x184.jpg 326w, https:\/\/www.barsch-alarm.de\/news\/wp-content\/uploads\/2016\/05\/005_rapfen_01-768x433.jpg 768w, https:\/\/www.barsch-alarm.de\/news\/wp-content\/uploads\/2016\/05\/005_rapfen_01-678x382.jpg 678w\" sizes=\"(max-width: 767px) 89vw, (max-width: 1000px) 54vw, (max-width: 1071px) 543px, 580px\" \/><\/a><\/p>\n<p>Danach ging kaum noch was, ein paar kleine Barsche auf Stickbart und Spinner, sonst nicht viel. Highlight des nachmitt\u00e4glichen Naturkinos war dann, neben unz\u00e4hligen Graureihern, Bisamratten, paarenden und das Wasser zum Kochen bringenden Brassen, ein riesiger Hecht (1m+), der im Flachwasser vor einem gewaltigen Brassenschwarm patrouillierte, sich aber nicht zum Biss \u00fcberreden lie\u00df und dann blitzartig mit einem Flossenschlag das Weite suchte.<\/p>\n<p>&nbsp;<\/p>\n<p>&nbsp;<\/p>\n<p><strong>Tag 2 (Samstag)<\/strong><\/p>\n<p>&nbsp;<\/p>\n<p>Diesmal zu dritt im Kanadier \u2013 das erste Mal zu dritt, aber es klappt :) obwohl der Wind ordentlich zugelegt hat, was die Geschichte im Kanadier nicht angenehmer macht. Resultat: Einige Minibarsche, gefolgt von einem 67 Rapfen und drei Hechten (55 \/ 59 \/ 65 cm, jeder durfte mal ran) die Entsch\u00e4digung f\u00fcr alle kippligen und teils unkomfortablen Momente an diesem Tag :)<\/p>\n<p><a href=\"https:\/\/www.barsch-alarm.de\/news\/wp-content\/uploads\/2016\/05\/008_rapfen_02.jpg\"><img loading=\"lazy\" class=\"aligncenter size-full wp-image-10984\" src=\"https:\/\/www.barsch-alarm.de\/news\/wp-content\/uploads\/2016\/05\/008_rapfen_02.jpg\" alt=\"008_rapfen_02\" width=\"1200\" height=\"676\" srcset=\"https:\/\/www.barsch-alarm.de\/news\/wp-content\/uploads\/2016\/05\/008_rapfen_02.jpg 1200w, https:\/\/www.barsch-alarm.de\/news\/wp-content\/uploads\/2016\/05\/008_rapfen_02-326x184.jpg 326w, https:\/\/www.barsch-alarm.de\/news\/wp-content\/uploads\/2016\/05\/008_rapfen_02-768x433.jpg 768w, https:\/\/www.barsch-alarm.de\/news\/wp-content\/uploads\/2016\/05\/008_rapfen_02-678x382.jpg 678w\" sizes=\"(max-width: 767px) 89vw, (max-width: 1000px) 54vw, (max-width: 1071px) 543px, 580px\" \/><\/a> <a href=\"https:\/\/www.barsch-alarm.de\/news\/wp-content\/uploads\/2016\/05\/006_im_drill.jpg\"><img loading=\"lazy\" class=\"aligncenter size-full wp-image-10982\" src=\"https:\/\/www.barsch-alarm.de\/news\/wp-content\/uploads\/2016\/05\/006_im_drill.jpg\" alt=\"006_im_drill\" width=\"1200\" height=\"676\" srcset=\"https:\/\/www.barsch-alarm.de\/news\/wp-content\/uploads\/2016\/05\/006_im_drill.jpg 1200w, https:\/\/www.barsch-alarm.de\/news\/wp-content\/uploads\/2016\/05\/006_im_drill-326x184.jpg 326w, https:\/\/www.barsch-alarm.de\/news\/wp-content\/uploads\/2016\/05\/006_im_drill-768x433.jpg 768w, https:\/\/www.barsch-alarm.de\/news\/wp-content\/uploads\/2016\/05\/006_im_drill-678x382.jpg 678w\" sizes=\"(max-width: 767px) 89vw, (max-width: 1000px) 54vw, (max-width: 1071px) 543px, 580px\" \/><\/a> <a href=\"https:\/\/www.barsch-alarm.de\/news\/wp-content\/uploads\/2016\/05\/007_der_hecht.jpg\"><img loading=\"lazy\" class=\"aligncenter size-full wp-image-10983\" src=\"https:\/\/www.barsch-alarm.de\/news\/wp-content\/uploads\/2016\/05\/007_der_hecht.jpg\" alt=\"007_der_hecht\" width=\"1200\" height=\"676\" srcset=\"https:\/\/www.barsch-alarm.de\/news\/wp-content\/uploads\/2016\/05\/007_der_hecht.jpg 1200w, https:\/\/www.barsch-alarm.de\/news\/wp-content\/uploads\/2016\/05\/007_der_hecht-326x184.jpg 326w, https:\/\/www.barsch-alarm.de\/news\/wp-content\/uploads\/2016\/05\/007_der_hecht-768x433.jpg 768w, https:\/\/www.barsch-alarm.de\/news\/wp-content\/uploads\/2016\/05\/007_der_hecht-678x382.jpg 678w\" sizes=\"(max-width: 767px) 89vw, (max-width: 1000px) 54vw, (max-width: 1071px) 543px, 580px\" \/><\/a><\/p>\n<p>Das Tageshighlight \u2013 der 65er Hecht auf Sicht: Als wir uns in Schleichfahrt einem sehr flachen, in der Sonne liegenden Uferbereich n\u00e4hern (ca. 60cm tief), an den eine Steganlage anschlie\u00dft, ist schon von einiger Entfernung durch die Polbrille ein getigerter R\u00fccken zu sehen. Wir stoppen in ca. 7 Metern Entfernung. Der 65er Quad Minnow SP fliegt \u00fcber den Hecht und wackelt in ca. 1,5 Meter Distanz am Hechtmaul vorbei, keine Reaktion. Beim zweiten Wurf sind es nur noch 80 cm \u2013 keine Reaktion. Wurf drei und der Minnow t\u00e4nzelt in Zeitlupentempo 15 cm vor dem Entenschnabel durchs Wasser, wieder nichts\u2026 Minnow ab und einen alten wei\u00dfen Twister mit 8 cm ins Stahlvordach eingeh\u00e4ngt. Erster Wurf, anlupfen, absinken, anlupfen, absinken. Der Hecht bewegt sich! Er verfolgt den K\u00f6der, anlupfen, absinken, er verk\u00fcrzt die Distanz \u2013 so ein Schei\u00df, nur noch drei Meter, anlupfen, absinken, der Hecht wird schneller, nur noch ein Meter bis zum Boot, anlupfen\u2026 schei\u00dfe Wasserpest am Haken und dann doch noch B\u00c4\u00c4\u00c4M! In der letzten Absinkphase knallt der Hecht voll rein, trotz einer gro\u00dfen Krautfahne am K\u00f6der, das hab ich noch nicht erlebt :) \u2013 Und wir fragen uns, warum wir das nicht gefilmt haben\u2026<\/p>\n<p>Die Fotos sind leider nicht Top, auf dem Kanu die Handys in wasserdichter Verpackung\u2026 Nicht so einfach und zum Schonen der Fische haben wir dann lieber auf das ein oder andere Foto verzichtet.<\/p>\n<p>N\u00e4chstes Mal hoffentlich mehr Bilder.<\/p>\n<p>Fabi<\/p>\n","protected":false},"excerpt":{"rendered":"<p>Schon \u00f6fters mal war ein erster Bericht f\u00fcr die BA-Startseite in Planung. Letztes Jahr z.B. nach einer Woche Schweden am Foxen. Aber es scheiterte immer am eigenen Anspruch, einen wirklich sch\u00f6nen Artikel zu schreiben. Jetzt bin ich einen Schritt weiter und denke, dass jede noch so kleine Geschichte, gerade wenn sie aktuell ist, Spa\u00df macht &hellip; <\/p>\n<p class=\"link-more\"><a href=\"https:\/\/www.barsch-alarm.de\/news\/zwei-tage-auf-dem-tegeler-see\/\" class=\"more-link\">Read more\u2026<\/a><\/p>\n","protected":false},"author":15201,"featured_media":10985,"comment_status":"open","ping_status":"open","sticky":false,"template":"","format":"standard","meta":[],"categories":[7],"tags":[2153,2154,356,2074],"featured_image_urls":{"full":["https:\/\/www.barsch-alarm.de\/news\/wp-content\/uploads\/2016\/05\/tegeler-opener.jpg",940,400,false],"thumbnail":["https:\/\/www.barsch-alarm.de\/news\/wp-content\/uploads\/2016\/05\/tegeler-opener-326x139.jpg",326,139,true],"medium":["https:\/\/www.barsch-alarm.de\/news\/wp-content\/uploads\/2016\/05\/tegeler-opener-326x139.jpg",326,139,true],"medium_large":["https:\/\/www.barsch-alarm.de\/news\/wp-content\/uploads\/2016\/05\/tegeler-opener-768x327.jpg",768,327,true],"large":["https:\/\/www.barsch-alarm.de\/news\/wp-content\/uploads\/2016\/05\/tegeler-opener-678x289.jpg",678,289,true],"1536x1536":["https:\/\/www.barsch-alarm.de\/news\/wp-content\/uploads\/2016\/05\/tegeler-opener.jpg",940,400,false],"2048x2048":["https:\/\/www.barsch-alarm.de\/news\/wp-content\/uploads\/2016\/05\/tegeler-opener.jpg",940,400,false],"thxpress-featured-image":["https:\/\/www.barsch-alarm.de\/news\/wp-content\/uploads\/2016\/05\/tegeler-opener.jpg",940,400,false],"400x250-crop":["https:\/\/www.barsch-alarm.de\/news\/wp-content\/uploads\/2016\/05\/tegeler-opener.jpg",400,170,false]},"post_excerpt_stackable":"<p>Schon \u00f6fters mal war ein erster Bericht f\u00fcr die BA-Startseite in Planung. Letztes Jahr z.B. nach einer Woche Schweden am Foxen. Aber es scheiterte immer am eigenen Anspruch, einen wirklich sch\u00f6nen Artikel zu schreiben. Jetzt bin ich einen Schritt weiter und denke, dass jede noch so kleine Geschichte, gerade wenn sie aktuell ist, Spa\u00df macht \u2013 besonders wenn\u2019s um das Angeln in Deutschland geht (um motiviert ans Wasser zu gehen und um zu wissen, was bei\u00dft und wo welcher Fisch gerade steht). (Einschub von Johannes: Ich hab ein bisschen gebraucht, um den Bericht hochzuladen. Deswegen ist er nicht mehr ganz&hellip;<\/p>\n","category_list":"<a href=\"https:\/\/www.barsch-alarm.de\/news\/category\/fangberichte\/\" rel=\"category tag\">Fangberichte<\/a>","author_info":{"name":"mantagor","url":"https:\/\/www.barsch-alarm.de\/news\/author\/mantagor\/"},"comments_num":"3 Kommentare","featured_image_urls_v2":{"full":["https:\/\/www.barsch-alarm.de\/news\/wp-content\/uploads\/2016\/05\/tegeler-opener.jpg",940,400,false],"thumbnail":["https:\/\/www.barsch-alarm.de\/news\/wp-content\/uploads\/2016\/05\/tegeler-opener-326x139.jpg",326,139,true],"medium":["https:\/\/www.barsch-alarm.de\/news\/wp-content\/uploads\/2016\/05\/tegeler-opener-326x139.jpg",326,139,true],"medium_large":["https:\/\/www.barsch-alarm.de\/news\/wp-content\/uploads\/2016\/05\/tegeler-opener-768x327.jpg",768,327,true],"large":["https:\/\/www.barsch-alarm.de\/news\/wp-content\/uploads\/2016\/05\/tegeler-opener-678x289.jpg",678,289,true],"1536x1536":["https:\/\/www.barsch-alarm.de\/news\/wp-content\/uploads\/2016\/05\/tegeler-opener.jpg",940,400,false],"2048x2048":["https:\/\/www.barsch-alarm.de\/news\/wp-content\/uploads\/2016\/05\/tegeler-opener.jpg",940,400,false],"thxpress-featured-image":["https:\/\/www.barsch-alarm.de\/news\/wp-content\/uploads\/2016\/05\/tegeler-opener.jpg",940,400,false],"400x250-crop":["https:\/\/www.barsch-alarm.de\/news\/wp-content\/uploads\/2016\/05\/tegeler-opener.jpg",400,170,false]},"post_excerpt_stackable_v2":"<p>Schon \u00f6fters mal war ein erster Bericht f\u00fcr die BA-Startseite in Planung. Letztes Jahr z.B. nach einer Woche Schweden am Foxen. Aber es scheiterte immer am eigenen Anspruch, einen wirklich sch\u00f6nen Artikel zu schreiben. Jetzt bin ich einen Schritt weiter und denke, dass jede noch so kleine Geschichte, gerade wenn sie aktuell ist, Spa\u00df macht \u2013 besonders wenn\u2019s um das Angeln in Deutschland geht (um motiviert ans Wasser zu gehen und um zu wissen, was bei\u00dft und wo welcher Fisch gerade steht). (Einschub von Johannes: Ich hab ein bisschen gebraucht, um den Bericht hochzuladen. Deswegen ist er nicht mehr ganz&hellip;<\/p>\n","category_list_v2":"<a href=\"https:\/\/www.barsch-alarm.de\/news\/category\/fangberichte\/\" rel=\"category tag\">Fangberichte<\/a>","author_info_v2":{"name":"mantagor","url":"https:\/\/www.barsch-alarm.de\/news\/author\/mantagor\/"},"comments_num_v2":"3 Kommentare","yoast_head":"<!-- This site is optimized with the Yoast SEO plugin v19.11 - https:\/\/yoast.com\/wordpress\/plugins\/seo\/ -->\n<title>Zwei Tage auf dem Tegeler See | Barsch-Alarm<\/title>\n<meta name=\"robots\" content=\"index, follow, max-snippet:-1, max-image-preview:large, max-video-preview:-1\" \/>\n<link rel=\"canonical\" href=\"https:\/\/www.barsch-alarm.de\/news\/zwei-tage-auf-dem-tegeler-see\/\" \/>\n<meta name=\"twitter:label1\" content=\"Verfasst von\" \/>\n\t<meta name=\"twitter:data1\" content=\"mantagor\" \/>\n\t<meta name=\"twitter:label2\" content=\"Gesch\u00e4tzte Lesezeit\" \/>\n\t<meta name=\"twitter:data2\" content=\"3\u00a0Minuten\" \/>\n<script type=\"application\/ld+json\" class=\"yoast-schema-graph\">{\"@context\":\"https:\/\/schema.org\",\"@graph\":[{\"@type\":\"Article\",\"@id\":\"https:\/\/www.barsch-alarm.de\/news\/zwei-tage-auf-dem-tegeler-see\/#article\",\"isPartOf\":{\"@id\":\"https:\/\/www.barsch-alarm.de\/news\/zwei-tage-auf-dem-tegeler-see\/\"},\"author\":{\"name\":\"mantagor\",\"@id\":\"https:\/\/www.barsch-alarm.de\/news\/#\/schema\/person\/0035b53612f773f8f9b51b71f93fb40a\"},\"headline\":\"Zwei Tage auf dem Tegeler See\",\"datePublished\":\"2016-05-20T06:53:52+00:00\",\"dateModified\":\"2016-05-20T06:53:35+00:00\",\"mainEntityOfPage\":{\"@id\":\"https:\/\/www.barsch-alarm.de\/news\/zwei-tage-auf-dem-tegeler-see\/\"},\"wordCount\":677,\"commentCount\":3,\"publisher\":{\"@id\":\"https:\/\/www.barsch-alarm.de\/news\/#\/schema\/person\/625ad6937f19daaa4355ae4dcce349f7\"},\"keywords\":[\"Barsch\",\"Hecht\",\"Rapfen\",\"Tegeler See\"],\"articleSection\":[\"Fangberichte\"],\"inLanguage\":\"de\",\"potentialAction\":[{\"@type\":\"CommentAction\",\"name\":\"Comment\",\"target\":[\"https:\/\/www.barsch-alarm.de\/news\/zwei-tage-auf-dem-tegeler-see\/#respond\"]}]},{\"@type\":\"WebPage\",\"@id\":\"https:\/\/www.barsch-alarm.de\/news\/zwei-tage-auf-dem-tegeler-see\/\",\"url\":\"https:\/\/www.barsch-alarm.de\/news\/zwei-tage-auf-dem-tegeler-see\/\",\"name\":\"Zwei Tage auf dem Tegeler See | Barsch-Alarm\",\"isPartOf\":{\"@id\":\"https:\/\/www.barsch-alarm.de\/news\/#website\"},\"datePublished\":\"2016-05-20T06:53:52+00:00\",\"dateModified\":\"2016-05-20T06:53:35+00:00\",\"breadcrumb\":{\"@id\":\"https:\/\/www.barsch-alarm.de\/news\/zwei-tage-auf-dem-tegeler-see\/#breadcrumb\"},\"inLanguage\":\"de\",\"potentialAction\":[{\"@type\":\"ReadAction\",\"target\":[\"https:\/\/www.barsch-alarm.de\/news\/zwei-tage-auf-dem-tegeler-see\/\"]}]},{\"@type\":\"BreadcrumbList\",\"@id\":\"https:\/\/www.barsch-alarm.de\/news\/zwei-tage-auf-dem-tegeler-see\/#breadcrumb\",\"itemListElement\":[{\"@type\":\"ListItem\",\"position\":1,\"name\":\"Startseite\",\"item\":\"https:\/\/www.barsch-alarm.de\/news\/\"},{\"@type\":\"ListItem\",\"position\":2,\"name\":\"Zwei Tage auf dem Tegeler See\"}]},{\"@type\":\"WebSite\",\"@id\":\"https:\/\/www.barsch-alarm.de\/news\/#website\",\"url\":\"https:\/\/www.barsch-alarm.de\/news\/\",\"name\":\"Barsch-Alarm\",\"description\":\"das gr\u00f6\u00dfte Angelforum f\u00fcr Spinnangler\",\"publisher\":{\"@id\":\"https:\/\/www.barsch-alarm.de\/news\/#\/schema\/person\/625ad6937f19daaa4355ae4dcce349f7\"},\"potentialAction\":[{\"@type\":\"SearchAction\",\"target\":{\"@type\":\"EntryPoint\",\"urlTemplate\":\"https:\/\/www.barsch-alarm.de\/news\/?s={search_term_string}\"},\"query-input\":\"required name=search_term_string\"}],\"inLanguage\":\"de\"},{\"@type\":[\"Person\",\"Organization\"],\"@id\":\"https:\/\/www.barsch-alarm.de\/news\/#\/schema\/person\/625ad6937f19daaa4355ae4dcce349f7\",\"name\":\"dietel\",\"image\":{\"@type\":\"ImageObject\",\"inLanguage\":\"de\",\"@id\":\"https:\/\/www.barsch-alarm.de\/news\/#\/schema\/person\/image\/\",\"url\":\"https:\/\/secure.gravatar.com\/avatar\/365783e1f60d378ef793fb7c5bb3ef04?s=96&d=mm&r=g\",\"contentUrl\":\"https:\/\/secure.gravatar.com\/avatar\/365783e1f60d378ef793fb7c5bb3ef04?s=96&d=mm&r=g\",\"caption\":\"dietel\"},\"logo\":{\"@id\":\"https:\/\/www.barsch-alarm.de\/news\/#\/schema\/person\/image\/\"},\"sameAs\":[\"http:\/\/www.barsch-alarm.de\/member.php?5-dietel\"]},{\"@type\":\"Person\",\"@id\":\"https:\/\/www.barsch-alarm.de\/news\/#\/schema\/person\/0035b53612f773f8f9b51b71f93fb40a\",\"name\":\"mantagor\",\"image\":{\"@type\":\"ImageObject\",\"inLanguage\":\"de\",\"@id\":\"https:\/\/www.barsch-alarm.de\/news\/#\/schema\/person\/image\/\",\"url\":\"https:\/\/secure.gravatar.com\/avatar\/293af63bec2db35237b6ce10fc4c8969?s=96&d=mm&r=g\",\"contentUrl\":\"https:\/\/secure.gravatar.com\/avatar\/293af63bec2db35237b6ce10fc4c8969?s=96&d=mm&r=g\",\"caption\":\"mantagor\"},\"url\":\"https:\/\/www.barsch-alarm.de\/news\/author\/mantagor\/\"}]}<\/script>\n<!-- \/ Yoast SEO plugin. -->","yoast_head_json":{"title":"Zwei Tage auf dem Tegeler See | Barsch-Alarm","robots":{"index":"index","follow":"follow","max-snippet":"max-snippet:-1","max-image-preview":"max-image-preview:large","max-video-preview":"max-video-preview:-1"},"canonical":"https:\/\/www.barsch-alarm.de\/news\/zwei-tage-auf-dem-tegeler-see\/","twitter_misc":{"Verfasst von":"mantagor","Gesch\u00e4tzte Lesezeit":"3\u00a0Minuten"},"schema":{"@context":"https:\/\/schema.org","@graph":[{"@type":"Article","@id":"https:\/\/www.barsch-alarm.de\/news\/zwei-tage-auf-dem-tegeler-see\/#article","isPartOf":{"@id":"https:\/\/www.barsch-alarm.de\/news\/zwei-tage-auf-dem-tegeler-see\/"},"author":{"name":"mantagor","@id":"https:\/\/www.barsch-alarm.de\/news\/#\/schema\/person\/0035b53612f773f8f9b51b71f93fb40a"},"headline":"Zwei Tage auf dem Tegeler See","datePublished":"2016-05-20T06:53:52+00:00","dateModified":"2016-05-20T06:53:35+00:00","mainEntityOfPage":{"@id":"https:\/\/www.barsch-alarm.de\/news\/zwei-tage-auf-dem-tegeler-see\/"},"wordCount":677,"commentCount":3,"publisher":{"@id":"https:\/\/www.barsch-alarm.de\/news\/#\/schema\/person\/625ad6937f19daaa4355ae4dcce349f7"},"keywords":["Barsch","Hecht","Rapfen","Tegeler See"],"articleSection":["Fangberichte"],"inLanguage":"de","potentialAction":[{"@type":"CommentAction","name":"Comment","target":["https:\/\/www.barsch-alarm.de\/news\/zwei-tage-auf-dem-tegeler-see\/#respond"]}]},{"@type":"WebPage","@id":"https:\/\/www.barsch-alarm.de\/news\/zwei-tage-auf-dem-tegeler-see\/","url":"https:\/\/www.barsch-alarm.de\/news\/zwei-tage-auf-dem-tegeler-see\/","name":"Zwei Tage auf dem Tegeler See | Barsch-Alarm","isPartOf":{"@id":"https:\/\/www.barsch-alarm.de\/news\/#website"},"datePublished":"2016-05-20T06:53:52+00:00","dateModified":"2016-05-20T06:53:35+00:00","breadcrumb":{"@id":"https:\/\/www.barsch-alarm.de\/news\/zwei-tage-auf-dem-tegeler-see\/#breadcrumb"},"inLanguage":"de","potentialAction":[{"@type":"ReadAction","target":["https:\/\/www.barsch-alarm.de\/news\/zwei-tage-auf-dem-tegeler-see\/"]}]},{"@type":"BreadcrumbList","@id":"https:\/\/www.barsch-alarm.de\/news\/zwei-tage-auf-dem-tegeler-see\/#breadcrumb","itemListElement":[{"@type":"ListItem","position":1,"name":"Startseite","item":"https:\/\/www.barsch-alarm.de\/news\/"},{"@type":"ListItem","position":2,"name":"Zwei Tage auf dem Tegeler See"}]},{"@type":"WebSite","@id":"https:\/\/www.barsch-alarm.de\/news\/#website","url":"https:\/\/www.barsch-alarm.de\/news\/","name":"Barsch-Alarm","description":"das gr\u00f6\u00dfte Angelforum f\u00fcr Spinnangler","publisher":{"@id":"https:\/\/www.barsch-alarm.de\/news\/#\/schema\/person\/625ad6937f19daaa4355ae4dcce349f7"},"potentialAction":[{"@type":"SearchAction","target":{"@type":"EntryPoint","urlTemplate":"https:\/\/www.barsch-alarm.de\/news\/?s={search_term_string}"},"query-input":"required name=search_term_string"}],"inLanguage":"de"},{"@type":["Person","Organization"],"@id":"https:\/\/www.barsch-alarm.de\/news\/#\/schema\/person\/625ad6937f19daaa4355ae4dcce349f7","name":"dietel","image":{"@type":"ImageObject","inLanguage":"de","@id":"https:\/\/www.barsch-alarm.de\/news\/#\/schema\/person\/image\/","url":"https:\/\/secure.gravatar.com\/avatar\/365783e1f60d378ef793fb7c5bb3ef04?s=96&d=mm&r=g","contentUrl":"https:\/\/secure.gravatar.com\/avatar\/365783e1f60d378ef793fb7c5bb3ef04?s=96&d=mm&r=g","caption":"dietel"},"logo":{"@id":"https:\/\/www.barsch-alarm.de\/news\/#\/schema\/person\/image\/"},"sameAs":["http:\/\/www.barsch-alarm.de\/member.php?5-dietel"]},{"@type":"Person","@id":"https:\/\/www.barsch-alarm.de\/news\/#\/schema\/person\/0035b53612f773f8f9b51b71f93fb40a","name":"mantagor","image":{"@type":"ImageObject","inLanguage":"de","@id":"https:\/\/www.barsch-alarm.de\/news\/#\/schema\/person\/image\/","url":"https:\/\/secure.gravatar.com\/avatar\/293af63bec2db35237b6ce10fc4c8969?s=96&d=mm&r=g","contentUrl":"https:\/\/secure.gravatar.com\/avatar\/293af63bec2db35237b6ce10fc4c8969?s=96&d=mm&r=g","caption":"mantagor"},"url":"https:\/\/www.barsch-alarm.de\/news\/author\/mantagor\/"}]}},"_links":{"self":[{"href":"https:\/\/www.barsch-alarm.de\/news\/wp-json\/wp\/v2\/posts\/10974"}],"collection":[{"href":"https:\/\/www.barsch-alarm.de\/news\/wp-json\/wp\/v2\/posts"}],"about":[{"href":"https:\/\/www.barsch-alarm.de\/news\/wp-json\/wp\/v2\/types\/post"}],"author":[{"embeddable":true,"href":"https:\/\/www.barsch-alarm.de\/news\/wp-json\/wp\/v2\/users\/15201"}],"replies":[{"embeddable":true,"href":"https:\/\/www.barsch-alarm.de\/news\/wp-json\/wp\/v2\/comments?post=10974"}],"version-history":[{"count":4,"href":"https:\/\/www.barsch-alarm.de\/news\/wp-json\/wp\/v2\/posts\/10974\/revisions"}],"predecessor-version":[{"id":10987,"href":"https:\/\/www.barsch-alarm.de\/news\/wp-json\/wp\/v2\/posts\/10974\/revisions\/10987"}],"wp:featuredmedia":[{"embeddable":true,"href":"https:\/\/www.barsch-alarm.de\/news\/wp-json\/wp\/v2\/media\/10985"}],"wp:attachment":[{"href":"https:\/\/www.barsch-alarm.de\/news\/wp-json\/wp\/v2\/media?parent=10974"}],"wp:term":[{"taxonomy":"category","embeddable":true,"href":"https:\/\/www.barsch-alarm.de\/news\/wp-json\/wp\/v2\/categories?post=10974"},{"taxonomy":"post_tag","embeddable":true,"href":"https:\/\/www.barsch-alarm.de\/news\/wp-json\/wp\/v2\/tags?post=10974"}],"curies":[{"name":"wp","href":"https:\/\/api.w.org\/{rel}","templated":true}]}}